{"id":8814,"date":"2021-04-26T15:57:30","date_gmt":"2021-04-26T18:57:30","guid":{"rendered":"https:\/\/www.aldo.com.br\/blog\/?p=8814"},"modified":"2021-07-23T10:21:09","modified_gmt":"2021-07-23T13:21:09","slug":"ceo-da-aldo-entre-os-100-mais-influentes-do-setor-de-energia","status":"publish","type":"post","link":"https:\/\/www.aldo.com.br\/blog\/ceo-da-aldo-entre-os-100-mais-influentes-do-setor-de-energia","title":{"rendered":"CEO da Aldo entre os 100 mais influentes do setor de energia"},"content":{"rendered":"<p>O fundador da Aldo Solar, Aldo Pereira Teixeira, \u00e9 um dos vencedores entre <a href=\"https:\/\/eventosgm.grupomidia.com\/lideres-da-energia\/\" target=\"_blank\" rel=\"noopener sponsored nofollow\"><strong>os 100 Mais Influentes do setor de energia<\/strong><\/a> dessa d\u00e9cada. O reconhecimento veio do Grupo M\u00eddia, por meio do portal <strong><a href=\"https:\/\/fullenergy.grupomidia.com\/fundador-da-aldo-solar-e-eleito-um-dos-100-mais-influentes-de-energia-da-decada\/\" rel=\"nofollow noopener\" target=\"_blank\">Full Energy<\/a><\/strong>. O CEO da Aldo Solar iniciou sua trajet\u00f3ria profissional como <strong><a href=\"https:\/\/canalsolar.com.br\/aldo-teixeira-ser-empreendedor-no-brasil-vale-a-pena\/\" rel=\"nofollow noopener\" target=\"_blank\">vendedor ambulante<\/a><\/strong>. Depois de conquistar seu primeiro capital, fundou a \u201cAldo Componentes Eletr\u00f4nicos\u201d, que passou a atuar no segmento de <strong><a href=\"https:\/\/www.aldo.com.br\/categoria\/energia-solar\">energia solar<\/a><\/strong> em 2015.<\/p>\n<h4><strong><a href=\"https:\/\/eventosgm.grupomidia.com\/lideres-da-energia\/\" target=\"_blank\" rel=\"noopener sponsored nofollow\">&gt; 100 mais influentes do setor de energia<\/a><\/strong><\/h4>\n<div id=\"attachment_10086\" style=\"width: 1034px\" class=\"wp-caption alignnone\"><img fetchpriority=\"high\" decoding=\"async\" aria-describedby=\"caption-attachment-10086\" class=\"wp-image-10086 size-large\" src=\"https:\/\/www.aldo.com.br\/blog\/wp-content\/uploads\/2021\/04\/Trofeu-100-mais-influentes-1024x1024.jpg\" alt=\"100 mais influentes do setor de energia\" width=\"1024\" height=\"1024\" title=\"\" srcset=\"https:\/\/www.aldo.com.br\/blog\/wp-content\/uploads\/2021\/04\/Trofeu-100-mais-influentes-1024x1024.jpg 1024w, https:\/\/www.aldo.com.br\/blog\/wp-content\/uploads\/2021\/04\/Trofeu-100-mais-influentes-300x300.jpg 300w, https:\/\/www.aldo.com.br\/blog\/wp-content\/uploads\/2021\/04\/Trofeu-100-mais-influentes-150x150.jpg 150w, https:\/\/www.aldo.com.br\/blog\/wp-content\/uploads\/2021\/04\/Trofeu-100-mais-influentes-768x768.jpg 768w, https:\/\/www.aldo.com.br\/blog\/wp-content\/uploads\/2021\/04\/Trofeu-100-mais-influentes-585x585.jpg 585w, https:\/\/www.aldo.com.br\/blog\/wp-content\/uploads\/2021\/04\/Trofeu-100-mais-influentes-80x80.jpg 80w, https:\/\/www.aldo.com.br\/blog\/wp-content\/uploads\/2021\/04\/Trofeu-100-mais-influentes.jpg 1080w\" sizes=\"(max-width: 1024px) 100vw, 1024px\" \/><p id=\"caption-attachment-10086\" class=\"wp-caption-text\">Aldo Teixeira, fundador e presidente da Aldo Solar, com o trof\u00e9u dos 100 mais influentes do setor de energia<\/p><\/div>\n<p>Em um pa\u00eds vasto como o Brasil, a tarefa de homenagear os 100 mais influentes profissionais de um \u00fanico segmento parece desafiadora. E isso se torna ainda mais audacioso quando realizado durante uma pandemia.<\/p>\n<p>No dia\u00a030\/6, aconteceu a cerim\u00f4nia de premia\u00e7\u00e3o dos \u201c<strong>100 Mais Influentes da Energia na D\u00e9cada<\/strong>\u201d. Organizado pelo <a href=\"https:\/\/eventosgm.grupomidia.com\/cem-mais-influentes-energia\/\" target=\"_blank\" rel=\"nofollow noopener\">Grupo M\u00eddia<\/a>, a solenidade hist\u00f3rica do pr\u00eamio reuniu, no Centro de Conven\u00e7\u00f5es Rebou\u00e7as, em S\u00e3o Paulo, as personalidades que mais se destacaram por suas atua\u00e7\u00f5es no setor nos \u00faltimos dez anos.<\/p>\n<p>O fundador e CEO da Aldo Solar, Aldo Teixeira, participou do evento de forma remota e se juntou aos demais homenageados que fazem parte da elite da matriz energ\u00e9tica brasileira. O trof\u00e9u concedido ao executivo e que ilustra este post foi recebido na sede da Aldo e foi bastante comemorado por centenas de colaboradores da empresa, que tamb\u00e9m fazem parte dessa revolu\u00e7\u00e3o.<\/p>\n<h4><strong>Conquista \u00e9 motivo de orgulho<\/strong><\/h4>\n<p>\u201cSem d\u00favida, o reconhecimento como um dos <strong>100 mais influentes do setor de energia<\/strong> \u00e9 uma grande responsabilidade e ao mesmo tempo motivo de grande orgulho. Orgulho de termos apostado em um setor que cresce exponencialmente e que est\u00e1 sendo um dos principais catalisadores da retomada da economia. E esse feito \u00e9 de toda a comunidade de revendas e instaladores que nos prestigia. Pertence tamb\u00e9m aos consumidores que acreditam na sustentabilidade e na possibilidade de gerar sua pr\u00f3pria energia\u201d, afirma Aldo.<\/p>\n<h4><strong>Outros pr\u00eamios conquistados<\/strong><\/h4>\n<p>Com o crescimento do setor Brasil, a Aldo Solar est\u00e1 prestes a <strong><a href=\"https:\/\/www.aldo.com.br\/blog\/aldo-chega-aos-40-anos-no-mercado-de-distribuicao\/\">comemorar 40 anos<\/a><\/strong> reconhecida como distribuidora dos maiores fabricantes do segmento fotovoltaico. \u00c9 tamb\u00e9m um dos maiores distribuidores mundiais (fora da China) da\u00a0<a href=\"https:\/\/www.aldo.com.br\/marcas\/growatt\"><strong>Growatt<\/strong><\/a>,\u00a0<a href=\"https:\/\/www.aldo.com.br\/blog\/conheca-o-inovador-painel-tiger-pro-mono-facial-440w\/\"><strong>Jinko Solar<\/strong><\/a>,\u00a0<a href=\"https:\/\/www.aldo.com.br\/marcas\/trina-solar\"><strong>Trina<\/strong><\/a>,\u00a0<a href=\"https:\/\/www.aldo.com.br\/marcas\/byd\"><strong>BYD<\/strong><\/a>, entre outras grandes marcas do mercado.<\/p>\n<p>Al\u00e9m disso, a Aldo tem conquistado os lugares mais altos do p\u00f3dio em diversas premia\u00e7\u00f5es que reconhecem o pioneirismo e a seriedade de seus neg\u00f3cios:<\/p>\n<ul>\n<li><strong><a href=\"https:\/\/www.aldo.com.br\/blog\/aldo-e-a-maior-empresa-do-brasil-no-setor-comercio-atacadista-e-exterior\/\">VALOR ECON\u00d4MICO 2020: Melhor Empresa Atacadista e a 502\u00aa maior empresa do Brasil.<\/a><\/strong><\/li>\n<\/ul>\n<ul>\n<li><a href=\"https:\/\/exame.com\/negocios\/digital-e-renovado-melhores-e-maiores-2020-anuncia-as-empresas-campeas\/\" rel=\"nofollow noopener\" target=\"_blank\">Melhor Empresa Eletroeletr\u00f4nico<\/a>e ficou em 1\u00ba na coloca\u00e7\u00e3o (entre as 1.000 Maiores e Melhores) em Liquidez e gera\u00e7\u00e3o de renda por empregado.<\/li>\n<\/ul>\n<ul>\n<li><a href=\"https:\/\/www.aldo.com.br\/blog\/maringa-tem-13-empresas-no-ranking-das-500-maiores-do-sul-da-revista-amanha\/\"><strong>REVISTA AMANH\u00c3<\/strong>: A 109\u00aa Maior empresa do Sul do Brasil e a 3\u00aa maior empresa de Maring\u00e1<\/a>. Al\u00e9m disso, a Aldo \u00e9 um dos maiores distribuidores mundiais (fora da China) da\u00a0<strong><a href=\"https:\/\/www.aldo.com.br\/marcas\/growatt\">Growatt<\/a><\/strong>,\u00a0<strong><a href=\"https:\/\/www.aldo.com.br\/blog\/conheca-o-inovador-painel-tiger-pro-mono-facial-440w\/\">Jinko Solar<\/a><\/strong>,\u00a0<a href=\"https:\/\/www.aldo.com.br\/loja\/marcas\/trina-solar\">Trina<\/a>,\u00a0<a href=\"https:\/\/www.aldo.com.br\/marcas\/byd\">BYD<\/a>, entre outras grandes marcas.<\/li>\n<\/ul>\n<h4><strong>Reconhecimento do maior portal do mercado fotovoltaico mundial<\/strong><\/h4>\n<p>Al\u00e9m da classifica\u00e7\u00e3o do CEO da Aldo Solar entre os <strong>100 Mais Influentes do setor de energia, <\/strong>outros reconhecimentos marcam a trajet\u00f3ria da empresa. Por isso, a Aldo foi retratada como a maior distribuidora de produtos fotovoltaicos e integradora de sistemas do Brasil pela <strong><a href=\"https:\/\/www.pv-magazine.com\/\" rel=\"nofollow noopener\" target=\"_blank\">PV Magazine<\/a><\/strong>. Assim, o conte\u00fado da publica\u00e7\u00e3o refor\u00e7a a vis\u00e3o da Aldo sobre o excelente momento do <a href=\"https:\/\/www.aldo.com.br\/blog\/energia-solar-tem-mudado-vidas\/\" rel=\"nofollow\"><strong>mercado fotovoltaico no Brasil<\/strong><\/a>. Acrescenta tamb\u00e9m algumas previs\u00f5es, como o incremento de pelo menos 9 GW de energia solar em GD nos pr\u00f3ximos dois anos. Dessa forma, a expectativa \u00e9 de que sejam adicionados 4 GW ainda em 2021 e outros 5 GW em 2022.<\/p>\n<h4><strong>Setor em crescimento<\/strong><\/h4>\n<p>De acordo com Aldo Teixeira, \u201csabemos que estamos distribuindo n\u00e3o apenas equipamentos, mas a <a href=\"https:\/\/www.aldo.com.br\/categoria\/energia-solar\/gerador-de-energia-solar-fotovoltaico\" target=\"_blank\" rel=\"noopener sponsored\"><strong>possibilidade de cada brasileiro produzir e utilizar uma energia mais limpa e barata<\/strong><\/a>. E, assim, contribuir n\u00e3o s\u00f3 com o\u00a0<a href=\"https:\/\/www.aldo.com.br\/blog\/energia-fotovoltaica-em-2021-expectativas-desafios-e-oportunidades\/\"><strong>desenvolvimento do setor<\/strong><\/a>, mas com a constru\u00e7\u00e3o de um pa\u00eds melhor\u201d.<\/p>\n<p>Acreditar e investir no <strong><a href=\"https:\/\/www.aldo.com.br\/categoria\/energia-solar\/gerador-de-energia-solar-fotovoltaico\/off-grid\">setor fotovoltaico<\/a><\/strong> \u00e9, hoje, n\u00e3o apenas uma quest\u00e3o de sustentabilidade, mas, de oportunidade de neg\u00f3cio. Essa decis\u00e3o est\u00e1 relacionada tamb\u00e9m \u00e0 escolha do melhor <a href=\"https:\/\/www.aldo.com.br\/portais\/distribuidor-energia-solar\/\" target=\"_blank\" rel=\"noopener\">distribuidor de energia solar<\/a>. E isso a Aldo sabe como fazer, n\u00e3o \u00e9 \u00e0 toa que se tornou uma das mais influentes do setor de energia.<\/p>\n<p>Por fim. fique de olho no futuro do consumo de energia solar no Brasil e no mundo. Acompanhe de perto pelo <strong><a href=\"https:\/\/www.aldo.com.br\/blog\/o-mercado-fotovoltaico-no-brasil\/\">nosso blog<\/a><\/strong>, conferindo as tend\u00eancias!<\/p>\n<p><a href=\"https:\/\/www.aldo.com.br\/cadastro\"><img decoding=\"async\" class=\"alignright size-full wp-image-3570\" src=\"https:\/\/www.aldo.com.br\/blog\/wp-content\/uploads\/2019\/02\/medidor-bidirecional-cadastro-aldo.jpg\" alt=\"seja um revendedor Aldo Solar\" width=\"650\" height=\"240\" title=\"\" srcset=\"https:\/\/www.aldo.com.br\/blog\/wp-content\/uploads\/2019\/02\/medidor-bidirecional-cadastro-aldo.jpg 650w, https:\/\/www.aldo.com.br\/blog\/wp-content\/uploads\/2019\/02\/medidor-bidirecional-cadastro-aldo-300x111.jpg 300w\" sizes=\"(max-width: 650px) 100vw, 650px\" \/><\/a><\/p>\n","protected":false},"excerpt":{"rendered":"<p>Veja porque o Grupo M\u00eddia, por meio do portal Full Energy, classificou Aldo Pereira Teixeira, fundador e CEO da Aldo Solar, como um dos 100 mais influentes do setor de energia da d\u00e9cada.<\/p>\n","protected":false},"author":4,"featured_media":8815,"comment_status":"open","ping_status":"open","sticky":false,"template":"","format":"standard","meta":{"_glsr_average":0,"_glsr_ranking":0,"_glsr_reviews":0,"footnotes":""},"categories":[31,42],"tags":[1148,37,1146,1147,136,1145,1149],"class_list":["post-8814","post","type-post","status-publish","format-standard","has-post-thumbnail","hentry","category-energia-solar","category-noticias","tag-100-mais-influentes","tag-energia-solar","tag-full-energy","tag-grupo-midia","tag-premios","tag-reconhecimento","tag-setor-de-energia"],"_links":{"self":[{"href":"https:\/\/www.aldo.com.br\/blog\/wp-json\/wp\/v2\/posts\/8814","targetHints":{"allow":["GET"]}}],"collection":[{"href":"https:\/\/www.aldo.com.br\/blog\/wp-json\/wp\/v2\/posts"}],"about":[{"href":"https:\/\/www.aldo.com.br\/blog\/wp-json\/wp\/v2\/types\/post"}],"author":[{"embeddable":true,"href":"https:\/\/www.aldo.com.br\/blog\/wp-json\/wp\/v2\/users\/4"}],"replies":[{"embeddable":true,"href":"https:\/\/www.aldo.com.br\/blog\/wp-json\/wp\/v2\/comments?post=8814"}],"version-history":[{"count":7,"href":"https:\/\/www.aldo.com.br\/blog\/wp-json\/wp\/v2\/posts\/8814\/revisions"}],"predecessor-version":[{"id":10109,"href":"https:\/\/www.aldo.com.br\/blog\/wp-json\/wp\/v2\/posts\/8814\/revisions\/10109"}],"wp:featuredmedia":[{"embeddable":true,"href":"https:\/\/www.aldo.com.br\/blog\/wp-json\/wp\/v2\/media\/8815"}],"wp:attachment":[{"href":"https:\/\/www.aldo.com.br\/blog\/wp-json\/wp\/v2\/media?parent=8814"}],"wp:term":[{"taxonomy":"category","embeddable":true,"href":"https:\/\/www.aldo.com.br\/blog\/wp-json\/wp\/v2\/categories?post=8814"},{"taxonomy":"post_tag","embeddable":true,"href":"https:\/\/www.aldo.com.br\/blog\/wp-json\/wp\/v2\/tags?post=8814"}],"curies":[{"name":"wp","href":"https:\/\/api.w.org\/{rel}","templated":true}]}}