{"id":8099,"date":"2021-02-22T08:23:12","date_gmt":"2021-02-22T11:23:12","guid":{"rendered":"https:\/\/www.aldo.com.br\/blog\/?p=8099"},"modified":"2021-08-02T13:20:04","modified_gmt":"2021-08-02T16:20:04","slug":"aldo-chega-aos-40-anos-no-mercado-de-distribuicao","status":"publish","type":"post","link":"https:\/\/www.aldo.com.br\/blog\/aldo-chega-aos-40-anos-no-mercado-de-distribuicao","title":{"rendered":"Aldo chega aos 40 anos no mercado de distribui\u00e7\u00e3o"},"content":{"rendered":"<p>Atingir a maturidade com alma jovem e corpo forte n\u00e3o \u00e9 para qualquer um. Exige dedica\u00e7\u00e3o, esfor\u00e7o e muito trabalho durante toda a exist\u00eancia. Assim, com este pensamento a Aldo chega aos 40 anos.<\/p>\n<p><img fetchpriority=\"high\" decoding=\"async\" class=\"alignright wp-image-8100 size-medium\" src=\"https:\/\/www.aldo.com.br\/blog\/wp-content\/uploads\/2021\/02\/Fachada-Aldo-Solar--300x172.jpg\" alt=\"Nova sede da Aldo\" width=\"300\" height=\"172\" title=\"\" srcset=\"https:\/\/www.aldo.com.br\/blog\/wp-content\/uploads\/2021\/02\/Fachada-Aldo-Solar--300x172.jpg 300w, https:\/\/www.aldo.com.br\/blog\/wp-content\/uploads\/2021\/02\/Fachada-Aldo-Solar--1024x587.jpg 1024w, https:\/\/www.aldo.com.br\/blog\/wp-content\/uploads\/2021\/02\/Fachada-Aldo-Solar--768x440.jpg 768w, https:\/\/www.aldo.com.br\/blog\/wp-content\/uploads\/2021\/02\/Fachada-Aldo-Solar--1536x881.jpg 1536w, https:\/\/www.aldo.com.br\/blog\/wp-content\/uploads\/2021\/02\/Fachada-Aldo-Solar--1170x671.jpg 1170w, https:\/\/www.aldo.com.br\/blog\/wp-content\/uploads\/2021\/02\/Fachada-Aldo-Solar--585x335.jpg 585w, https:\/\/www.aldo.com.br\/blog\/wp-content\/uploads\/2021\/02\/Fachada-Aldo-Solar-.jpg 1570w\" sizes=\"(max-width: 300px) 100vw, 300px\" \/>Quem hoje v\u00ea <strong><em>A<\/em><\/strong> Aldo instalada em uma moderna sede em Maring\u00e1, quase n\u00e3o se lembra que tudo come\u00e7ou com <strong><em>O<\/em><\/strong> Aldo. Hoje sua infraestrutura chega a 23.000m2 e 16.000m\u00b2 de \u00e1rea constru\u00edda com investimento total de R$ 50 milh\u00f5es e empregando 150 colaboradores.<\/p>\n<p>Al\u00e9m disso, \u00e9 considerada a empresa que mais cresce no Brasil quando o assunto \u00e9 equipamentos para aproveitamento da <strong><a href=\"https:\/\/www.aldo.com.br\/categoria\/energia-solar\" target=\"_blank\" rel=\"noopener\">energia solar<\/a><\/strong>.<\/p>\n<h4><strong>Empreendedorismo do Aldo come\u00e7ou antes de existir a palavra empreendedorismo<\/strong><\/h4>\n<p><img decoding=\"async\" class=\"alignleft wp-image-8103 size-medium\" src=\"https:\/\/www.aldo.com.br\/blog\/wp-content\/uploads\/2021\/02\/Aldo-preto-e-branco-2-206x300.jpg\" alt=\"Aldo: como tydo come\u00e7ou\" width=\"206\" height=\"300\" title=\"\" srcset=\"https:\/\/www.aldo.com.br\/blog\/wp-content\/uploads\/2021\/02\/Aldo-preto-e-branco-2-206x300.jpg 206w, https:\/\/www.aldo.com.br\/blog\/wp-content\/uploads\/2021\/02\/Aldo-preto-e-branco-2-705x1024.jpg 705w, https:\/\/www.aldo.com.br\/blog\/wp-content\/uploads\/2021\/02\/Aldo-preto-e-branco-2-768x1116.jpg 768w, https:\/\/www.aldo.com.br\/blog\/wp-content\/uploads\/2021\/02\/Aldo-preto-e-branco-2-585x850.jpg 585w, https:\/\/www.aldo.com.br\/blog\/wp-content\/uploads\/2021\/02\/Aldo-preto-e-branco-2.jpg 861w\" sizes=\"(max-width: 206px) 100vw, 206px\" \/><\/p>\n<p>&nbsp;<\/p>\n<p>Inicialmente, ainda em 1982, quando ningu\u00e9m falava sobre empreendedorismo, Aldo Pereira Teixeira sa\u00eda de Maring\u00e1 em uma Kombi. Ele viajava pelo Estado levando pe\u00e7as para reposi\u00e7\u00e3o no conserto de r\u00e1dios e televisores \u00e0s revendas e oficinas do Paran\u00e1.<\/p>\n<p>&nbsp;<\/p>\n<p>&nbsp;<\/p>\n<p>&nbsp;<\/p>\n<p><img decoding=\"async\" class=\"alignright wp-image-8101 size-medium\" src=\"https:\/\/www.aldo.com.br\/blog\/wp-content\/uploads\/2021\/02\/01-300x205.jpg\" alt=\"Primeira sede da Aldo e a famosa Kombi\" width=\"300\" height=\"205\" title=\"\" srcset=\"https:\/\/www.aldo.com.br\/blog\/wp-content\/uploads\/2021\/02\/01-300x205.jpg 300w, https:\/\/www.aldo.com.br\/blog\/wp-content\/uploads\/2021\/02\/01-768x524.jpg 768w, https:\/\/www.aldo.com.br\/blog\/wp-content\/uploads\/2021\/02\/01-585x399.jpg 585w, https:\/\/www.aldo.com.br\/blog\/wp-content\/uploads\/2021\/02\/01.jpg 1024w\" sizes=\"(max-width: 300px) 100vw, 300px\" \/><\/p>\n<p>&nbsp;<\/p>\n<p>&nbsp;<\/p>\n<p>Dessa forma, a primeira sede da Aldo Componentes Eletr\u00f4nicos veio em 1987. A partir da\u00ed come\u00e7ou a se posicionar no mercado como uma empresa de distribui\u00e7\u00e3o, exibindo e cultuando uma pol\u00edtica forte e diferenciada.<\/p>\n<h4><strong>Trazer o futuro para perto<\/strong><\/h4>\n<p><img loading=\"lazy\" decoding=\"async\" class=\"alignleft wp-image-8104 size-medium\" src=\"https:\/\/www.aldo.com.br\/blog\/wp-content\/uploads\/2021\/02\/23-300x198.jpg\" alt=\"Aldo em seu escrit\u00f3rio\" width=\"300\" height=\"198\" title=\"\" srcset=\"https:\/\/www.aldo.com.br\/blog\/wp-content\/uploads\/2021\/02\/23-300x198.jpg 300w, https:\/\/www.aldo.com.br\/blog\/wp-content\/uploads\/2021\/02\/23-768x507.jpg 768w, https:\/\/www.aldo.com.br\/blog\/wp-content\/uploads\/2021\/02\/23-780x516.jpg 780w, https:\/\/www.aldo.com.br\/blog\/wp-content\/uploads\/2021\/02\/23-585x386.jpg 585w, https:\/\/www.aldo.com.br\/blog\/wp-content\/uploads\/2021\/02\/23-263x175.jpg 263w, https:\/\/www.aldo.com.br\/blog\/wp-content\/uploads\/2021\/02\/23.jpg 1024w\" sizes=\"(max-width: 300px) 100vw, 300px\" \/><\/p>\n<p>Foi quando o Aldo descobriu que a Kombi n\u00e3o tinha marcha a r\u00e9. Por isso, 10 anos depois, em 1997, lan\u00e7ou o pr\u00f3prio site dando in\u00edcio \u00e0s vendas por e-commerce. Com a virada do mil\u00eanio vinha a promessa de um <strong>bug,<\/strong> mas o Aldo sabia que o repelente correto era trabalho e dedica\u00e7\u00e3o. Ent\u00e3o, em 2001 a Aldo se tornou parceira e distribuidora autorizada de grandes marcas como Samsung, Intel, HP e Microsoft.<\/p>\n<p>&nbsp;<\/p>\n<p>At\u00e9 o vocabul\u00e1rio j\u00e1 estava ficando diferente. E a empresa passou a ser reconhecida como um dos grandes <strong>players<\/strong> no segmento de distribui\u00e7\u00e3o de produtos de TI. Al\u00e9m disso, passou a montar e at\u00e9 a fabricar computadores e outros produtos de inform\u00e1tica. Coisa de <strong>crazy people embarcada na cultura e nos objetivos da Kombi da Aldo<\/strong><u>.<\/u><\/p>\n<h4><strong>Sob o sol da energia positiva<\/strong><\/h4>\n<p><img loading=\"lazy\" decoding=\"async\" class=\"alignright wp-image-8105 size-medium\" src=\"https:\/\/www.aldo.com.br\/blog\/wp-content\/uploads\/2021\/02\/antiga-300x240.jpg\" alt=\"Antiga sede da Aldo\" width=\"300\" height=\"240\" title=\"\" srcset=\"https:\/\/www.aldo.com.br\/blog\/wp-content\/uploads\/2021\/02\/antiga-300x240.jpg 300w, https:\/\/www.aldo.com.br\/blog\/wp-content\/uploads\/2021\/02\/antiga-1024x819.jpg 1024w, https:\/\/www.aldo.com.br\/blog\/wp-content\/uploads\/2021\/02\/antiga-768x614.jpg 768w, https:\/\/www.aldo.com.br\/blog\/wp-content\/uploads\/2021\/02\/antiga-1170x936.jpg 1170w, https:\/\/www.aldo.com.br\/blog\/wp-content\/uploads\/2021\/02\/antiga-585x468.jpg 585w, https:\/\/www.aldo.com.br\/blog\/wp-content\/uploads\/2021\/02\/antiga.jpg 1280w\" sizes=\"(max-width: 300px) 100vw, 300px\" \/><\/p>\n<p>No final de 2015, a <strong>energia solar entrou definitivamente no GPS da Aldo<\/strong>. A empresa passou a distribuir equipamentos voltados \u00e0 gera\u00e7\u00e3o de energia solar. Com o crescimento do setor no Brasil, a <strong>Aldo chega aos 40 anos<\/strong> como a distribuidora preferida dos maiores fabricantes do segmento fotovoltaico. E, tamb\u00e9m, da ind\u00fastria para montagem de <strong><a href=\"https:\/\/www.aldo.com.br\/categoria\/energia-solar\/gerador-de-energia-solar-fotovoltaico\/off-grid\" target=\"_blank\" rel=\"noopener\">geradores de energia solar<\/a><\/strong>.<\/p>\n<p>A partir do in\u00edcio da opera\u00e7\u00e3o voltada \u00e0s solu\u00e7\u00f5es de energia solar, a <strong>Aldo chega aos 40 anos<\/strong> como a empresa que mais cresce no segmento. A prova disso \u00e9 que quase um ter\u00e7o de todos os sistemas fotovoltaicos instalados no pa\u00eds foram comercializados pela Aldo.<\/p>\n<h4>Grandes parceiros<\/h4>\n<p>Assim, com o crescimento do setor Brasil, a Aldo chega aos 40 anos reconhecida como distribuidora dos maiores fabricantes do segmento fotovoltaico. Tamb\u00e9m \u00e9 dos maiores distribuidores mundiais (fora da China) da\u00a0<a href=\"https:\/\/www.aldo.com.br\/marcas\/growatt\" target=\"_blank\" rel=\"noopener\"><strong>Growatt<\/strong><\/a>,\u00a0<a href=\"https:\/\/www.aldo.com.br\/blog\/conheca-o-inovador-painel-tiger-pro-mono-facial-440w\/\" target=\"_blank\" rel=\"noopener\"><strong>Jinko Solar<\/strong><\/a>,\u00a0<a href=\"https:\/\/www.aldo.com.br\/marcas\/trina-solar\" target=\"_blank\" rel=\"noopener\"><strong>Trina<\/strong><\/a>,\u00a0<a href=\"https:\/\/www.aldo.com.br\/marcas\/byd\" target=\"_blank\" rel=\"noopener\"><strong>BYD<\/strong><\/a>, entre outras grandes marcas do mercado.<\/p>\n<p>Al\u00e9m disso, a Aldo tem conquistado os lugares mais altos do p\u00f3dio em diversas premia\u00e7\u00f5es que reconhecem o pioneirismo e a seriedade de seus neg\u00f3cios:<\/p>\n<ul>\n<li><strong><a href=\"https:\/\/www.aldo.com.br\/blog\/aldo-e-a-maior-empresa-do-brasil-no-setor-comercio-atacadista-e-exterior\/\" target=\"_blank\" rel=\"noopener\">VALOR ECON\u00d4MICO 2020: \u00a0Melhor Empresa Atacadista e a 502\u00aa maior empresa do Brasil.<\/a><\/strong><\/li>\n<li><strong><a href=\"https:\/\/www.aldo.com.br\/blog\/aldo-e-a-melhor-empresa-do-setor-de-eletroeletronicos-do-brasil\/\" target=\"_blank\" rel=\"noopener\">EXAME 2020: Melhor Empresa Eletroeletr\u00f4nico e ficou em 1\u00ba na coloca\u00e7\u00e3o (entre as 1.000 Maiores e Melhores) em Liquidez e gera\u00e7\u00e3o de renda por empregado.<\/a><\/strong><\/li>\n<li><strong>REVISTA AMANH\u00c3<\/strong>: <strong><a href=\"https:\/\/www.aldo.com.br\/blog\/maringa-tem-13-empresas-no-ranking-das-500-maiores-do-sul-da-revista-amanha\/\" target=\"_blank\" rel=\"noopener\">A 109\u00aa Maior empresa do Sul do Brasil e a 3\u00aa maior empresa de Maring\u00e1.<\/a><\/strong><\/li>\n<\/ul>\n<h4><strong>Sustentabilidade positiva <\/strong><\/h4>\n<p><img loading=\"lazy\" decoding=\"async\" class=\"alignleft wp-image-8106 size-medium\" src=\"https:\/\/www.aldo.com.br\/blog\/wp-content\/uploads\/2021\/02\/blog_aldo_garagem_solar_BMW-i3-Rex.JPG-300x172.jpg\" alt=\"Garagem para abastecimento de carros el\u00e9tricos - Sede da Aldo\" width=\"300\" height=\"172\" title=\"\" srcset=\"https:\/\/www.aldo.com.br\/blog\/wp-content\/uploads\/2021\/02\/blog_aldo_garagem_solar_BMW-i3-Rex.JPG-300x172.jpg 300w, https:\/\/www.aldo.com.br\/blog\/wp-content\/uploads\/2021\/02\/blog_aldo_garagem_solar_BMW-i3-Rex.JPG-1024x587.jpg 1024w, https:\/\/www.aldo.com.br\/blog\/wp-content\/uploads\/2021\/02\/blog_aldo_garagem_solar_BMW-i3-Rex.JPG-768x440.jpg 768w, https:\/\/www.aldo.com.br\/blog\/wp-content\/uploads\/2021\/02\/blog_aldo_garagem_solar_BMW-i3-Rex.JPG-1536x881.jpg 1536w, https:\/\/www.aldo.com.br\/blog\/wp-content\/uploads\/2021\/02\/blog_aldo_garagem_solar_BMW-i3-Rex.JPG-1170x671.jpg 1170w, https:\/\/www.aldo.com.br\/blog\/wp-content\/uploads\/2021\/02\/blog_aldo_garagem_solar_BMW-i3-Rex.JPG-585x335.jpg 585w, https:\/\/www.aldo.com.br\/blog\/wp-content\/uploads\/2021\/02\/blog_aldo_garagem_solar_BMW-i3-Rex.JPG.jpg 1570w\" sizes=\"(max-width: 300px) 100vw, 300px\" \/>A <strong>Aldo acredita na energia positiva que o sol emana<\/strong>. E uma das maneiras de espalhar essa energia positiva foi criar, ainda em sua sede, <strong><a href=\"https:\/\/www.aldo.com.br\/blog\/aldo-tem-posto-de-abastecimento-de-carros-eletricos-movidos-a-energia-solar\/\" target=\"_blank\" rel=\"noopener\">a primeira garagem p\u00fablica do sul do pa\u00eds<\/a><\/strong>. O intuito \u00e9 abastecer carros el\u00e9tricos e h\u00edbridos, totalmente alimentada por energia solar e com capacidade para abastecer tr\u00eas ve\u00edculos, de forma totalmente gratuita.<\/p>\n<p>Por isso, a Aldo carrega em seus valores uma intensa preocupa\u00e7\u00e3o com as quest\u00f5es que afetam o meio ambiente. Assim, mant\u00e9m a\u00e7\u00f5es concretas voltadas \u00e0 sustentabilidade, com total respeito \u00e0s legisla\u00e7\u00f5es ambientais. Dessa forma, garante uma postura de empresa inovadora e consciente, afinal <strong>buscar a <a href=\"https:\/\/www.aldo.com.br\/blog\/o-mundo-pode-ser-mais-limpo-e-sustentavel-pos-covid-19\/\" target=\"_blank\" rel=\"noopener\">sustentabilidade<\/a> \u00e9 garantir o futuro<\/strong>.<\/p>\n<h4><strong>Aldo Crazy Recicla<\/strong><\/h4>\n<p>Por meio do programa <strong><a href=\"https:\/\/www.aldo.com.br\/portais\/aldo-crazy-recicla\/\" target=\"_blank\" rel=\"noopener\">Aldo Crazy Recicla<\/a><\/strong>, a empresa j\u00e1 reciclou mais de 62 toneladas de equipamentos eletr\u00f4nicos desde 2013. Al\u00e9m disso, tamb\u00e9m j\u00e1 est\u00e1 preparada para receber <strong><a href=\"https:\/\/www.aldo.com.br\/blog\/reciclagem-de-paineis-solares-ja-e-realidade-na-aldo\/\" target=\"_blank\" rel=\"noopener\">equipamentos para gera\u00e7\u00e3o de energia solar quebrados ou danificados para descarte respons\u00e1vel<\/a><\/strong>.<\/p>\n<h4><strong>Aldo chega aos 40 anos <\/strong><\/h4>\n<p>A Aldo chega aos 40 anos em 2022 sentindo que conseguiu unir a vitalidade de uma crian\u00e7a e a sabedoria de um adulto. Dessa forma, ainda neste ano, a empresa planeja crescer 100% em rela\u00e7\u00e3o ao ano anterior e faturar mais de R$ 3 bilh\u00f5es. Al\u00e9m disso, pretende atingir 2,4 GW de pot\u00eancia instalada, enquanto a previs\u00e3o de mercado \u00e9 de 8G W, segundo dados da <strong><a href=\"http:\/\/www.absolar.org.br\/quem-somos.html\" target=\"_blank\" rel=\"noopener nofollow\">ABSOLAR<\/a><\/strong>.<\/p>\n<p>Ainda h\u00e1 muito pela frente, mas n\u00e3o h\u00e1 como n\u00e3o se orgulhar de tudo o que fizemos. Este orgulho nos leva a ter <strong>devo\u00e7\u00e3o pelo que fazemos todos os dias<\/strong> e \u00e0 certeza que ainda h\u00e1 muito a ser feito.<\/p>\n<p>Assim, nossa devo\u00e7\u00e3o tamb\u00e9m \u00e9 estendida a nossos colaboradores, com a distribui\u00e7\u00e3o de mais de 6% de PLR (Participa\u00e7\u00e3o nos Lucros e Resultados) com todos eles.<\/p>\n<h4><strong>Com a palavra o \u201cAldo da Kombi\u201d<\/strong><\/h4>\n<p><img loading=\"lazy\" decoding=\"async\" class=\"alignleft wp-image-8107 size-medium\" src=\"https:\/\/www.aldo.com.br\/blog\/wp-content\/uploads\/2021\/02\/Foto-Aldo-Pequena-292x300.png\" alt=\"Aldo Pereira teixeira, fundador e presidente da Aldo\" width=\"292\" height=\"300\" title=\"\" srcset=\"https:\/\/www.aldo.com.br\/blog\/wp-content\/uploads\/2021\/02\/Foto-Aldo-Pequena-292x300.png 292w, https:\/\/www.aldo.com.br\/blog\/wp-content\/uploads\/2021\/02\/Foto-Aldo-Pequena.png 503w\" sizes=\"(max-width: 292px) 100vw, 292px\" \/>Aldo Pereira Teixeira \u00e9 fundador e presidente d<strong>A<\/strong> Aldo Solar. <strong>O<\/strong> Aldo da Kombi, revela que \u201cnossa maior energia \u00e9 apoiar o sucesso dos mais de 13.000 revendedores de todo Brasil durante todo este ano. Al\u00e9m disso, agrade\u00e7o imensamente a minha fam\u00edlia pelo comprometimento e companhia di\u00e1ria nesses 40 anos\u201d.<\/p>\n<p>\u201cSe eu falar que n\u00e3o senti esses 40 anos vou mentir. Mas foram tantas realiza\u00e7\u00f5es! Eu hoje durmo t\u00e3o tranquilo sabendo que honro compromissos com clientes, fornecedores e funcion\u00e1rios. Foi tanto crescimento que acredito que essas quatro d\u00e9cadas foram de preparo para tudo que ainda temos a crescer. Que venham os pr\u00f3ximos 40 anos!\u201d<\/p>\n<p>&nbsp;<\/p>\n<p>Confira abaixo nosso v\u00eddeo que d\u00e1 in\u00edcio \u00e0s celebra\u00e7\u00f5es de 40 anos da Aldo!<\/p>\n<p><iframe title=\"Aldo 40 anos, inova\u00e7\u00e3o \u00e9 a nossa energia. Vamos comemorar juntos com muita alegria e bons neg\u00f3cios!\" width=\"1170\" height=\"658\" src=\"https:\/\/www.youtube.com\/embed\/ppy_KC6mjgk?feature=oembed\" frameborder=\"0\" allow=\"accelerometer; autoplay; clipboard-write; encrypted-media; gyroscope; picture-in-picture\" allowfullscreen><\/iframe><\/p>\n<p>Por fim, se quiser saber mais sobre como a Aldo vai comemorar os pr\u00f3ximos 40 anos de sucesso, continue acompanhando <strong><a href=\"https:\/\/www.aldo.com.br\/blog\/\" target=\"_blank\" rel=\"noopener\">nosso blog<\/a><\/strong>. Fique ligado nas novas campanhas dispon\u00edveis no <strong><a href=\"https:\/\/www.aldo.com.br\/\" target=\"_blank\" rel=\"noopener\">site da Aldo<\/a><\/strong>.<\/p>\n","protected":false},"excerpt":{"rendered":"<p>A Aldo est\u00e1 prestes a completar 40 anos no mercado de distribui\u00e7\u00e3o. Saiba como tudo come\u00e7ou e sua trajet\u00f3ria de conquistas at\u00e9 aqui, com grande foco em energia solar!<\/p>\n","protected":false},"author":4,"featured_media":8283,"comment_status":"open","ping_status":"open","sticky":false,"template":"","format":"standard","meta":{"_glsr_average":0,"_glsr_ranking":0,"_glsr_reviews":0,"footnotes":""},"categories":[153,31,42],"tags":[949,217,953,48,952,954,136,955,950,951],"class_list":["post-8099","post","type-post","status-publish","format-standard","has-post-thumbnail","hentry","category-empreendedorismo","category-energia-solar","category-noticias","tag-aldo-chega-a-40-anos","tag-aldo-crazy-recicla","tag-aldo-da-kombi","tag-aldo-pereira-teixeira","tag-conquistas","tag-crazy-people","tag-premios","tag-sustentabiliadde","tag-trejetoria","tag-vitorias"],"_links":{"self":[{"href":"https:\/\/www.aldo.com.br\/blog\/wp-json\/wp\/v2\/posts\/8099","targetHints":{"allow":["GET"]}}],"collection":[{"href":"https:\/\/www.aldo.com.br\/blog\/wp-json\/wp\/v2\/posts"}],"about":[{"href":"https:\/\/www.aldo.com.br\/blog\/wp-json\/wp\/v2\/types\/post"}],"author":[{"embeddable":true,"href":"https:\/\/www.aldo.com.br\/blog\/wp-json\/wp\/v2\/users\/4"}],"replies":[{"embeddable":true,"href":"https:\/\/www.aldo.com.br\/blog\/wp-json\/wp\/v2\/comments?post=8099"}],"version-history":[{"count":2,"href":"https:\/\/www.aldo.com.br\/blog\/wp-json\/wp\/v2\/posts\/8099\/revisions"}],"predecessor-version":[{"id":10229,"href":"https:\/\/www.aldo.com.br\/blog\/wp-json\/wp\/v2\/posts\/8099\/revisions\/10229"}],"wp:featuredmedia":[{"embeddable":true,"href":"https:\/\/www.aldo.com.br\/blog\/wp-json\/wp\/v2\/media\/8283"}],"wp:attachment":[{"href":"https:\/\/www.aldo.com.br\/blog\/wp-json\/wp\/v2\/media?parent=8099"}],"wp:term":[{"taxonomy":"category","embeddable":true,"href":"https:\/\/www.aldo.com.br\/blog\/wp-json\/wp\/v2\/categories?post=8099"},{"taxonomy":"post_tag","embeddable":true,"href":"https:\/\/www.aldo.com.br\/blog\/wp-json\/wp\/v2\/tags?post=8099"}],"curies":[{"name":"wp","href":"https:\/\/api.w.org\/{rel}","templated":true}]}}