{"id":7519,"date":"2021-01-08T11:10:10","date_gmt":"2021-01-08T14:10:10","guid":{"rendered":"https:\/\/www.aldo.com.br\/blog\/?p=7519"},"modified":"2021-01-12T08:35:39","modified_gmt":"2021-01-12T11:35:39","slug":"como-a-energia-solar-vem-transformando-as-empresas","status":"publish","type":"post","link":"https:\/\/www.aldo.com.br\/blog\/como-a-energia-solar-vem-transformando-as-empresas","title":{"rendered":"Como a Energia Solar vem transformando as empresas"},"content":{"rendered":"<p>Um dos objetivos frequentes das empresas \u00e9 encontrar meios de economizar seus gastos mensais. O intuito \u00e9 sempre criar condi\u00e7\u00f5es de investir mais no pr\u00f3prio neg\u00f3cio e prosperar. Nos \u00faltimos anos, os sistemas de gest\u00e3o passaram por muitas mudan\u00e7as motivadas pela evolu\u00e7\u00e3o tecnol\u00f3gica. No meio delas, a energia solar vem transformando as <a href=\"https:\/\/www.aldo.com.br\/blog\/sustentabilidade-corporativa-no-mercado-fotovoltaico\/\"><strong>empresas<\/strong><\/a> que optam por essa fonte alternativa, ajudando imensamente na tarefa de poupar recursos financeiros.<\/p>\n<p>Mas, essa n\u00e3o \u00e9 a \u00fanica vantagem oferecida pela energia solar. Neste post, voc\u00ea ver\u00e1 os benef\u00edcios que as empresas e a sociedade podem ter ao passarem a usar o sol como fonte de energia. Fique com a gente e confira mais!<\/p>\n<h4><strong>Protege o meio ambiente<\/strong><\/h4>\n<p>Trata-se de uma fonte de energia natural, inesgot\u00e1vel e constitui a forma mais sustent\u00e1vel e economicamente vi\u00e1vel de <a href=\"http:\/\/www.absolar.org.br\/4a-reuniao-com-empresarios-do-setor-solar-fotovoltaico.html\" rel=\"nofollow noopener\" target=\"_blank\"><strong>gera\u00e7\u00e3o de energia el\u00e9trica<\/strong><\/a>, na atualidade. Al\u00e9m disso, o processo para fabrica\u00e7\u00e3o dos materiais e equipamentos necess\u00e1rios para montagem do sistema \u00e9 controlado e n\u00e3o polui o meio ambiente. Isso desde os <a href=\"https:\/\/www.aldo.com.br\/blog\/entenda-o-que-e-economia-circular-de-paineis-fotovoltaicos\/\"><strong>pain\u00e9is solares<\/strong><\/a>, at\u00e9 a estrutura\u00e7\u00e3o do efeito fotovoltaico, que converte a luz do sol em energia el\u00e9trica, sem emitir CO2 na atmosfera.<\/p>\n<p>Para fabricar os componentes, a ind\u00fastria tamb\u00e9m se beneficia de aus\u00eancia de polui\u00e7\u00e3o sonora, que \u00e9 um dos grandes problemas do setor industrial.<\/p>\n<h4><strong>Gera economia de energia <\/strong><\/h4>\n<p>Empresas de qualquer porte e de qualquer segmento podem adotar a energia solar em seus sistemas. Em todos os ramos de atua\u00e7\u00e3o essa \u00e9 uma alternativa extremamente eficaz para proporcionar uma boa economia nos custos fixos de todo tipo de neg\u00f3cio.<\/p>\n<p>A princ\u00edpio, \u00e9 necess\u00e1rio fazer um investimento com aquisi\u00e7\u00e3o de todo o <a href=\"https:\/\/www.aldo.com.br\/blog\/entenda-o-que-e-eficiencia-de-um-painel-solar\/\"><strong>equipamento<\/strong><\/a> ajustado \u00e0s necessidades de consumo de cada um. Al\u00e9m das despesas iniciais com a instala\u00e7\u00e3o no local mais apropriado. Mas, com o tempo, a conta de energia diminui drasticamente, podendo chegar a mais de 90% a menos, em determinados casos.<\/p>\n<h4><strong>Economiza recurso financeiro<\/strong><\/h4>\n<p>Conforme j\u00e1 dissemos, a conta de luz reduz drasticamente. Assim, levando em conta a vida \u00fatil do sistema fotovoltaico, em torno de 25 anos, a energia solar pode ficar 50% mais barata. Essa porcentagem pode ser ainda maior que a forma convencional, fornecida pela concession\u00e1ria. \u00c9 bom lembrar que a energia fotovoltaica se paga ao longo do tempo.<\/p>\n<p>Ao escolher essa fonte, voc\u00ea valoriza o seu im\u00f3vel e, tamb\u00e9m, a marca do seu neg\u00f3cio. Isso porque empresas comprometidas com o meio ambiente s\u00e3o cada dia mais prestigiadas pela popula\u00e7\u00e3o. Cuidar da natureza j\u00e1 n\u00e3o \u00e9 mais uma op\u00e7\u00e3o, e sim, uma necessidade.<\/p>\n<h4><strong>Tem longevidade e requer pouca manuten\u00e7\u00e3o<\/strong><\/h4>\n<p>Conforme j\u00e1 adiantamos, os sistemas de <a href=\"https:\/\/www.aldo.com.br\/categoria\/energia-solar\"><strong>energia solar<\/strong><\/a> fotovoltaica apresentam longa vida \u00fatil e reduzem muito as despesas com manuten\u00e7\u00e3o. Esse \u00e9 mais um fator de diminui\u00e7\u00e3o de custos para as empresas.<\/p>\n<p>Contudo, \u00e9 fundamental ressaltar que a durabilidade tamb\u00e9m est\u00e1 atrelada \u00e0 escolha dos pain\u00e9is e demais equipamentos do sistema. Eles devem ser de qualidade, al\u00e9m de contar com os servi\u00e7os de instala\u00e7\u00e3o de pessoal capacitado.<\/p>\n<h4><strong>A instala\u00e7\u00e3o \u00e9 simples e r\u00e1pida<\/strong><\/h4>\n<p>Essa \u00e9 mais uma vantagem que os sistemas fotovoltaicos oferecem \u00e0s empresas. Desta forma, o equipamento \u00e9 projetado para ser instalado de maneira simples e r\u00e1pida, em poucos dias. E, para que funcionem de forma eficaz, com o m\u00e1ximo de aproveitamento, devem ser posicionados na parte externa do im\u00f3vel, na maioria das vezes, no telhado.<\/p>\n<p>O diferencial nesse tipo de instala\u00e7\u00e3o \u00e9 o fato de n\u00e3o interferir nas atividades corriqueiras da empresa. Ali\u00e1s, esse tamb\u00e9m \u00e9 um ponto muito positivo, j\u00e1 que nenhum local \u00fatil de trabalho da empresa precisa ser ocupado pelo equipamento. Em alguns casos, podem at\u00e9 mesmo cobrir \u00e1reas de estacionamentos, o que otimiza o espa\u00e7o.<\/p>\n<h4><strong>A empresa pode contar com incentivos fiscais<\/strong><\/h4>\n<p>Nem todos os gestores sabem que a energia solar instalada nas f\u00e1bricas e ind\u00fastrias podem <a href=\"https:\/\/www.aldo.com.br\/blog\/o-incentivo-a-energia-solar-no-brasil\/\"><strong>gerar incentivos<\/strong><\/a> fiscais do governo. Esse tipo de iniciativa integra o Programa de Desenvolvimento da Gera\u00e7\u00e3o Distribu\u00edda de Energia El\u00e9trica, institu\u00eddo em 2015.<\/p>\n<p>Assim, seu principal mote \u00e9 promover uma redu\u00e7\u00e3o significativa do consumo de energia termel\u00e9trica, que \u00e9 usada quando os reservat\u00f3rios de hidrel\u00e9tricas est\u00e3o baixos. Esse tipo de situa\u00e7\u00e3o demanda a queima de combust\u00edveis f\u00f3sseis, como o carv\u00e3o mineral, a gasolina e o diesel para produzir energia. Entretanto, usinas fotovoltaicas podem acabar com isso, al\u00e9m de n\u00e3o depender de reservat\u00f3rios de \u00e1gua para abastecer a popula\u00e7\u00e3o com energia.<\/p>\n<h4><strong>Melhora a vantagem competitiva no mercado<\/strong><\/h4>\n<p>A preserva\u00e7\u00e3o do meio ambiente \u00e9 um dos principais motivos para se buscar fontes alternativas de produ\u00e7\u00e3o de energia. Hoje, o cuidado com a manuten\u00e7\u00e3o dos recursos naturais \u00e9 obriga\u00e7\u00e3o de todos n\u00f3s. Nesse sentido, as empresas desempenham um papel fundamental. Al\u00e9m disso, quando adotam medidas sustent\u00e1veis, passam a ser vistas com mais respeito pelos clientes e investidores.<\/p>\n<p>Assim sendo, podemos afirmar que o uso da energia solar em f\u00e1bricas e ind\u00fastrias tende a destacar positivamente essas empresas no mercado. A sociedade j\u00e1 est\u00e1 de olho nessas a\u00e7\u00f5es \u201cverdes\u201d e sabe valorizar quando uma organiza\u00e7\u00e3o se preocupa genuinamente com a preserva\u00e7\u00e3o dos recursos naturais. Nesse sentido, a vantagem competitiva aumenta tamb\u00e9m.<\/p>\n<h4><strong>Desenvolve a cultura da sustentabilidade<\/strong><\/h4>\n<p>Esse \u00e9 um papel de cidadania e a pauta da sustentabilidade est\u00e1 cada dia mais presente nos ambientes corporativos. Assim, muitas empresas, dos mais variados portes, j\u00e1 est\u00e3o investindo em sistemas fotovoltaicos. E isso n\u00e3o se restringe aos benef\u00edcios imediatos da energia solar. \u00c9, tamb\u00e9m, uma forma de demonstrar para o p\u00fablico a import\u00e2ncia de implementar essas mudan\u00e7as.<\/p>\n<p>Dessa forma, a energia solar vem transformando as empresas. Grandes marcas americanas e europeias j\u00e1 est\u00e3o apostando nessa ideia, \u00e9 o caso da Johnson &amp; Johnson, Walmart e FedEx e a tend\u00eancia \u00e9 aumentar. Essas a\u00e7\u00f5es s\u00e3o fundamentais para educar e conscientizar os colaboradores da companhia e os clientes.<\/p>\n<p>Por fim, com o passar do tempo, mais e mais empresas e resid\u00eancias dever\u00e3o absorver essa cultura sustent\u00e1vel, garantindo mais chances de preservar o ambiente. O que o mundo precisa \u00e9 de qualidade de vida hoje e garantir a sobreviv\u00eancia das pr\u00f3ximas gera\u00e7\u00f5es.<\/p>\n<p>Conscientize-se voc\u00ea tamb\u00e9m. Comece conhecendo mais sobre tudo o que cerca o universo fotovoltaico, acessando nosso <a href=\"https:\/\/www.aldo.com.br\/blog\/o-mercado-fotovoltaico-no-brasil\/\"><strong>blog<\/strong><\/a>.<\/p>\n","protected":false},"excerpt":{"rendered":"<p>Entenda como a ado\u00e7\u00e3o da energia solar pelas corpora\u00e7\u00f5es pode transformar o funcionamento das empresas e influenciar positivamente todos \u00e0 sua volta.<\/p>\n","protected":false},"author":4,"featured_media":7521,"comment_status":"open","ping_status":"open","sticky":false,"template":"","format":"standard","meta":{"_glsr_average":0,"_glsr_ranking":0,"_glsr_reviews":0,"footnotes":""},"categories":[31],"tags":[193,850,191,155,849],"class_list":["post-7519","post","type-post","status-publish","format-standard","has-post-thumbnail","hentry","category-energia-solar","tag-economia","tag-empresas","tag-meio-ambiente","tag-sustentabilidade","tag-vantagem-competitiva"],"_links":{"self":[{"href":"https:\/\/www.aldo.com.br\/blog\/wp-json\/wp\/v2\/posts\/7519","targetHints":{"allow":["GET"]}}],"collection":[{"href":"https:\/\/www.aldo.com.br\/blog\/wp-json\/wp\/v2\/posts"}],"about":[{"href":"https:\/\/www.aldo.com.br\/blog\/wp-json\/wp\/v2\/types\/post"}],"author":[{"embeddable":true,"href":"https:\/\/www.aldo.com.br\/blog\/wp-json\/wp\/v2\/users\/4"}],"replies":[{"embeddable":true,"href":"https:\/\/www.aldo.com.br\/blog\/wp-json\/wp\/v2\/comments?post=7519"}],"version-history":[{"count":0,"href":"https:\/\/www.aldo.com.br\/blog\/wp-json\/wp\/v2\/posts\/7519\/revisions"}],"wp:featuredmedia":[{"embeddable":true,"href":"https:\/\/www.aldo.com.br\/blog\/wp-json\/wp\/v2\/media\/7521"}],"wp:attachment":[{"href":"https:\/\/www.aldo.com.br\/blog\/wp-json\/wp\/v2\/media?parent=7519"}],"wp:term":[{"taxonomy":"category","embeddable":true,"href":"https:\/\/www.aldo.com.br\/blog\/wp-json\/wp\/v2\/categories?post=7519"},{"taxonomy":"post_tag","embeddable":true,"href":"https:\/\/www.aldo.com.br\/blog\/wp-json\/wp\/v2\/tags?post=7519"}],"curies":[{"name":"wp","href":"https:\/\/api.w.org\/{rel}","templated":true}]}}