{"id":6728,"date":"2020-11-03T08:48:34","date_gmt":"2020-11-03T11:48:34","guid":{"rendered":"https:\/\/www.aldo.com.br\/blog\/?p=6728"},"modified":"2020-11-25T14:00:53","modified_gmt":"2020-11-25T17:00:53","slug":"o-que-causa-o-cancer-de-prostata-e-como-preveni-lo","status":"publish","type":"post","link":"https:\/\/www.aldo.com.br\/blog\/o-que-causa-o-cancer-de-prostata-e-como-preveni-lo","title":{"rendered":"Novembro Azul: o que causa o c\u00e2ncer de pr\u00f3stata e como preveni-lo"},"content":{"rendered":"<p>O m\u00eas de Novembro, tamb\u00e9m conhecido como<strong> Novembro Azul<\/strong>, foi eleito para lembrar da import\u00e2ncia da <strong>preven\u00e7\u00e3o ao c\u00e2ncer de pr\u00f3stata<\/strong>. Esse tipo de c\u00e2ncer \u00e9 o mais comum entre homens com idade superior a 50 anos. Por isso, segundo estat\u00edsticas americanas, um a cada seis homens podem desenvolver essa doen\u00e7a ao longo da vida. No entanto, a perspectiva \u00e9 de que apenas um morrer\u00e1 em 35 portadores. Nos homens, ele \u00e9 a causa de 10% das mortes oriundas do c\u00e2ncer e fica atr\u00e1s somente dos tumores de intestino e de pulm\u00e3o. E voc\u00ea, sabe o que causa o c\u00e2ncer de pr\u00f3stata?<\/p>\n<p>No Brasil, ele \u00e9 o segundo mais comum entre pacientes do sexo masculino e fica atr\u00e1s apenas do c\u00e2ncer de pele n\u00e3o-melanoma. Ent\u00e3o, quando se fala em valores absolutos e considerando ambos os sexos, o c\u00e2ncer de pr\u00f3stata \u00e9 o segundo tipo mais comum. Assim sendo, nos pa\u00edses desenvolvidos, a taxa de incid\u00eancia \u00e9 maior, se compararmos com os pa\u00edses em desenvolvimento.<\/p>\n<p>Nesse post, vamos falar sobre o que causa o c\u00e2ncer de pr\u00f3stata e sua preven\u00e7\u00e3o que, infelizmente, ainda \u00e9 motivo de tabu para muitos homens. Isso porque uma boa parcela insiste em n\u00e3o levar esse problema a s\u00e9rio e n\u00e3o faz os exames regularmente.<\/p>\n<p>A <a href=\"https:\/\/www.aldo.com.br\/loja\/categoria\/energia-solar\">Aldo Solar<\/a> apoia todas as iniciativas que visam o bem-estar, a qualidade de vida e a preven\u00e7\u00e3o de doen\u00e7as. Refor\u00e7amos que mesmo em tempos de COVID-19, acreditamos que \u00e9 necess\u00e1rio realizar todos os exames e cuidar-se, tamb\u00e9m, quanto \u00e0 preven\u00e7\u00e3o do C\u00e2ncer de Pr\u00f3stata.<\/p>\n<h4><strong>Mas, o que causa o c\u00e2ncer de pr\u00f3stata, afinal?<\/strong><\/h4>\n<p>Em primeiro lugar, \u00e9 importante definir que a pr\u00f3stata \u00e9 uma gl\u00e2ndula existente apenas no homem e que se localiza na parte baixa do abd\u00f4men. Ela \u00e9 pequena, com formato semelhante \u00e0 ma\u00e7\u00e3 e se situa logo abaixo da bexiga, \u00e0 frente do reto &#8211; parte final do intestino grosso. \u00c9 um \u00f3rg\u00e3o que envolve a por\u00e7\u00e3o inicial da uretra, tubo pelo qual a urina \u00e9 eliminada, quando armazenada na bexiga. Assim, a pr\u00f3stata \u00e9 respons\u00e1vel pela produ\u00e7\u00e3o de parte do s\u00eamen, um l\u00edquido espesso que cont\u00e9m os espermatozoides e \u00e9 liberado durante o ato sexual.<\/p>\n<p>\u00c9 importante saber que o c\u00e2ncer da pr\u00f3stata, em sua fase inicial, evolui silenciosamente. Por isso, muitos pacientes n\u00e3o apresentam nenhum sintoma ou, quando apresentam, s\u00e3o semelhantes aos do crescimento benigno da pr\u00f3stata. Em raz\u00e3o disso, \u00e9 f\u00e1cil confundir com a dificuldade de urinar ou a necessidade de urinar mais vezes durante o dia ou \u00e0 noite. Ent\u00e3o, quando chega \u00e0 fase avan\u00e7ada, pode provocar dor \u00f3ssea, sintomas urin\u00e1rios ou, ao se tornar mais grave, apresenta infec\u00e7\u00e3o generalizada ou insufici\u00eancia renal.<\/p>\n<p>\u00c9 fundamental esclarecer que, quanto mais avan\u00e7ado estiver o tumor, mais muta\u00e7\u00f5es ocorrem nas c\u00e9lulas cancerosas, tornando sua evolu\u00e7\u00e3o mais agressiva. Essas c\u00e9lulas se multiplicam mais r\u00e1pido que as c\u00e9lulas saud\u00e1veis presentes na pr\u00f3stata. Elas podem invadir os tecidos, se disseminando por \u00f3rg\u00e3os distantes do foco inicial pela via linf\u00e1tica ou sangu\u00ednea. Por isso, \u00e9 t\u00e3o importante ficar atento a qualquer sinal de anormalidade.<\/p>\n<h4><strong>Fatores de risco<\/strong><\/h4>\n<p>O antecedente familiar \u00e9 um fator de grande relev\u00e2ncia. Portanto, pacientes cujo pai ou tio tiveram c\u00e2ncer de pr\u00f3stata apresentam o dobro do risco para desenvolver a doen\u00e7a, em compara\u00e7\u00e3o ao restante da popula\u00e7\u00e3o. O risco aumenta ainda mais, caso o paciente tenha um irm\u00e3o portador da doen\u00e7a. Al\u00e9m disso, se o homem tiver menos de 65 anos e mais de um parente com a doen\u00e7a, esse risco aumenta de 6 a 11 vezes. Ent\u00e3o, parentes em primeiro grau, que apresentem c\u00e2ncer de pr\u00f3stata detectados antes dos 55 anos podem ser portadores de c\u00e2ncer de pr\u00f3stata heredit\u00e1rio. No entanto, essa incid\u00eancia \u00e9 de menos de 2% dos casos.<\/p>\n<p>Outro fator de risco \u00e9 a alimenta\u00e7\u00e3o rica em gordura e carne vermelha e pobre em legumes, vegetais e frutas. Essa situa\u00e7\u00e3o aliada ao sedentarismo e \u00e0 obesidade tornam o c\u00e2ncer de pr\u00f3stata mais agressivo. Al\u00e9m disso, s\u00e3o agravantes a taxa mais alta de estrog\u00eanio e os fatores \u00e9tnicos (negros t\u00eam incid\u00eancia maior e descendentes de asi\u00e1ticos apresentam menor). Tamb\u00e9m interfere, a regi\u00e3o em que vive, n\u00edveis de polui\u00e7\u00e3o ambiental, contato com derivados de borracha e outras subst\u00e2ncias, como cromo, ferro, c\u00e1dmio e chumbo.<\/p>\n<h4><strong>Como detectar a doen\u00e7a?<\/strong><\/h4>\n<p>Saber o que causa o c\u00e2ncer de pr\u00f3stata \u00e9 essencial. No entanto, a melhor estrat\u00e9gia de preven\u00e7\u00e3o \u00e9 detectar o mais cedo poss\u00edvel \u2013 na fase inicial \u2013 o que pode aumentar as chances de sucesso no tratamento. A detec\u00e7\u00e3o pode, ainda, ser investigada por meio de exames cl\u00ednicos, radiol\u00f3gicos ou laboratoriais. Esses procedimentos devem ser feitos em pessoas com sintomas e sinais que sugerem o aparecimento do c\u00e2ncer, e esse \u00e9 o diagn\u00f3stico precoce.<\/p>\n<p>J\u00e1, homens que pertencem a grupos com maiores chances de desenvolver a doen\u00e7a podem fazer exames peri\u00f3dicos, mesmo que n\u00e3o apresentem sinais nem sintomas. Esses exames s\u00e3o constitu\u00eddos pelo toque retal e o exame de sangue, com o intuito de avaliar a dosagem do PSA (ant\u00edgeno prost\u00e1tico espec\u00edfico).<\/p>\n<p>Contudo, apesar de tantos cuidados, infelizmente, n\u00e3o h\u00e1 evid\u00eancia cient\u00edfica de que rastrear o c\u00e2ncer de pr\u00f3stata possa trazer mais benef\u00edcios que riscos. Por isso, <a href=\"http:\/\/inca.gov.br\" rel=\"nofollow noopener\" target=\"_blank\">o INCA (Instituto do C\u00e2ncer)<\/a> n\u00e3o recomenda a realiza\u00e7\u00e3o desses exames de rotina, para esse fim. Portanto, ao buscar pelo rastreamento desse tipo de tumor, a recomenda\u00e7\u00e3o do Instituto \u00e9 de que os homens sejam esclarecidos quantos aos riscos do procedimento. O INCA alerta, tamb\u00e9m, sobre a poss\u00edvel aus\u00eancia de benef\u00edcios de fazer esses exames como rotina.<\/p>\n<h4><strong>Diagn\u00f3stico precoce<\/strong><\/h4>\n<p>O diagn\u00f3stico precoce do c\u00e2ncer de pr\u00f3stata melhora muito as chances de obter resultados no tratamento, conforme j\u00e1 dito. Por isso, sua busca deve ser feita por meio da investiga\u00e7\u00e3o de sinais e sintomas como os que listamos a seguir:<\/p>\n<ul>\n<li style=\"list-style-type: none;\">\n<ul>\n<li>Dificuldade de urinar;<\/li>\n<li>Diminui\u00e7\u00e3o do jato de urina;<\/li>\n<\/ul>\n<\/li>\n<\/ul>\n<ul>\n<li>Necessidade de urinar mais vezes durante o dia ou \u00e0 noite;<\/li>\n<li>Sangue na urina.<\/li>\n<\/ul>\n<p>Contudo, destacamos que, na maioria das vezes, esses sintomas n\u00e3o s\u00e3o causados por c\u00e2ncer, ainda assim, \u00e9 fundamental que eles sejam investigados por um m\u00e9dico.<\/p>\n<h4><strong>Como o c\u00e2ncer de pr\u00f3stata pode ser identificado?<\/strong><\/h4>\n<p>A identifica\u00e7\u00e3o pode ser feita com a combina\u00e7\u00e3o de dois exames:<\/p>\n<ul>\n<li>Dosagem de PSA: \u00e9 o exame de sangue que avalia a quantidade do ant\u00edgeno prost\u00e1tico espec\u00edfico;<\/li>\n<li>Toque retal: a gl\u00e2ndula fica em frente ao reto. Por isso, esse exame permite que o m\u00e9dico palpe a pr\u00f3stata e perceba se h\u00e1 n\u00f3dulos (caro\u00e7os) ou tecidos endurecidos (poss\u00edvel est\u00e1gio inicial da doen\u00e7a). Quanto ao toque, ele \u00e9 feito com o dedo protegido por luva lubrificada. Por isso, \u00e9 r\u00e1pido e indolor, apesar de alguns homens relatarem inc\u00f4modo e manifestarem enorme resist\u00eancia em realizar o exame.<\/li>\n<\/ul>\n<p>Contudo, vale a pena fazer o exame caso apare\u00e7a algum sinal ou sintoma. Lembre-se de que a observa\u00e7\u00e3o de qualquer anormalidade, juntamente com a preven\u00e7\u00e3o \u00e9 sempre a mais eficaz arma no combate a essa doen\u00e7a. Cuide-se sempre!<\/p>\n<p>Confira a mensagem do Novembro Azul dos nossos tenistas: <strong>Bruno Soares e Marcelo Demoliner.<\/strong><\/p>\n<p><iframe src=\"https:\/\/www.youtube.com\/embed\/WaPJPEVkWh8\" width=\"560\" height=\"315\" frameborder=\"0\" allowfullscreen=\"allowfullscreen\"><\/iframe><\/p>\n<p><!--more--><\/p>\n","protected":false},"excerpt":{"rendered":"<p>Voc\u00ea sabe da import\u00e2ncia de saber o que causa o c\u00e2ncer de pr\u00f3stata, quais s\u00e3o as formas de prevenir e tratar? Acompanhe este post e saiba como tomar os cuidados necess\u00e1rios.<\/p>\n","protected":false},"author":4,"featured_media":6729,"comment_status":"open","ping_status":"open","sticky":false,"template":"","format":"standard","meta":{"_glsr_average":0,"_glsr_ranking":0,"_glsr_reviews":0,"footnotes":""},"categories":[42],"tags":[714,56,712,713],"class_list":["post-6728","post","type-post","status-publish","format-standard","has-post-thumbnail","hentry","category-noticias","tag-aldo-componentes","tag-aldo-solar","tag-cancer-de-prostata","tag-novembro-azul"],"_links":{"self":[{"href":"https:\/\/www.aldo.com.br\/blog\/wp-json\/wp\/v2\/posts\/6728","targetHints":{"allow":["GET"]}}],"collection":[{"href":"https:\/\/www.aldo.com.br\/blog\/wp-json\/wp\/v2\/posts"}],"about":[{"href":"https:\/\/www.aldo.com.br\/blog\/wp-json\/wp\/v2\/types\/post"}],"author":[{"embeddable":true,"href":"https:\/\/www.aldo.com.br\/blog\/wp-json\/wp\/v2\/users\/4"}],"replies":[{"embeddable":true,"href":"https:\/\/www.aldo.com.br\/blog\/wp-json\/wp\/v2\/comments?post=6728"}],"version-history":[{"count":0,"href":"https:\/\/www.aldo.com.br\/blog\/wp-json\/wp\/v2\/posts\/6728\/revisions"}],"wp:featuredmedia":[{"embeddable":true,"href":"https:\/\/www.aldo.com.br\/blog\/wp-json\/wp\/v2\/media\/6729"}],"wp:attachment":[{"href":"https:\/\/www.aldo.com.br\/blog\/wp-json\/wp\/v2\/media?parent=6728"}],"wp:term":[{"taxonomy":"category","embeddable":true,"href":"https:\/\/www.aldo.com.br\/blog\/wp-json\/wp\/v2\/categories?post=6728"},{"taxonomy":"post_tag","embeddable":true,"href":"https:\/\/www.aldo.com.br\/blog\/wp-json\/wp\/v2\/tags?post=6728"}],"curies":[{"name":"wp","href":"https:\/\/api.w.org\/{rel}","templated":true}]}}