{"id":6703,"date":"2020-10-30T08:20:03","date_gmt":"2020-10-30T11:20:03","guid":{"rendered":"https:\/\/www.aldo.com.br\/blog\/?p=6703"},"modified":"2020-11-03T10:39:37","modified_gmt":"2020-11-03T13:39:37","slug":"aldo-e-a-maior-empresa-do-brasil-no-setor-comercio-atacadista-e-exterior","status":"publish","type":"post","link":"https:\/\/www.aldo.com.br\/blog\/aldo-e-a-maior-empresa-do-brasil-no-setor-comercio-atacadista-e-exterior","title":{"rendered":"ALDO \u00e9 a melhor empresa do Brasil no setor Com\u00e9rcio Atacadista e Exterior"},"content":{"rendered":"<p><iframe title=\"Aldo Solar conquista Pr\u00eamio Valor 1000 como uma das melhores empresas do Brasil!\" width=\"1170\" height=\"658\" src=\"https:\/\/www.youtube.com\/embed\/iM66-MZCaTE?feature=oembed\" frameborder=\"0\" allow=\"accelerometer; autoplay; clipboard-write; encrypted-media; gyroscope; picture-in-picture\" allowfullscreen><\/iframe><\/p>\n<p>O Valor Econ\u00f4mico realizou a edi\u00e7\u00e3o anual do\u00a0<a href=\"https:\/\/www.valor.com.br\/valor1000\/2019\" rel=\"nofollow noopener\" target=\"_blank\"><strong>pr\u00eamio Valor 1000<\/strong><\/a> e escolheu as 25 melhores empresas campe\u00e3s em seus setores de atua\u00e7\u00e3o. Assim, o levantamento, que est\u00e1 em sua 20\u00aa edi\u00e7\u00e3o, \u00e9 feito pelo Valor Econ\u00f4mico em parceria com a Serasa Experian. Como resultado, a <strong>Aldo foi anunciada como a melhor empresa do Brasil no setor Com\u00e9rcio Atacadista e Exterior, entre as 1000 maiores empresas do pa\u00eds<\/strong>.<\/p>\n<p>Participa dessa parceria, tamb\u00e9m, a\u00a0Escola de Administra\u00e7\u00e3o de Empresas de S\u00e3o Paulo (FGV EAESP). De acordo com dados do ranking Valor 1000 a receita l\u00edquida das 1.000 maiores empresas do Brasil somou R$ 4 trilh\u00f5es e 300 bilh\u00f5es em 2019.<\/p>\n<h4><strong>Segmento solar impulsionou a conquista<\/strong><\/h4>\n<p>A ALDO,<a href=\"https:\/\/www.aldo.com.br\/aldosolar\"> l\u00edder em solu\u00e7\u00f5es para a gera\u00e7\u00e3o de energia solar no pa\u00eds<\/a>, acredita que o futuro \u00e9 de atitudes brilhantes. A empresa atua no ramo de Energia Solar desde 2016, com a divis\u00e3o de neg\u00f3cios ALDO SOLAR. Como resultado, <strong>foi apontada pelo Valor Econ\u00f4mico como a melhor empresa no setor de Com\u00e9rcio Atacadista e Exterior no ranking das\u00a01000\u00a0maiores companhias do pa\u00eds<\/strong>.<\/p>\n<p>Entre as 1000 maiores empresas do anu\u00e1rio do Valor Econ\u00f4mico 2020, a Aldo subiu 394 posi\u00e7\u00f5es em rela\u00e7\u00e3o ao ranking de 2019, e ficou na posi\u00e7\u00e3o 504 entre as maiores empresas do Brasil.<\/p>\n<p>\u00c9 interessante destacar que <strong>A ALDO \u00e9 a empresa que mais cresce no segmento de energia solar<\/strong>. A prova disso, \u00e9 que dos 300 mil sistemas fotovoltaicos existentes no pa\u00eds, mais de 100 mil geradores foram comercializados pela Aldo nos \u00faltimos quatro anos. Esses sistemas totalizam 3,6 GW de pot\u00eancia instalada de gera\u00e7\u00e3o distribu\u00edda, de acordo com a\u00a0ANEEL (Ag\u00eancia Nacional de Energia El\u00e9trica).<\/p>\n<h4><strong>Previs\u00e3o de crescimento da Aldo Solar<\/strong><\/h4>\n<p>Apesar de vivenciarmos um cen\u00e1rio desafiado pelos efeitos econ\u00f4micos da Covid-19, a estimativa da Aldo Solar \u00e9 crescer 50% em rela\u00e7\u00e3o ao ano passado. Foi quando faturou mais de R$ 1 bilh\u00e3o e 360 milh\u00f5es, com a energia solar, representando 90% do faturamento da empresa.<\/p>\n<p><strong>De acordo com Aldo Pereira Teixeira, fundador e presidente da ALDO<\/strong>, \u201cestamos muito orgulhosos pelo reconhecimento do Valor 1000. O Ranking sempre nos apontou como a maior empresa do Brasil no setor Com\u00e9rcio Atacadista e Exterior. Assim, <strong>h\u00e1 quatro anos, ousamos sonhar com a diversifica\u00e7\u00e3o da matriz el\u00e9trica de nosso pa\u00eds<\/strong>. Isto \u00e9, ela est\u00e1 baseada em fontes limpas e renov\u00e1veis, tendo o <strong>sol como maior parceiro e a sustentabilidade como lema<\/strong>\u201d.<\/p>\n<p>\u201cAp\u00f3s oito meses de pandemia, j\u00e1 conhecemos muitas das dores desta crise. Desse modo, com maior clareza, temos a convic\u00e7\u00e3o de que o nosso setor de <strong>gera\u00e7\u00e3o de energia solar distribu\u00edda \u00e9 a parte da solu\u00e7\u00e3o<\/strong>. S\u00f3 para ilustrar, o setor de energia solar \u00e9 um dos mais importantes na gera\u00e7\u00e3o de empregos. \u00c9 respons\u00e1vel, ainda, pela redu\u00e7\u00e3o de custos para as fam\u00edlias, empresas e foco na sustentabilidade e no meio ambiente\u201d, explica o executivo.<\/p>\n<h4><strong>Planos para um futuro iluminado pelo Sol<\/strong><\/h4>\n<p>\u201cNesse sentido, <strong>planejamos um crescimento de 3 d\u00edgitos para 2021<\/strong>. Pretendemos, tamb\u00e9m, <strong>fornecer mais de 1GW de pot\u00eancia, com mais de 100.000 geradores de energia solar vendidos para todo Brasil.<\/strong> De acordo com dados da ABSOLAR, cada <strong>1GW de pot\u00eancia instalada \u00e9 capaz de gerar mais de 30.000 novos empregos em toda a cadeia<\/strong>.\u00a0 Tamb\u00e9m e<strong>stimamos mais de R$ 4,5 bilh\u00f5es em investimentos privados para os nossos 13.000 revendedores<\/strong> espalhados por todo o territ\u00f3rio nacional. Assim, o crescimento e o reconhecimento do mercado s\u00f3 corroboram nossa miss\u00e3o de apoiar a energia solar no Brasil\u201d, comemora o executivo.<\/p>\n<blockquote><p><strong>Pensar Solar \u00e9 gerar conhecimento, \u00e9 fomentar e educar para a sustentabilidade, \u00e9 disseminar um novo ponto de vista. Mas, acima de tudo, utilizar ENERGIA SOLAR \u00e9 fazer parte de uma grande renova\u00e7\u00e3o&#8221;, Aldo Pereira Teixeira, fundador e CEO da Aldo.<\/strong><\/p><\/blockquote>\n","protected":false},"excerpt":{"rendered":"<p>A Aldo foi classificada pelo anu\u00e1rio Valor Econ\u00f4mico entre as 1000 maiores empresas como a melhor de Com\u00e9rcio Atacadista e Exterior<\/p>\n","protected":false},"author":4,"featured_media":6705,"comment_status":"open","ping_status":"open","sticky":false,"template":"","format":"standard","meta":{"_glsr_average":0,"_glsr_ranking":0,"_glsr_reviews":0,"footnotes":""},"categories":[42],"tags":[67,709,711,708],"class_list":["post-6703","post","type-post","status-publish","format-standard","has-post-thumbnail","hentry","category-noticias","tag-1000-maiores-empresas-do-pais","tag-maior-comercio-atacadista-e-exterior","tag-ranking","tag-valor-1000"],"_links":{"self":[{"href":"https:\/\/www.aldo.com.br\/blog\/wp-json\/wp\/v2\/posts\/6703","targetHints":{"allow":["GET"]}}],"collection":[{"href":"https:\/\/www.aldo.com.br\/blog\/wp-json\/wp\/v2\/posts"}],"about":[{"href":"https:\/\/www.aldo.com.br\/blog\/wp-json\/wp\/v2\/types\/post"}],"author":[{"embeddable":true,"href":"https:\/\/www.aldo.com.br\/blog\/wp-json\/wp\/v2\/users\/4"}],"replies":[{"embeddable":true,"href":"https:\/\/www.aldo.com.br\/blog\/wp-json\/wp\/v2\/comments?post=6703"}],"version-history":[{"count":0,"href":"https:\/\/www.aldo.com.br\/blog\/wp-json\/wp\/v2\/posts\/6703\/revisions"}],"wp:featuredmedia":[{"embeddable":true,"href":"https:\/\/www.aldo.com.br\/blog\/wp-json\/wp\/v2\/media\/6705"}],"wp:attachment":[{"href":"https:\/\/www.aldo.com.br\/blog\/wp-json\/wp\/v2\/media?parent=6703"}],"wp:term":[{"taxonomy":"category","embeddable":true,"href":"https:\/\/www.aldo.com.br\/blog\/wp-json\/wp\/v2\/categories?post=6703"},{"taxonomy":"post_tag","embeddable":true,"href":"https:\/\/www.aldo.com.br\/blog\/wp-json\/wp\/v2\/tags?post=6703"}],"curies":[{"name":"wp","href":"https:\/\/api.w.org\/{rel}","templated":true}]}}