{"id":6693,"date":"2025-05-30T13:33:18","date_gmt":"2025-05-30T16:33:18","guid":{"rendered":"https:\/\/www.aldo.com.br\/blog\/?p=6693"},"modified":"2025-07-21T10:58:05","modified_gmt":"2025-07-21T13:58:05","slug":"como-fazer-o-calculo-do-sistema-fotovoltaico-com-eficiencia","status":"publish","type":"post","link":"https:\/\/www.aldo.com.br\/blog\/como-fazer-o-calculo-do-sistema-fotovoltaico-com-eficiencia","title":{"rendered":"Aprenda quanta energia gera uma placa solar, quantas placas s\u00e3o necess\u00e1rias para uma resid\u00eancia e como realizar os c\u00e1lculos."},"content":{"rendered":"<p><span style=\"font-weight: 400;\">Uma placa solar de 550W pode produzir, em m\u00e9dia, entre 82 e 90 kWh por m\u00eas, a depender de fatores como irradia\u00e7\u00e3o solar, efici\u00eancia dos pain\u00e9is e \u00e1rea de instala\u00e7\u00e3o.\u00a0<\/span><\/p>\n<h2><b>Como fazer o c\u00e1lculo de quanto gera uma placa solar?<\/b><\/h2>\n<p><span style=\"font-weight: 400;\">Para calcular quanto gera uma placa solar, \u00e9 necess\u00e1rio considerar tr\u00eas fatores principais: a irradi\u00e2ncia solar dispon\u00edvel na regi\u00e3o, a efici\u00eancia dos pain\u00e9is solares e a \u00e1rea total de instala\u00e7\u00e3o.<\/span><\/p>\n<p><span style=\"font-weight: 400;\">A f\u00f3rmula b\u00e1sica para calcular quanta energia gera uma placa solar \u00e9:<\/span><\/p>\n<p><b>Gera\u00e7\u00e3o de energia (kWh) = irradi\u00e2ncia solar (kWh\/m\u00b2\/dia) \u00d7 efici\u00eancia do painel (%) \u00d7 \u00e1rea do painel (m\u00b2) \u00d7 n\u00famero de dias.<\/b><\/p>\n<p><span style=\"font-weight: 400;\">Entenda a legenda:<\/span><\/p>\n<ul>\n<li style=\"font-weight: 400;\" aria-level=\"1\"><b>irradi\u00e2ncia solar:<\/b><span style=\"font-weight: 400;\"> refere-se \u00e0 quantidade de energia solar que atinge uma \u00e1rea espec\u00edfica durante um determinado per\u00edodo. Esse valor varia conforme a localiza\u00e7\u00e3o geogr\u00e1fica e as condi\u00e7\u00f5es clim\u00e1ticas;<\/span><\/li>\n<li style=\"font-weight: 400;\" aria-level=\"1\"><b>efici\u00eancia dos pain\u00e9is solares: <\/b><span style=\"font-weight: 400;\">\u00e9 um \u00edndice que indica quanto da energia solar captada pelos pain\u00e9is \u00e9 convertida em energia el\u00e9trica utiliz\u00e1vel. Pain\u00e9is de alta efici\u00eancia geram mais energia em menor espa\u00e7o;<\/span><\/li>\n<li style=\"font-weight: 400;\" aria-level=\"1\"><b>\u00e1rea de instala\u00e7\u00e3o:<\/b><span style=\"font-weight: 400;\"> a quantidade de placas solares que voc\u00ea pode instalar est\u00e1 diretamente relacionada ao espa\u00e7o dispon\u00edvel. Quanto maior a \u00e1rea, mais pain\u00e9is podem ser instalados, aumentando a gera\u00e7\u00e3o de energia.<\/span><\/li>\n<\/ul>\n<h2><b>Como uma placa solar funciona e como gera energia?<\/b><\/h2>\n<p><span style=\"font-weight: 400;\">As placas solares funcionam a partir da <\/span><b>convers\u00e3o da luz solar em eletricidade por meio de <\/b><a href=\"https:\/\/www.aldo.com.br\/blog\/entenda-o-que-e-uma-celula-fotovoltaica\/\"><b>c\u00e9lulas fotovoltaicas<\/b><\/a><b>.\u00a0<\/b><\/p>\n<p><span style=\"font-weight: 400;\">Essas c\u00e9lulas, geralmente feitas de sil\u00edcio, absorvem os f\u00f3tons da luz solar e geram um fluxo de el\u00e9trons, que conhecemos como <\/span><b>eletricidade<\/b><span style=\"font-weight: 400;\">.\u00a0<\/span><\/p>\n<p><span style=\"font-weight: 400;\">Essa eletricidade pode ser usada diretamente, armazenada em baterias ou enviada para a rede el\u00e9trica, dependendo do tipo de sistema instalado.\u00a0<\/span><\/p>\n<p><span data-sheets-root=\"1\">Quanto mais luz solar o painel recebe, mais energia ele pode produzir, especialmente quando o sistema conta com<a href=\"https:\/\/www.aldo.com.br\/blog\/autoconsumo-remoto\/\"> solu\u00e7\u00f5es de auto consumo remoto<\/a> para direcionar e distribuir essa energia.<br \/>\n<\/span><\/p>\n<h2><b>Como calcular o n\u00famero de placas solares para uma resid\u00eancia?<\/b><\/h2>\n<p><span style=\"font-weight: 400;\">Calcular o n\u00famero de placas solares necess\u00e1rias para um projeto envolve alguns passos essenciais.<\/span><\/p>\n<h3><b>1. Defina a regi\u00e3o de instala\u00e7\u00e3o do sistema\u00a0<\/b><\/h3>\n<p><span style=\"font-weight: 400;\">Essa avalia\u00e7\u00e3o deve considerar<\/span><b> a \u00e1rea dispon\u00edvel e o seu potencial de insola\u00e7\u00e3o<\/b><span style=\"font-weight: 400;\">. Vale destacar que a capta\u00e7\u00e3o n\u00e3o depende exclusivamente de sol: basta ter ilumina\u00e7\u00e3o no local onde os pain\u00e9is est\u00e3o instalados para ocorrer a gera\u00e7\u00e3o de energia, ou seja, <\/span><a href=\"https:\/\/www.aldo.com.br\/blog\/energia-solar-em-dias-nublados\/\" target=\"_blank\" rel=\"noopener\"><span style=\"font-weight: 400;\">mesmo em dias nublados e frios<\/span><\/a><span style=\"font-weight: 400;\">, \u00e9 poss\u00edvel gerar energia.<\/span><\/p>\n<p><span style=\"font-weight: 400;\">A instala\u00e7\u00e3o dos pain\u00e9is \u00e9 geralmente feita nos telhados das edifica\u00e7\u00f5es, e alguns deles s\u00e3o mais privilegiados do que outros na quantidade de luz solar. Em alguns casos, podem existir sombras (de pr\u00e9dios, \u00e1rvores ou da pr\u00f3pria caixa d\u2019\u00e1gua) que comprometem a capta\u00e7\u00e3o dos raios solares.<\/span><\/p>\n<p><span style=\"font-weight: 400;\">Por isso, \u00e9 importante analisar a <\/span><b>quantidade de luz solar incidente<\/b><span style=\"font-weight: 400;\"> (o chamado \u00edndice solarim\u00e9trico). Esse \u00edndice mede o potencial de insola\u00e7\u00e3o do lugar, apresentando a quantidade de watts que incide em uma \u00e1rea de 1 m\u00b2 durante um dia, naquela regi\u00e3o onde o projeto ser\u00e1 instalado.<\/span><\/p>\n<p><span style=\"font-weight: 400;\">Essa verifica\u00e7\u00e3o pode ser feita buscando a latitude e longitude do local, e analisando o \u00edndice solarim\u00e9trico em bancos de dados especializados, como do <\/span><a href=\"https:\/\/satelite.cptec.inpe.br\/radiacao\/\" target=\"_blank\" rel=\"noopener nofollow\"><span style=\"font-weight: 400;\">Instituto Nacional de Pesquisas Espaciais (INPE)<\/span><\/a><span style=\"font-weight: 400;\">.<\/span><\/p>\n<p><span style=\"font-weight: 400;\">Com essa informa\u00e7\u00e3o em m\u00e3os \u00e9 poss\u00edvel entender qual o melhor local para a instala\u00e7\u00e3o e tamb\u00e9m qual a inclina\u00e7\u00e3o ideal dos pain\u00e9is para receberem mais insola\u00e7\u00e3o. No entanto, at\u00e9 mesmo o volume de polui\u00e7\u00e3o atmosf\u00e9rica do local onde os pain\u00e9is est\u00e3o instalados pode interferir na capacidade de gera\u00e7\u00e3o fotovoltaica.<\/span><\/p>\n<h3><b>2. Escolha dos pain\u00e9is fotovoltaicos<\/b><\/h3>\n<p><span style=\"font-weight: 400;\">As placas fotovoltaicas precisam ser bem fixadas em suportes de a\u00e7o galvanizado ou alum\u00ednio, para que n\u00e3o se desprendam dos telhados em caso de chuvas mais fortes ou vento.<\/span><\/p>\n<p><span style=\"font-weight: 400;\">Em locais com telhas de barro, s\u00e3o utilizados ganchos na estrutura de madeira, nos quais os pain\u00e9is s\u00e3o fixados. Quando a cobertura \u00e9 met\u00e1lica ou feita com fibrocimento, s\u00e3o utilizados parafusos em sua estrutura. No caso, os furos nas telhas precisam ser vedados com selante, para evitar infiltra\u00e7\u00e3o.<\/span><\/p>\n<p><span style=\"font-weight: 400;\">\u00c9 recomendado que os m\u00f3dulos tenham uma<\/span><b> inclina\u00e7\u00e3o m\u00ednima de 5 graus<\/b><span style=\"font-weight: 400;\"> para o escoamento de \u00e1gua. A inclina\u00e7\u00e3o m\u00e1xima depende da latitude do local de instala\u00e7\u00e3o.<\/span><\/p>\n<p><span style=\"font-weight: 400;\">O tipo de painel a ser utilizado depender\u00e1 da \u00e1rea ocupada, do tipo de superf\u00edcie, da durabilidade e da estabilidade desejada. Conhecer esses detalhes t\u00e9cnicos dos equipamentos \u00e9 uma responsabilidade do prestador de servi\u00e7os.<\/span><\/p>\n<p><span style=\"font-weight: 400;\">A pot\u00eancia de um m\u00f3dulo fotovoltaico \u00e9 definida em testes de laborat\u00f3rio em condi\u00e7\u00f5es favor\u00e1veis, e pode n\u00e3o ser a mesma obtida na instala\u00e7\u00e3o em campo. Isso \u00e9 mais um desafio dos projetos, que pode ser minimizado com a <\/span><b>an\u00e1lise correta dos dados de consumo do cliente e a defini\u00e7\u00e3o da melhor \u00e1rea para instala\u00e7\u00e3o<\/b><span style=\"font-weight: 400;\">.<\/span><\/p>\n<h3><b>3. Saiba o consumo m\u00e9dio\u00a0<\/b><\/h3>\n<p><span style=\"font-weight: 400;\">A pr\u00f3xima etapa \u00e9 a avalia\u00e7\u00e3o do volume de produ\u00e7\u00e3o de energia desejado. Para calcular a \u00e1rea que as placas solares v\u00e3o ocupar, \u00e9 preciso <\/span><a href=\"https:\/\/www.aldo.com.br\/blog\/calcular-consumo-de-energia\/\" target=\"_blank\" rel=\"noopener\"><b>calcular o consumo m\u00e9dio de energia<\/b><\/a><b> do cliente nos \u00faltimos 12 meses e a cidade onde o sistema solar ser\u00e1 instalado<\/b><span style=\"font-weight: 400;\"> (para verificar a tarifa praticada pela concession\u00e1ria local). Tamb\u00e9m \u00e9 necess\u00e1rio observar se a liga\u00e7\u00e3o el\u00e9trica do local \u00e9 monof\u00e1sica, bif\u00e1sica ou trif\u00e1sica.<\/span><\/p>\n<p><span style=\"font-weight: 400;\">Nessa etapa, o consumidor deve melhorar sua efici\u00eancia energ\u00e9tica. Isso significa que, antes de dimensionar a quantidade de energia que o sistema dever\u00e1 gerar, poss\u00edveis problemas de manuten\u00e7\u00e3o ou instala\u00e7\u00e3o que estejam causando desperd\u00edcio de energia el\u00e9trica devem ser corrigidos.<\/span><\/p>\n<p><span style=\"font-weight: 400;\">Entre as a\u00e7\u00f5es necess\u00e1rias para <\/span><a href=\"https:\/\/www.aldo.com.br\/blog\/quer-economizar-energia-na-empresa-confira-essas-6-dicas\/\" target=\"_blank\" rel=\"noopener\"><span style=\"font-weight: 400;\">economizar energia<\/span><\/a><span style=\"font-weight: 400;\">, vale a pena investir na troca de l\u00e2mpadas (substituindo as tradicionais por LEDs), verificar se existem problemas na instala\u00e7\u00e3o el\u00e9trica, observar se os equipamentos ligados \u00e0 rede el\u00e9trica est\u00e3o funcionando corretamente e se n\u00e3o h\u00e1 necessidade de manuten\u00e7\u00e3o ou substitui\u00e7\u00e3o.<\/span><\/p>\n<p><span style=\"font-weight: 400;\">Com o consumo de energia melhor equacionado, \u00e9 mais simples dimensionar quais s\u00e3o os equipamentos necess\u00e1rios e <\/span><b>calcular o tamanho de um projeto fotovoltaico<\/b><span style=\"font-weight: 400;\">.<\/span><\/p>\n<p><span data-sheets-root=\"1\">\u00c9 importante que todos os testes relativos \u00e0 instala\u00e7\u00e3o sejam realizados pela equipe. Ap\u00f3s a confer\u00eancia e a aprova\u00e7\u00e3o da concession\u00e1ria de energia, deve ser feita a substitui\u00e7\u00e3o do rel\u00f3gio de luz pelo modelo bidirecional, fundamental para <a href=\"https:\/\/www.aldo.com.br\/blog\/voce-conhece-as-diferencas-entre-minigeracao-e-microgeracao-distribuida\/\">sistemas de minigera\u00e7\u00e3o e microgera\u00e7\u00e3o<\/a> (que registra a entrada e a sa\u00edda de energia).<\/span><\/p>\n<h3><b>4. Conhe\u00e7a o pre\u00e7o da energia na sua cidade\u00a0<\/b><\/h3>\n<p><span style=\"font-weight: 400;\">A tarifa de energia cobrada pelas concession\u00e1rias \u00e9 composta por v\u00e1rios fatores, e a gera\u00e7\u00e3o responde por apenas 30% do valor final. Na tarifa, entram as taxas de transmiss\u00e3o e distribui\u00e7\u00e3o da energia, os encargos setoriais e os tributos que chegam a 37% do valor final.<\/span><\/p>\n<p><span style=\"font-weight: 400;\">Os valores tamb\u00e9m variam conforme as bandeiras tarif\u00e1rias, que tendem a ser <\/span><b>mais altas em \u00e9pocas de seca<\/b><span style=\"font-weight: 400;\"> e necessidade de uso de termel\u00e9tricas para gera\u00e7\u00e3o de energia.<\/span><\/p>\n<p><span style=\"font-weight: 400;\">As distribuidoras repassam aos consumidores o valor da aquisi\u00e7\u00e3o da energia estabelecidos pela ANEEL, e tamb\u00e9m o pre\u00e7o da transmiss\u00e3o at\u00e9 o seu sistema. Por isso, as tarifas mudam conforme a regi\u00e3o do pa\u00eds e o tipo de uso (residencial, comercial, industrial ou rural).<\/span><\/p>\n<p><span style=\"font-weight: 400;\">As resolu\u00e7\u00f5es da ANEEL, que regulamentam o setor, determinam que o valor da energia gerada pelos micros ou minigeradores \u00e9 <\/span><b>o mesmo da tarifa cobrada pela concession\u00e1ria<\/b><span style=\"font-weight: 400;\">.\u00a0<\/span><\/p>\n<p><span style=\"font-weight: 400;\">Para sistemas instalados <\/span><b>at\u00e9 6 de janeiro de 2023<\/b><span style=\"font-weight: 400;\">, o valor da energia gerada \u00e9 compensado em uma rela\u00e7\u00e3o de <\/span><b>1 kWh gerado para 1 kWh consumido<\/b><span style=\"font-weight: 400;\">, sem cobran\u00e7as adicionais.<\/span><\/p>\n<p><span style=\"font-weight: 400;\">Para sistemas instalados <\/span><b>ap\u00f3s 7 de janeiro de 2023<\/b><span style=\"font-weight: 400;\">, o valor da energia gerada ser\u00e1 compensado parcialmente, uma vez que h\u00e1 a cobran\u00e7a progressiva de encargos de uso da rede el\u00e9trica, com uma taxa de <\/span><b>45% sobre a TUSD-Fio B<\/b><span style=\"font-weight: 400;\"> (Tarifa de Uso do Sistema de Distribui\u00e7\u00e3o) <\/span><b>em 2025<\/b><span style=\"font-weight: 400;\">, aumentando gradualmente at\u00e9 <\/span><a href=\"https:\/\/www.absolar.org.br\/noticia\/aneel-aprova-regulamentacao-do-marco-legal-de-energia-apos-atraso-e-retira-dupla-cobranca-da-conta-de-luz-entenda\/\" target=\"_blank\" rel=\"noopener nofollow\"><b>100% em 2029<\/b><\/a><span style=\"font-weight: 400;\">. Isso significa que os novos microgeradores e minigeradores n\u00e3o ter\u00e3o uma compensa\u00e7\u00e3o plena de 1 para 1, j\u00e1 que parte da energia ser\u00e1 destinada ao pagamento do uso da infraestrutura da rede.<\/span><\/p>\n<p><span style=\"font-weight: 400;\">Para conhecer essas regras \u00e9 primordial estudar a <\/span><b>Resolu\u00e7\u00e3o 482 da ANEEL<\/b><span style=\"font-weight: 400;\">, que estabelece as condi\u00e7\u00f5es gerais para gera\u00e7\u00e3o e as regras para compensa\u00e7\u00e3o. Tamb\u00e9m \u00e9 importante conhecer a cartilha da ag\u00eancia reguladora, com as principais informa\u00e7\u00f5es sobre homologa\u00e7\u00e3o dos projetos por todas as concession\u00e1rias nacionais.<\/span><\/p>\n<h3><b>5. Saiba qual \u00e9 a cobertura de uso de energia solar desejada\u00a0<\/b><\/h3>\n<p><span style=\"font-weight: 400;\">Ap\u00f3s analisar o consumo m\u00e9dio de energia do local, \u00e9 importante avaliar qual \u00e9 a quantidade de energia a ser gerada, segundo a expectativa do consumidor, mas tamb\u00e9m dimensionando o seu investimento.<\/span><\/p>\n<p><span style=\"font-weight: 400;\">Em outras palavras, uma instala\u00e7\u00e3o de maior porte demanda um investimento inicial maior, mas pode reduzir a tarifa de energia el\u00e9trica em uma propor\u00e7\u00e3o tamb\u00e9m maior. Por outro lado, <\/span><b>a instala\u00e7\u00e3o mais modesta \u00e9 mais econ\u00f4mica inicialmente<\/b><span style=\"font-weight: 400;\">, mas pode n\u00e3o atender \u00e0 expectativa em termos de redu\u00e7\u00e3o de tarifa.<\/span><\/p>\n<p><span style=\"font-weight: 400;\">Por isso, todos os c\u00e1lculos precisam ser elaborados com precis\u00e3o. Uma forma simplificada de estimar isso \u00e9 dividir o <\/span><a href=\"https:\/\/www.aldo.com.br\/blog\/saiba-quanto-custa-a-energia-solar-e-suas-vantagens\/\" target=\"_blank\" rel=\"noopener\"><span style=\"font-weight: 400;\">custo total de instala\u00e7\u00e3o do projeto de energia solar<\/span><\/a><span style=\"font-weight: 400;\"> pelo valor da economia mensal na conta de luz ap\u00f3s a devida instala\u00e7\u00e3o. O resultado ser\u00e1 um tempo estimado para o retorno do investimento.<\/span><\/p>\n<p><span style=\"font-weight: 400;\">\u00c9 claro que esse c\u00e1lculo precisa ser feito de maneira mais precisa, pois existem in\u00fameras vari\u00e1veis, al\u00e9m da pr\u00f3pria tarifa de energia da concession\u00e1ria, que sofre ajustes ao longo do tempo.<\/span><\/p>\n<h3><b>6. Entenda a incid\u00eancia solar na regi\u00e3o\u00a0<\/b><\/h3>\n<p><span style=\"font-weight: 400;\">Existem softwares espec\u00edficos que simplificam a an\u00e1lise, mas em linhas gerais o recomendado \u00e9 avaliar a localiza\u00e7\u00e3o geogr\u00e1fica e consultar os mapas oficiais que registram os dados de insola\u00e7\u00e3o no pa\u00eds.<\/span><\/p>\n<p><span style=\"font-weight: 400;\">A vantagem do uso do software \u00e9 que al\u00e9m do cadastro dos principais modelos de pain\u00e9is fotovoltaicos e inversores dispon\u00edveis no mercado, os programas tamb\u00e9m contam com uma base de informa\u00e7\u00f5es sobre irradia\u00e7\u00e3o solar.<\/span><\/p>\n<p><span style=\"font-weight: 400;\">Para receber a melhor insola\u00e7\u00e3o, <\/span><b>as placas devem ser voltadas para a face norte<\/b><span style=\"font-weight: 400;\">, dentro do poss\u00edvel. Caso a estrutura da edifica\u00e7\u00e3o n\u00e3o permita isso, pode haver perda de efici\u00eancia no sistema.<\/span><\/p>\n<p><span style=\"font-weight: 400;\">Com exce\u00e7\u00e3o das instala\u00e7\u00f5es localizadas na regi\u00e3o norte do Brasil, que t\u00eam os melhores \u00edndices de insola\u00e7\u00e3o, o mais indicado \u00e9 <\/span><b>instalar as faces dos pain\u00e9is para o nordeste ou noroeste<\/b><span style=\"font-weight: 400;\">, com perda de efici\u00eancia entre 2% e 5%, ou para o leste ou oeste, com perdas entre 3% e 10%.<\/span><\/p>\n<p><span style=\"font-weight: 400;\">A tabela a seguir, mostra a m\u00e9dia de incid\u00eancia solar por regi\u00e3o do Brasil. Para saber a incid\u00eancia de algum local espec\u00edfico \u00e9 poss\u00edvel acessar o <\/span><a href=\"http:\/\/labren.ccst.inpe.br\/atlas_2017.html\" target=\"_blank\" rel=\"noopener nofollow\"><span style=\"font-weight: 400;\">Atlas Brasileiro de Energia Solar<\/span><\/a><span style=\"font-weight: 400;\">.<\/span><\/p>\n<table>\n<tbody>\n<tr>\n<td><span style=\"font-weight: 400;\">Regi\u00e3o\u00a0<\/span><\/td>\n<td><span style=\"font-weight: 400;\">M\u00e9dia de Incid\u00eancia Solar (kMh\/m2\/dia)<\/span><\/td>\n<\/tr>\n<tr>\n<td><span style=\"font-weight: 400;\">Norte<\/span><\/td>\n<td><span style=\"font-weight: 400;\">5,5<\/span><\/td>\n<\/tr>\n<tr>\n<td><span style=\"font-weight: 400;\">Nordeste<\/span><\/td>\n<td><span style=\"font-weight: 400;\">6,0<\/span><\/td>\n<\/tr>\n<tr>\n<td><span style=\"font-weight: 400;\">Centro-Oeste<\/span><\/td>\n<td><span style=\"font-weight: 400;\">5,8<\/span><\/td>\n<\/tr>\n<tr>\n<td><span style=\"font-weight: 400;\">Sudeste<\/span><\/td>\n<td><span style=\"font-weight: 400;\">5,4<\/span><\/td>\n<\/tr>\n<tr>\n<td><span style=\"font-weight: 400;\">Sul<\/span><\/td>\n<td><span style=\"font-weight: 400;\">4,8<\/span><\/td>\n<\/tr>\n<\/tbody>\n<\/table>\n<p><span style=\"font-weight: 400;\">Fonte: <\/span><a href=\"http:\/\/labren.ccst.inpe.br\/atlas_2017.html\" target=\"_blank\" rel=\"noopener nofollow\"><span style=\"font-weight: 400;\">Atlas Brasileiro de Energia Solar 2\u00aa edi\u00e7\u00e3o \u2013 2017<\/span><\/a><\/p>\n<h3><b>7. Conhe\u00e7a o espa\u00e7o dispon\u00edvel\u00a0<\/b><\/h3>\n<p><span style=\"font-weight: 400;\">A \u00e1rea dispon\u00edvel para instala\u00e7\u00e3o tamb\u00e9m pode ser determinante para o projeto. Quando h\u00e1 mais espa\u00e7o dispon\u00edvel no im\u00f3vel, \u00e9 poss\u00edvel n\u00e3o somente instalar mais pain\u00e9is fotovoltaicos, como tamb\u00e9m escolher <\/span><b>a melhor localiza\u00e7\u00e3o e inclina\u00e7\u00e3o deles<\/b><span style=\"font-weight: 400;\">.<\/span><\/p>\n<p><span style=\"font-weight: 400;\">Nas situa\u00e7\u00f5es em que h\u00e1 interesse na gera\u00e7\u00e3o de energia solar sem espa\u00e7o adequado dispon\u00edvel, existem outras solu\u00e7\u00f5es poss\u00edveis, como a j\u00e1 citada gera\u00e7\u00e3o remota.<\/span><\/p>\n<h3><b>Quais fatores influenciam a gera\u00e7\u00e3o de energia das placas solares?<\/b><\/h3>\n<p><span style=\"font-weight: 400;\">A efici\u00eancia de um sistema de energia solar depende de v\u00e1rios fatores que podem tanto colaborar quanto prejudicar a produ\u00e7\u00e3o de eletricidade.<\/span><\/p>\n<p><span style=\"font-weight: 400;\">O primeiro ponto \u00e9 a <\/span><b>incid\u00eancia de luz solar<\/b><span style=\"font-weight: 400;\">, afinal, a quantidade que atinge os pain\u00e9is \u00e9 o principal fator para a gera\u00e7\u00e3o de energia. Regi\u00f5es com maior exposi\u00e7\u00e3o solar tendem a produzir mais eletricidade. Por outro lado, dias nublados ou chuvosos podem reduzir a efici\u00eancia dos pain\u00e9is.\u00a0<\/span><\/p>\n<p><span style=\"font-weight: 400;\">Recomenda-se realizar a medi\u00e7\u00e3o da radia\u00e7\u00e3o solar na \u00e1rea em que o sistema fotovoltaico ser\u00e1 instalado. \u00c9 importante conduzir essa etapa com muito cuidado, levando em considera\u00e7\u00e3o as diferentes horas do dia e as potenciais vari\u00e1veis de energia. Em termos pr\u00e1ticos, essa tarefa \u00e9 feita por um piran\u00f4metro, que \u00e9 o equipamento com maior precis\u00e3o para esse tipo de c\u00e1lculo.\u00a0<\/span><\/p>\n<p><span style=\"font-weight: 400;\">Al\u00e9m disso, outros fatores tamb\u00e9m t\u00eam relev\u00e2ncia no dimensionamento e instala\u00e7\u00e3o dos equipamentos:<\/span><\/p>\n<ul>\n<li style=\"font-weight: 400;\" aria-level=\"1\"><b>orienta\u00e7\u00e3o e inclina\u00e7\u00e3o dos pain\u00e9is<\/b><span style=\"font-weight: 400;\">: a orienta\u00e7\u00e3o ideal dos pain\u00e9is \u00e9 aquela que maximiza a capta\u00e7\u00e3o da luz solar ao longo do dia. No Hemisf\u00e9rio Sul, por exemplo, os pain\u00e9is devem estar voltados para o norte. A inclina\u00e7\u00e3o tamb\u00e9m deve ser ajustada conforme a latitude local para otimizar a exposi\u00e7\u00e3o solar;<\/span><\/li>\n<li style=\"font-weight: 400;\" aria-level=\"1\"><b>sombreamento<\/b><span style=\"font-weight: 400;\">: \u00e1rvores, pr\u00e9dios ou qualquer outro objeto que fa\u00e7a sombra sobre os pain\u00e9is solares pode reduzir a quantidade de luz recebida e, consequentemente, a energia gerada;<\/span><\/li>\n<li style=\"font-weight: 400;\" aria-level=\"1\"><b>manuten\u00e7\u00e3o<\/b><span style=\"font-weight: 400;\">: pain\u00e9is sujos ou mal conservados podem ter sua capacidade de gera\u00e7\u00e3o reduzida. Limpeza regular e inspe\u00e7\u00e3o dos sistemas s\u00e3o essenciais para manter a sua efici\u00eancia;<\/span><\/li>\n<li style=\"font-weight: 400;\" aria-level=\"1\"><b>qualidade dos equipamentos<\/b><span style=\"font-weight: 400;\">: a qualidade dos pain\u00e9is solares e dos inversores tamb\u00e9m influencia diretamente a produ\u00e7\u00e3o de energia. Equipamentos de alta qualidade tendem a ser mais eficientes e duradouros.<\/span><\/li>\n<\/ul>\n<p><span style=\"font-weight: 400;\">Entender esses fatores \u00e9 fundamental para otimizar a instala\u00e7\u00e3o e garantir que o sistema solar funcione com a m\u00e1xima efici\u00eancia, proporcionando o maior retorno poss\u00edvel sobre o investimento.<\/span><\/p>\n<h3><b>C<\/b><b>\u00e1lculo a pot\u00eancia do inversor<\/b><\/h3>\n<p><span style=\"font-weight: 400;\">Realizado o c\u00e1lculo dos pain\u00e9is solares, \u00e9 poss\u00edvel definir a pot\u00eancia do inversor solar ideal para suprir a necessidade de consumo.\u00a0<\/span><\/p>\n<p><span style=\"font-weight: 400;\">H\u00e1 uma variedade de modelos e marcas de inversores dispon\u00edveis no mercado, e muitos deles s\u00e3o projetados para suportar uma sobrecarga de pot\u00eancia, o que contribui para otimizar os custos e reduzir o tempo de retorno do investimento.<\/span><\/p>\n<p><b>Importante<\/b><span style=\"font-weight: 400;\">: a sobrecarga, ou overload, refere-se \u00e0 capacidade m\u00e1xima de entrada de pot\u00eancia que o inversor pode suportar al\u00e9m de sua pot\u00eancia nominal.<\/span><\/p>\n<p><span style=\"font-weight: 400;\">Vamos fazer um c\u00e1lculo para uma fam\u00edlia de 5 pessoas com consumo m\u00e9dio de 500 kWh por m\u00eas. Para esse lar, poderia ser utilizado um inversor de 4 kW, com overload de 13%, uma vez que a pot\u00eancia total em pain\u00e9is seria de 4,5 1 kW (11 pain\u00e9is x 0,410 kW).<\/span><\/p>\n<p><span style=\"font-weight: 400;\">Aqui, um ponto merece uma aten\u00e7\u00e3o especial. Se a instala\u00e7\u00e3o dos pain\u00e9is solares acontecer com orienta\u00e7\u00f5es diferentes, deve-se optar por um inversor que tenha, pelo menos, 02 MPPTs independentes para se obter maior efic\u00e1cia na gera\u00e7\u00e3o.<\/span><\/p>\n<h3><b>C\u00e1lculo da \u00e1rea para instala\u00e7\u00e3o dos pain\u00e9is fotovoltaicos<\/b><\/h3>\n<p><span style=\"font-weight: 400;\">Com o c\u00e1lculo de pot\u00eancia de todos os equipamentos em m\u00e3os, chega a hora de calcular a \u00e1rea de instala\u00e7\u00e3o dos pain\u00e9is fotovoltaicos. O primeiro passo \u00e9 saber as dimens\u00f5es do m\u00f3dulo utilizado.<\/span><\/p>\n<p><span style=\"font-weight: 400;\">Ainda no nosso exemplo, como usamos um m\u00f3dulo de 410 W, as dimens\u00f5es s\u00e3o de 2015 mm de altura \u00d7 996 mm de largura. Assim, a f\u00f3rmula matem\u00e1tica \u00e9: <\/span><b>11 pain\u00e9is x 2,015 m x 0,996 m = 22 m2<\/b><span style=\"font-weight: 400;\">.<\/span><\/p>\n<p><b>Aten\u00e7\u00e3o em instala\u00e7\u00e3o sobre telhados<\/b><span style=\"font-weight: 400;\">: antes de escolher a estrutura que receber\u00e1 os pain\u00e9is, \u00e9 necess\u00e1rio avaliar o tipo das telhas para definir a compatibilidade entre os materiais.<\/span><\/p>\n<h2><b>Com isso, vale a pena investir em energia solar?<\/b><\/h2>\n<p><span style=\"font-weight: 400;\">Investir em <\/span><a href=\"https:\/\/www.aldo.com.br\/blog\/como-funciona-o-processo-de-geracao-de-energia-solar\/\" target=\"_blank\" rel=\"noopener\"><span style=\"font-weight: 400;\">energia solar<\/span><\/a><span style=\"font-weight: 400;\"> \u00e9 uma das <\/span><b>decis\u00f5es mais inteligentes que voc\u00ea pode tomar para reduzir suas despesas com energia el\u00e9trica<\/b><span style=\"font-weight: 400;\"> e, ao mesmo tempo, contribuir para um futuro mais sustent\u00e1vel.\u00a0<\/span><\/p>\n<p><span style=\"font-weight: 400;\">Ao instalar pain\u00e9is solares, voc\u00ea n\u00e3o apenas diminui drasticamente sua conta de luz, como tamb\u00e9m se protege contra os aumentos nas tarifas de energia ao longo dos anos.\u00a0<\/span><\/p>\n<p><span style=\"font-weight: 400;\">Os <\/span><a href=\"https:\/\/www.aldo.com.br\/blog\/saiba-qual-o-preco-e-os-custos-de-instalacao-de-painel-solar\/\" target=\"_blank\" rel=\"noopener\"><span style=\"font-weight: 400;\">custos dos pain\u00e9is solares<\/span><\/a><span style=\"font-weight: 400;\"> v\u00eam diminuindo muito. O retorno do investimento acontece de forma gradual, com a economia mensal na conta de energia se acumulando at\u00e9 que, em poucos anos, o sistema se pague por completo e continue gerando benef\u00edcios financeiros.<\/span><\/p>\n<p><span style=\"font-weight: 400;\">Al\u00e9m disso, a <\/span><b>valoriza\u00e7\u00e3o do im\u00f3vel e a independ\u00eancia energ\u00e9tica <\/b><span style=\"font-weight: 400;\">s\u00e3o outros fatores que tornam o investimento ainda mais atraente.\u00a0<\/span><\/p>\n<h2><b>Quais s\u00e3o as ferramentas para calcular o tamanho do projeto?\u00a0<\/b><\/h2>\n<p><span style=\"font-weight: 400;\">Como voc\u00ea percebeu, um dos pontos mais cr\u00edticos para instala\u00e7\u00e3o de um projeto \u00e9 o seu dimensionamento. Alguns fabricantes e empresas especializadas oferecem suporte nessa etapa do dimensionamento do projeto fotovoltaico, o que contribui para mais seguran\u00e7a.\u00a0<\/span><\/p>\n<p><b>Lembre-se<\/b><span style=\"font-weight: 400;\">: dimensionar o projeto corretamente \u00e9 essencial para garantir o melhor resultado e a satisfa\u00e7\u00e3o do cliente.<\/span><\/p>\n<h2><b>Encontre o kit de energia solar ideal para o seu projeto<\/b><\/h2>\n<p><span style=\"font-weight: 400;\">Agora que voc\u00ea j\u00e1 sabe quantas placas solares por m2 voc\u00ea precisar\u00e1, \u00e9 hora de escolher o kit de energia solar ideal para suas necessidades. Na <\/span><a href=\"https:\/\/www.aldo.com.br\/\" target=\"_blank\" rel=\"noopener\"><span style=\"font-weight: 400;\">Aldo Solar<\/span><\/a><span style=\"font-weight: 400;\">, oferecemos uma ampla variedade de kits solares de alta qualidade, prontos para atender aos mais diversos projetos.<\/span><\/p>\n<p><span style=\"font-weight: 400;\">Explore nossa <\/span><a href=\"https:\/\/www.aldo.com.br\/\" target=\"_blank\" rel=\"noopener\"><span style=\"font-weight: 400;\">loja online<\/span><\/a><span style=\"font-weight: 400;\"> e descubra as melhores op\u00e7\u00f5es do mercado. Se precisar de orienta\u00e7\u00e3o personalizada, nossa equipe de vendas est\u00e1 \u00e0 disposi\u00e7\u00e3o para ajudar voc\u00ea a fazer a escolha certa. <\/span><a href=\"https:\/\/www.aldo.com.br\/institucional\/faleconosco\/?utm_source=blog&amp;utm_medium=post&amp;utm_content=cta-contato&amp;utm_campaign=calcular-projeto-fotovoltaico\" target=\"_blank\" rel=\"noopener\"><span style=\"font-weight: 400;\">Entre em contato!<\/span><\/a><\/p>\n","protected":false},"excerpt":{"rendered":"<p>V\u00e1rios fatores devem ser considerados na hora de investir na instala\u00e7\u00e3o de um sistema fotovoltaico para o melhor aproveitamento poss\u00edvel e o c\u00e1lculo do sistema fotovoltaico \u00e9 um deles. E este artigo d\u00e1 o caminho das pedras. Leia aqui!<\/p>\n","protected":false},"author":5,"featured_media":6694,"comment_status":"open","ping_status":"open","sticky":false,"template":"","format":"standard","meta":{"_glsr_average":0,"_glsr_ranking":0,"_glsr_reviews":0,"footnotes":""},"categories":[384,31],"tags":[705,704,1025,37,707,1026,706,306],"class_list":["post-6693","post","type-post","status-publish","format-standard","has-post-thumbnail","hentry","category-artigos-tecnicos","category-energia-solar","tag-calculadora-solar","tag-calculo","tag-calculo-do-sistema-fotovoltaico","tag-energia-solar","tag-irradiancia-solar","tag-piranometro","tag-radiacao-solar","tag-sistema-fotovoltaico"],"_links":{"self":[{"href":"https:\/\/www.aldo.com.br\/blog\/wp-json\/wp\/v2\/posts\/6693","targetHints":{"allow":["GET"]}}],"collection":[{"href":"https:\/\/www.aldo.com.br\/blog\/wp-json\/wp\/v2\/posts"}],"about":[{"href":"https:\/\/www.aldo.com.br\/blog\/wp-json\/wp\/v2\/types\/post"}],"author":[{"embeddable":true,"href":"https:\/\/www.aldo.com.br\/blog\/wp-json\/wp\/v2\/users\/5"}],"replies":[{"embeddable":true,"href":"https:\/\/www.aldo.com.br\/blog\/wp-json\/wp\/v2\/comments?post=6693"}],"version-history":[{"count":9,"href":"https:\/\/www.aldo.com.br\/blog\/wp-json\/wp\/v2\/posts\/6693\/revisions"}],"predecessor-version":[{"id":15009,"href":"https:\/\/www.aldo.com.br\/blog\/wp-json\/wp\/v2\/posts\/6693\/revisions\/15009"}],"wp:featuredmedia":[{"embeddable":true,"href":"https:\/\/www.aldo.com.br\/blog\/wp-json\/wp\/v2\/media\/6694"}],"wp:attachment":[{"href":"https:\/\/www.aldo.com.br\/blog\/wp-json\/wp\/v2\/media?parent=6693"}],"wp:term":[{"taxonomy":"category","embeddable":true,"href":"https:\/\/www.aldo.com.br\/blog\/wp-json\/wp\/v2\/categories?post=6693"},{"taxonomy":"post_tag","embeddable":true,"href":"https:\/\/www.aldo.com.br\/blog\/wp-json\/wp\/v2\/tags?post=6693"}],"curies":[{"name":"wp","href":"https:\/\/api.w.org\/{rel}","templated":true}]}}