{"id":6648,"date":"2020-10-23T09:06:16","date_gmt":"2020-10-23T12:06:16","guid":{"rendered":"https:\/\/www.aldo.com.br\/blog\/?p=6648"},"modified":"2020-10-23T11:44:43","modified_gmt":"2020-10-23T14:44:43","slug":"o-mercado-solar-e-o-novo-rei-dos-mercados-de-energia","status":"publish","type":"post","link":"https:\/\/www.aldo.com.br\/blog\/o-mercado-solar-e-o-novo-rei-dos-mercados-de-energia","title":{"rendered":"O mercado solar \u00e9 o novo rei dos mercados de energia"},"content":{"rendered":"<p style=\"font-weight: 400;\">O diretor executivo da Ag\u00eancia Internacional de Energia (IEA), Fatih Birol, lan\u00e7ou na primeira quinzena de outubro o relat\u00f3rio da organiza\u00e7\u00e3o, World Energy Outlook 2020. Birol \u00e9 um dos maiores especialistas globais em energia. Em sua declara\u00e7\u00e3o, o executivo frisou: \u201cO mercado solar \u00e9 o novo rei dos mercados de energia\u201d.<\/p>\n<p style=\"font-weight: 400;\">Entretanto, Birol disse que o estudo trouxe uma perspectiva nada otimista quanto \u00e0s expectativas de limitar o aumento da temperatura global a 1,5 grau Celsius. Questionado, se as emiss\u00f5es globais zero seriam poss\u00edveis at\u00e9 meados do s\u00e9culo, disse apenas: \u201cTeoricamente, n\u00e3o \u00e9 imposs\u00edvel.\u201d<\/p>\n<p style=\"font-weight: 400;\">Assim, O foco do conjunto de previs\u00f5es da IEA incide na crise da Covid-19 vivida pelo mundo desde a \u00faltima edi\u00e7\u00e3o, em novembro. O cen\u00e1rio de &#8216;pol\u00edticas declaradas&#8217; (STEPS) lan\u00e7a as expectativas de governos globais de que o novo coronav\u00edrus ser\u00e1 contido no pr\u00f3ximo ano. Assim, a recupera\u00e7\u00e3o econ\u00f4mica estar\u00e1 completa at\u00e9 o final do ano.<\/p>\n<p style=\"font-weight: 400;\">Tal perspectiva prev\u00ea que a situa\u00e7\u00e3o de desenvolvimento sustent\u00e1vel apoia-se na previs\u00e3o de pol\u00edticas declaradas. Estas preveem a ado\u00e7\u00e3o de leis alinhadas com os ideias do acordo clim\u00e1tico de Paris e do \u201czero emiss\u00f5es at\u00e9 2050\u201d. Dessa forma, a previs\u00e3o estende o objetivo da situa\u00e7\u00e3o da SDS para 2050-70, considerando o que seria necess\u00e1rio para atingir a meta em meados do s\u00e9culo.<\/p>\n<h4>Fontes de energia com menor custo j\u00e1 vista<\/h4>\n<p style=\"font-weight: 400;\">De acordo com o quadro de &#8216;recupera\u00e7\u00e3o atrasada&#8217; (DRS) da IEA apresenta um choque Covid-19 estendido, com a n\u00e3o recupera\u00e7\u00e3o da economia global at\u00e9 2023. Estima-se, ainda, que o mundo entre na d\u00e9cada de menor crescimento da demanda de energia desde 1930.<\/p>\n<p style=\"font-weight: 400;\">\u00c9 importante salientar que houve muita aceita\u00e7\u00e3o dos projetos solares fotovoltaicos. \u201cEles agora oferecem uma das fontes de energia com menor custo j\u00e1 vista\u201d, de acordo com a IEA. O financiamento e os custos de materiais cada vez mais baratos fariam a energia solar desempenhar um grande papel na energia renov\u00e1vel. Isso contribuiria com 80% do crescimento anual esperado de 9% na demanda global de energia at\u00e9 2030, no cen\u00e1rio STEPS da organiza\u00e7\u00e3o. A energia hidrel\u00e9trica ainda dominaria. Entretanto, haveria recordes de implanta\u00e7\u00e3o de energia solar todos os anos, a partir de 2022 at\u00e9 o final da d\u00e9cada, de acordo com a IEA.<\/p>\n<h4>Energia solar para desenvolvimento sustent\u00e1vel<\/h4>\n<p style=\"font-weight: 400;\">A energia solar &#8211; e nuclear &#8211; contribu\u00edram ainda mais em um desenvolvimento sustent\u00e1vel mais otimista e com previs\u00f5es de zero emiss\u00f5es. Isso levaria a uma grande necessidade de redes melhoradas, flexibilidade energ\u00e9tica e armazenamento de energia. Desta forma, esse cen\u00e1rio contaria com a \u00cdndia se tornando o maior mercado mundial de armazenamento em escala de servi\u00e7o p\u00fablico, em algum momento.<\/p>\n<p style=\"font-weight: 400;\">Al\u00e9m disso, grandes investimentos ser\u00e3o necess\u00e1rios para atualizar as redes de eletricidade. Isso em um momento em que muitas concession\u00e1rias est\u00e3o em crise financeira, especialmente nos pa\u00edses em desenvolvimento.<\/p>\n<p style=\"font-weight: 400;\">As chances de acelerar a queda da produ\u00e7\u00e3o de energia a carv\u00e3o foram intensificadas pela Covid-19. Assim, tal constata\u00e7\u00e3o se refletiu pelas expectativas de que 275 GW de capacidade de energia a carv\u00e3o seriam fechadas at\u00e9 2025. Isso inclui 100 GW nos EUA e 75 GW na UE. Os 39% da eletricidade mundial gerada a partir do carv\u00e3o, no ano passado, devem cair para 28% at\u00e9 2030.<\/p>\n<h4>Mudan\u00e7as no comportamento do consumidor<\/h4>\n<p style=\"font-weight: 400;\">Houve menos perspectiva imediata do &#8216;pico do petr\u00f3leo&#8217;, que tem sido objeto de especula\u00e7\u00e3o em alguns trimestres deste ano. J\u00e1, as fortunas do g\u00e1s depender\u00e3o muito da pol\u00edtica, de acordo com a AIE. Ainda, pode haver um aumento de 30% na demanda global de g\u00e1s at\u00e9 2040. O motivo se deve \u00e0 pol\u00edtica de ar puro e o crescimento da manufatura no sul e no leste da \u00c1sia.<\/p>\n<p style=\"font-weight: 400;\">Assim, os valores do petr\u00f3leo e do g\u00e1s ca\u00edram um quarto este ano. Assim, a ind\u00fastria deu baixa de US $ 50 bilh\u00f5es em ativos, at\u00e9 agora, em 2020. S\u00e3o fatos que refletem mudan\u00e7as no comportamento do consumidor.<\/p>\n<p style=\"font-weight: 400;\">No lan\u00e7amento da IEA, Birol declarou que apenas 2,5% das vendas de ve\u00edculos novos foram el\u00e9tricos. Isso, apesar de todas as cr\u00edticas sobre o r\u00e1pido aumento do n\u00famero de ve\u00edculos el\u00e9tricos (EVs) nas estradas este ano. Diante disso, cerca de 42% das novas vendas foram de SUVs, que consomem muita gasolina, disse Birol.<\/p>\n<h4 style=\"font-weight: 400;\"><strong>China anuncia emiss\u00e3o zero em 2060<\/strong><\/h4>\n<p>A China poderia dar \u00e0 transi\u00e7\u00e3o energ\u00e9tica uma contribui\u00e7\u00e3o por meio de seu recente an\u00fancio de emiss\u00e3o zero em 2060. Sobre esse assunto, Birol disse que a a\u00e7\u00e3o da China, no alcance da meta estabelecida pelo presidente\u00a0<a href=\"https:\/\/www.google.com\/search?sxsrf=ALeKk02OuZEcTZPycvzAWb6kY2jjCFvFXQ:1603286010198&amp;q=Xi+Jinping&amp;stick=H4sIAAAAAAAAAONgVuLUz9U3MEtLMzN4xGjCLfDyxz1hKe1Ja05eY1Tl4grOyC93zSvJLKkUEudig7J4pbi5ELp4FrFyRWQqeGXmFWTmpQMAOqLUDVEAAAA\" data-saferedirecturl=\"https:\/\/www.google.com\/url?q=https:\/\/www.google.com\/search?sxsrf%3DALeKk02OuZEcTZPycvzAWb6kY2jjCFvFXQ:1603286010198%26q%3DXi%2BJinping%26stick%3DH4sIAAAAAAAAAONgVuLUz9U3MEtLMzN4xGjCLfDyxz1hKe1Ja05eY1Tl4grOyC93zSvJLKkUEudig7J4pbi5ELp4FrFyRWQqeGXmFWTmpQMAOqLUDVEAAAA&amp;source=gmail&amp;ust=1603539851075000&amp;usg=AFQjCNH-fOUm5E3OYO48VpF0mYp9IL1MMw\" rel=\"nofollow noopener\" target=\"_blank\">Xi Jinping<\/a>, ser\u00e1 cr\u00edtica para determinar a mudan\u00e7a clim\u00e1tica.<\/p>\n<p style=\"font-weight: 400;\">Para concluir, Birol disse que n\u00e3o haveria atalhos para a transi\u00e7\u00e3o energ\u00e9tica. \u201cSe levarmos sinceramente a s\u00e9rio sobre como abordar as mudan\u00e7as clim\u00e1ticas, precisaremos de transforma\u00e7\u00f5es profundas em nosso sistema de energia. Elas devem ser orientadas por pol\u00edticas de energia boas e corretas.\u201d<\/p>\n<p style=\"font-weight: 400;\">Podemos finalizar corroborando a necessidade urgente de implementar pol\u00edticas s\u00e9rias para transformar o consumo de energia. Nesse sentido, o mercado solar deve alcan\u00e7ar amplamente o status de rei dos mercados de energia.<\/p>\n<p style=\"font-weight: 400;\">Por fim, o mundo est\u00e1 de olho nas potencialidades da energia solar e sua forte influ\u00eancia para a sustentabilidade. Fa\u00e7a voc\u00ea a sua parte e comece a se inteirar mais no assunto, acessando <a href=\"https:\/\/www.aldo.com.br\/blog\/\" data-saferedirecturl=\"https:\/\/www.google.com\/url?q=https:\/\/www.aldo.com.br\/blog\/&amp;source=gmail&amp;ust=1603539851075000&amp;usg=AFQjCNFuwRxDCPrApV9dzvdHQd4iBEI8Cg\">nossos artigos<\/a>!<\/p>\n","protected":false},"excerpt":{"rendered":"<p>Acompanhe o artigo no qual explicamos o porqu\u00ea do diretor executivo da Ag\u00eancia Internacional de Energia (IEA) afirmar que o mercado solar \u00e9 o novo rei dos mercados de energia.<\/p>\n","protected":false},"author":4,"featured_media":6649,"comment_status":"open","ping_status":"open","sticky":false,"template":"","format":"standard","meta":{"_glsr_average":0,"_glsr_ranking":0,"_glsr_reviews":0,"footnotes":""},"categories":[31],"tags":[688,145,689,690,691],"class_list":["post-6648","post","type-post","status-publish","format-standard","has-post-thumbnail","hentry","category-energia-solar","tag-agencia-internacional-de-energia","tag-covid-19","tag-mercados-internacionais","tag-recuperacao-economica","tag-rei-dos-mercados-de-energia"],"_links":{"self":[{"href":"https:\/\/www.aldo.com.br\/blog\/wp-json\/wp\/v2\/posts\/6648","targetHints":{"allow":["GET"]}}],"collection":[{"href":"https:\/\/www.aldo.com.br\/blog\/wp-json\/wp\/v2\/posts"}],"about":[{"href":"https:\/\/www.aldo.com.br\/blog\/wp-json\/wp\/v2\/types\/post"}],"author":[{"embeddable":true,"href":"https:\/\/www.aldo.com.br\/blog\/wp-json\/wp\/v2\/users\/4"}],"replies":[{"embeddable":true,"href":"https:\/\/www.aldo.com.br\/blog\/wp-json\/wp\/v2\/comments?post=6648"}],"version-history":[{"count":0,"href":"https:\/\/www.aldo.com.br\/blog\/wp-json\/wp\/v2\/posts\/6648\/revisions"}],"wp:featuredmedia":[{"embeddable":true,"href":"https:\/\/www.aldo.com.br\/blog\/wp-json\/wp\/v2\/media\/6649"}],"wp:attachment":[{"href":"https:\/\/www.aldo.com.br\/blog\/wp-json\/wp\/v2\/media?parent=6648"}],"wp:term":[{"taxonomy":"category","embeddable":true,"href":"https:\/\/www.aldo.com.br\/blog\/wp-json\/wp\/v2\/categories?post=6648"},{"taxonomy":"post_tag","embeddable":true,"href":"https:\/\/www.aldo.com.br\/blog\/wp-json\/wp\/v2\/tags?post=6648"}],"curies":[{"name":"wp","href":"https:\/\/api.w.org\/{rel}","templated":true}]}}