{"id":2966,"date":"2020-02-27T13:47:10","date_gmt":"2020-02-27T16:47:10","guid":{"rendered":"https:\/\/blog.aldo.com.br\/?p=2966"},"modified":"2021-05-24T09:13:17","modified_gmt":"2021-05-24T12:13:17","slug":"jinko-solar-recebe-o-premio-internacional","status":"publish","type":"post","link":"https:\/\/www.aldo.com.br\/blog\/jinko-solar-recebe-o-premio-internacional","title":{"rendered":"Jinko Solar recebe o Pr\u00eamio Internacional"},"content":{"rendered":"<p>A fabricante foi agraciada com o <strong>\u201cTop Brand PV Europe Seal 2020\u201d<\/strong> da EuPD Research pelo segundo ano consecutivo.<\/p>\n<p>A <a href=\"https:\/\/www.aldo.com.br\/loja\/marcas\/jinko-solar?utm_source=blog&amp;utm_medium=jinko&amp;utm_campaign=premio\">Jinko Solar<\/a>, um dos maiores e mais inovadores fabricantes de m\u00f3dulos solares do mundo, anuncia que foi premiada com o &#8216;Top Brand PV Europe Seal 2020&#8217; pelo Instituto de Pesquisa reconhecido internacionalmente, a EuPD Research, pelo segundo ano consecutivo.<\/p>\n<p>Assim, a EuPD Research premia as principais marcas fotovoltaicas com base em sua Pesquisa Global de Instaladores Fotovoltaicos, que re\u00fane as opini\u00f5es dos instaladores dos principais mercados solares da Europa e do mundo. Instaladores solares em alguns dos mais importantes mercados europeus, incluindo Alemanha, \u00c1ustria, Su\u00ed\u00e7a, Espanha e Fran\u00e7a, participaram da pesquisa em que a <strong>Jinko Solar<\/strong> foi identificada por seus produtos de alta qualidade e excelente atendimento ao cliente.<\/p>\n<p>Al\u00e9m disso, a Jinko Solar tamb\u00e9m recebeu o <strong>&#8216;Selo Top PV PV Australia 2020&#8217;<\/strong> pelo terceiro ano consecutivo na Austr\u00e1lia. O recebimento desse pr\u00eamio consolida ainda mais a forte reputa\u00e7\u00e3o da Jinko Solar e a posi\u00e7\u00e3o de l\u00edder de mercado na Europa e na Austr\u00e1lia.<\/p>\n<p>E o Sr. Frank Niendorf, Gerente Geral da Jinko Solar Europa, comenta que: \u201cEstamos muito orgulhosos em receber esse importante pr\u00eamio por nosso trabalho na Europa e Austr\u00e1lia pelo segundo e terceiro ano consecutivos, respectivamente. O reconhecimento pelos parceiros com os quais trabalhamos n\u00e3o apenas prova que a Jinko Solar \u00e9 a marca preferida para trabalhar, mas tamb\u00e9m reflete nossa forte reputa\u00e7\u00e3o e compromisso com nossos clientes\u201d.<\/p>\n<p>E ele ainda complementa: \u201cOs produtos solares e o atendimento ao cliente altamente confi\u00e1veis da Jinko Solar contribu\u00edram significativamente para o crescimento de nossa base de clientes nesses importantes mercados. Nossa estrat\u00e9gia para inovar e liderar o setor, estabelecendo padr\u00f5es, continua fortalecendo nossa posi\u00e7\u00e3o como a escolha preferida na Europa e na Austr\u00e1lia\u201d, finaliza.<\/p>\n<p><!--more--><a href=\"https:\/\/www.aldo.com.br\/loja\/marcas\/jinko-solar#geradores-de-energia-solar-com-jinko\"><img fetchpriority=\"high\" decoding=\"async\" class=\"alignnone size-full wp-image-2973\" src=\"https:\/\/blog.aldo.com.br\/wp-content\/uploads\/2020\/02\/call-action-blog.png\" alt=\"geradores aldo solar jinko\" width=\"748\" height=\"100\" title=\"\" srcset=\"https:\/\/www.aldo.com.br\/blog\/wp-content\/uploads\/2020\/02\/call-action-blog.png 748w, https:\/\/www.aldo.com.br\/blog\/wp-content\/uploads\/2020\/02\/call-action-blog-300x40.png 300w\" sizes=\"(max-width: 748px) 100vw, 748px\" \/><\/a><\/p>\n","protected":false},"excerpt":{"rendered":"<p>Jinko Solar recebe o Pr\u00eamio Internacional. A fabricante foi agraciada com o \u201cTop Brand PV Europe Seal 2020\u201d da EuPD Research pelo segundo ano consecutivo.<\/p>\n","protected":false},"author":2,"featured_media":2967,"comment_status":"open","ping_status":"open","sticky":false,"template":"","format":"standard","meta":{"_glsr_average":0,"_glsr_ranking":0,"_glsr_reviews":0,"footnotes":""},"categories":[42],"tags":[56,69,37,59,87,79,80,84,115,114],"class_list":["post-2966","post","type-post","status-publish","format-standard","has-post-thumbnail","hentry","category-noticias","tag-aldo-solar","tag-energia-fotovoltaica","tag-energia-solar","tag-gerador-de-energia-solar","tag-geradores-solar","tag-jinko-solar","tag-paineis-solares","tag-painel-solar","tag-selo-top-pv-pv","tag-top-brand-pv-europe-seal-2020"],"_links":{"self":[{"href":"https:\/\/www.aldo.com.br\/blog\/wp-json\/wp\/v2\/posts\/2966","targetHints":{"allow":["GET"]}}],"collection":[{"href":"https:\/\/www.aldo.com.br\/blog\/wp-json\/wp\/v2\/posts"}],"about":[{"href":"https:\/\/www.aldo.com.br\/blog\/wp-json\/wp\/v2\/types\/post"}],"author":[{"embeddable":true,"href":"https:\/\/www.aldo.com.br\/blog\/wp-json\/wp\/v2\/users\/2"}],"replies":[{"embeddable":true,"href":"https:\/\/www.aldo.com.br\/blog\/wp-json\/wp\/v2\/comments?post=2966"}],"version-history":[{"count":2,"href":"https:\/\/www.aldo.com.br\/blog\/wp-json\/wp\/v2\/posts\/2966\/revisions"}],"predecessor-version":[{"id":9277,"href":"https:\/\/www.aldo.com.br\/blog\/wp-json\/wp\/v2\/posts\/2966\/revisions\/9277"}],"wp:featuredmedia":[{"embeddable":true,"href":"https:\/\/www.aldo.com.br\/blog\/wp-json\/wp\/v2\/media\/2967"}],"wp:attachment":[{"href":"https:\/\/www.aldo.com.br\/blog\/wp-json\/wp\/v2\/media?parent=2966"}],"wp:term":[{"taxonomy":"category","embeddable":true,"href":"https:\/\/www.aldo.com.br\/blog\/wp-json\/wp\/v2\/categories?post=2966"},{"taxonomy":"post_tag","embeddable":true,"href":"https:\/\/www.aldo.com.br\/blog\/wp-json\/wp\/v2\/tags?post=2966"}],"curies":[{"name":"wp","href":"https:\/\/api.w.org\/{rel}","templated":true}]}}