{"id":2185,"date":"2019-04-09T12:25:40","date_gmt":"2019-04-09T12:25:40","guid":{"rendered":"https:\/\/blog.aldo.com.br\/?p=2185"},"modified":"2021-05-19T16:38:05","modified_gmt":"2021-05-19T19:38:05","slug":"intel-reconhece-aldo-como-distribuidor-inovacao-americas","status":"publish","type":"post","link":"https:\/\/www.aldo.com.br\/blog\/intel-reconhece-aldo-como-distribuidor-inovacao-americas","title":{"rendered":"Intel reconhece ALDO como Distribuidor Inova\u00e7\u00e3o Am\u00e9ricas"},"content":{"rendered":"<p><em>A l\u00edder na ind\u00fastria de semicondutores reconheceu a <a href=\"https:\/\/www.aldo.com.br\/marcas\/intel\" target=\"_blank\" rel=\"noopener\"><strong>ALDO como uma das mais inovadoras distribuidoras<\/strong> <\/a>de TI das Am\u00e9ricas pelo projeto e pr\u00e1ticas na constru\u00e7\u00e3o de sua nova sede<\/em><\/p>\n<p>A ALDO, uma das maiores distribuidoras de solu\u00e7\u00f5es de Energia Solar, TI e Drones, foi reconhecida pela Intel Corporation, uma das maiores empresas de semicondutores do mundo, com o <strong>Trof\u00e9u DISTRIBUIDOR INOVA\u00c7\u00c3O AM\u00c9RICAS 2018<\/strong>.<\/p>\n<p>A premia\u00e7\u00e3o consolida a parceria de 17 anos entre a Intel e ALDO e \u00e9 fruto do reconhecimento aos investimentos da ALDO em inova\u00e7\u00e3o. Em 2018 inaugurou sua nova sede com 17.000 m<sup>2<\/sup>\u00a0constru\u00eddos,\u00a0sendo 800 m<sup>2<\/sup>\u00a0dedicados exclusivamente para manufatura de servidores e computadores. Na Sala Limpa, totalmente climatizada, com controle do ar, umidade e ventila\u00e7\u00e3o, que evita a contamina\u00e7\u00e3o por part\u00edculas presentes no ar, s\u00e3o fabricados servidores, desktops e ultratops, todos eles com processadores Intel. Al\u00e9m disso, uma sala-cofre na nova sede da empresa abriga o novo data center da Aldo que conta com tecnologia 100% Intel.<\/p>\n<p>A entrega do pr\u00eamio aconteceu durante o encontro anual de <strong><a href=\"https:\/\/www.aldo.com.br\/marcas\/intel\">distribuidores Intel<\/a><\/strong> em Denver, Colorado, nos Estados Unidos e foi recebido por La\u00eds Michels Teixeira, diretora de Vendas e Marketing ALDO.<\/p>\n<p>A<strong><a href=\"https:\/\/www.aldo.com.br\/marcas\/intel\" rel=\"nofollow\"> Intel<\/a><\/strong> \u00e9 conhecida mundialmente pela produ\u00e7\u00e3o de <a href=\"https:\/\/www.aldo.com.br\/categoria\/informatica\/produtos\/processador\" rel=\"sponsored\">processadores<\/a> utilizados na montagem de computadores e outros equipamentos. A empresa est\u00e1 constantemente inovando e explorando novas maneiras de fazer com que a tecnologia evolua continuamente para possibilitar mais coisas, tornar tudo mais f\u00e1cil, mais inteligente e mais conectado. Outra caracter\u00edstica da <strong><a href=\"https:\/\/www.intel.com.br\/content\/www\/br\/pt\/homepage.html\" rel=\"nofollow noopener\" target=\"_blank\">Intel<\/a><\/strong> \u00e9 o compromisso cont\u00ednuo com a responsabilidade corporativa, tra\u00e7ando metas ambiciosas e fazendo investimentos estrat\u00e9gicos para conduzir melhorias em sustentabilidade ambiental e responsabilidade da cadeia de fornecimento.<\/p>\n<p>A ALDO <a href=\"https:\/\/www.aldo.com.br\/marcas\/intel\" target=\"_blank\" rel=\"noopener\"><strong>Distribuidor Intel<\/strong><\/a>, por sua vez, se destaca por estar sempre \u00e0 frente dos concorrentes, trazendo para o Brasil o que h\u00e1 de mais atual em termos de solu\u00e7\u00f5es e equipamentos de TI.<\/p>\n<p>As vis\u00f5es das duas empresas se cruzam uma vez que a ALDO vem se tornando uma das maiores distribuidoras de equipamentos para a explora\u00e7\u00e3o de energia mais limpa e barata por meio da <a href=\"https:\/\/www.aldo.com.br\/marcas\/aldo-solar\">Aldo Solar<\/a>.<\/p>\n<p>\u201cCom muita alegria, emo\u00e7\u00e3o e orgulho agradecemos o reconhecimento da Intel e compartilhamos com todos os nossos clientes e colaboradores. Esse pr\u00eamio \u00e9 resultado de uma Aldo constantemente inovadora\u201d, comemora Aldo Pereira Teixeira fundador e presidente da empresa.<\/p>\n<p>&#8220;Ter parcerias estrat\u00e9gicas \u00e9 essencial para o desenvolvimento e distribui\u00e7\u00e3o de nossos produtos&#8221;, comenta Reginaldo Rodrigues, diretor de canal e distribui\u00e7\u00e3o da<a href=\"https:\/\/www.intel.com.br\/content\/www\/br\/pt\/homepage.html\" rel=\"nofollow noopener\" target=\"_blank\"> Intel Brasil<\/a>. &#8220;Estamos em um momento transit\u00f3rio na Intel, cada vez mais queremos nos voltar para dados e, assim, estabelecer uma nova rela\u00e7\u00e3o com o mercado. Isso \u00e9 invi\u00e1vel sem parceiros como a ALDO que est\u00e1 apostando em servidores no pa\u00eds e contribuindo para moldar o mercado com inova\u00e7\u00e3o constante&#8221;, refor\u00e7a o executivo.<\/p>\n","protected":false},"excerpt":{"rendered":"<p>A l\u00edder na ind\u00fastria de semicondutores reconheceu a ALDO como uma das mais inovadoras distribuidoras&hellip;<\/p>\n","protected":false},"author":4,"featured_media":2188,"comment_status":"open","ping_status":"open","sticky":false,"template":"","format":"standard","meta":{"_glsr_average":0,"_glsr_ranking":0,"_glsr_reviews":0,"footnotes":""},"categories":[42],"tags":[1292,218,1294,1293],"class_list":["post-2185","post","type-post","status-publish","format-standard","has-post-thumbnail","hentry","category-noticias","tag-distribuidor-intel","tag-intel","tag-placa-mae","tag-processadores"],"_links":{"self":[{"href":"https:\/\/www.aldo.com.br\/blog\/wp-json\/wp\/v2\/posts\/2185","targetHints":{"allow":["GET"]}}],"collection":[{"href":"https:\/\/www.aldo.com.br\/blog\/wp-json\/wp\/v2\/posts"}],"about":[{"href":"https:\/\/www.aldo.com.br\/blog\/wp-json\/wp\/v2\/types\/post"}],"author":[{"embeddable":true,"href":"https:\/\/www.aldo.com.br\/blog\/wp-json\/wp\/v2\/users\/4"}],"replies":[{"embeddable":true,"href":"https:\/\/www.aldo.com.br\/blog\/wp-json\/wp\/v2\/comments?post=2185"}],"version-history":[{"count":3,"href":"https:\/\/www.aldo.com.br\/blog\/wp-json\/wp\/v2\/posts\/2185\/revisions"}],"predecessor-version":[{"id":9204,"href":"https:\/\/www.aldo.com.br\/blog\/wp-json\/wp\/v2\/posts\/2185\/revisions\/9204"}],"wp:featuredmedia":[{"embeddable":true,"href":"https:\/\/www.aldo.com.br\/blog\/wp-json\/wp\/v2\/media\/2188"}],"wp:attachment":[{"href":"https:\/\/www.aldo.com.br\/blog\/wp-json\/wp\/v2\/media?parent=2185"}],"wp:term":[{"taxonomy":"category","embeddable":true,"href":"https:\/\/www.aldo.com.br\/blog\/wp-json\/wp\/v2\/categories?post=2185"},{"taxonomy":"post_tag","embeddable":true,"href":"https:\/\/www.aldo.com.br\/blog\/wp-json\/wp\/v2\/tags?post=2185"}],"curies":[{"name":"wp","href":"https:\/\/api.w.org\/{rel}","templated":true}]}}