{"id":15125,"date":"2025-11-25T11:14:45","date_gmt":"2025-11-25T14:14:45","guid":{"rendered":"https:\/\/www.aldo.com.br\/blog\/?p=15125"},"modified":"2025-11-25T11:14:36","modified_gmt":"2025-11-25T14:14:36","slug":"pico-de-energia","status":"publish","type":"post","link":"https:\/\/www.aldo.com.br\/blog\/pico-de-energia","title":{"rendered":"Pico de energia: guia completo sobre surtos el\u00e9tricos, DPS e seus direitos de ressarcimento ANEEL"},"content":{"rendered":"<p><b>Pico de energia \u00e9 uma eleva\u00e7\u00e3o s\u00fabita e tempor\u00e1ria na tens\u00e3o el\u00e9trica que circula pelos fios de uma rede (tamb\u00e9m conhecido como surto el\u00e9trico).<\/b><span style=\"font-weight: 400;\"> Esse aumento dura apenas fra\u00e7\u00f5es de segundo, mas tem potencial para causar grandes danos aos equipamentos conectados.<\/span><\/p>\n<p><span style=\"font-weight: 400;\">Em ambientes residenciais, comerciais ou industriais, essas oscila\u00e7\u00f5es podem afetar desde um simples eletrodom\u00e9stico at\u00e9 sistemas de alto valor, como servidores e m\u00e1quinas. \u00c9 algo diferente de uma queda de energia, pois, em vez de interrup\u00e7\u00e3o, h\u00e1 excesso de consumo de energia.<\/span><\/p>\n<p><span style=\"font-weight: 400;\">Neste artigo, apresentamos as causas desse fen\u00f4meno e o que precisa ser feito para proteger os aparelhos, detalhando as solu\u00e7\u00f5es de engenharia mais robustas, como o Dispositivo de Prote\u00e7\u00e3o Contra Surtos (DPS), e o guia completo para solicitar o ressarcimento de danos junto \u00e0 ANEEL. Confira!<\/span><\/p>\n<h2><b>Quais as principais causas dos picos de energia?<\/b><\/h2>\n<p><span style=\"font-weight: 400;\">Os picos de energia s\u00e3o fen\u00f4menos que podem ocorrer em qualquer instala\u00e7\u00e3o el\u00e9trica e, geralmente, acontecem de forma inesperada. \u00c9 importante entender que eles t\u00eam diferentes origens.<\/span><\/p>\n<p><span style=\"font-weight: 400;\">Por isso, compreender as causas ajuda a identificar poss\u00edveis vulnerabilidades na infraestrutura el\u00e9trica e evitar preju\u00edzos. Embora alguns picos sejam naturais e inevit\u00e1veis, muitos podem ser reduzidos com planejamento e manuten\u00e7\u00e3o.<\/span><\/p>\n<p><span style=\"font-weight: 400;\">Confira as causas mais frequentes de picos de energia.<\/span><\/p>\n<h3><b>Descargas atmosf\u00e9ricas<\/b><\/h3>\n<p><span style=\"font-weight: 400;\">Raios s\u00e3o uma das causas mais conhecidas de picos de energia. Quando uma descarga el\u00e9trica atinge a rede, ela pode gerar uma sobretens\u00e3o que se propaga rapidamente e atinge os equipamentos conectados.<\/span><\/p>\n<p><span style=\"font-weight: 400;\">Esse tipo de pico de energia \u00e9 mais intenso e com grande potencial de causar danos.<\/span><\/p>\n<h3><b>Varia\u00e7\u00f5es e falhas na rede el\u00e9trica<\/b><\/h3>\n<p><span style=\"font-weight: 400;\">Problemas t\u00e9cnicos nas concession\u00e1rias, como manobras em subesta\u00e7\u00f5es, falhas em transformadores ou quedas repentinas no fornecimento, podem provocar oscila\u00e7\u00f5es e picos de tens\u00e3o.\u00a0\u00a0\u00a0<\/span><\/p>\n<p><span style=\"font-weight: 400;\">Tamb\u00e9m \u00e9 comum que, ap\u00f3s uma queda de energia, o retorno abrupto provoque um pico.<\/span><\/p>\n<h3><b>Equipamentos de grande pot\u00eancia ligados na rede<\/b><\/h3>\n<p><span style=\"font-weight: 400;\">O acionamento de grandes motores, m\u00e1quinas industriais ou sistemas de climatiza\u00e7\u00e3o pode causar varia\u00e7\u00f5es no fluxo el\u00e9trico, principalmente em redes mais antigas ou mal dimensionadas.<\/span><\/p>\n<p><span style=\"font-weight: 400;\">Esse \u00e9 um fator que afeta negativamente a estabilidade da tens\u00e3o el\u00e9trica.<\/span><\/p>\n<h2><b>Quais os riscos e consequ\u00eancias dos picos de energia?<\/b><\/h2>\n<p><span style=\"font-weight: 400;\">Os picos de energia, mesmo que breves, s\u00e3o capazes de comprometer a seguran\u00e7a, o funcionamento e a durabilidade dos equipamentos. Em muitos casos, os preju\u00edzos causados s\u00e3o silenciosos, aparecendo com o tempo como falhas intermitentes.<\/span><\/p>\n<p><span style=\"font-weight: 400;\">Al\u00e9m de afetar eletrodom\u00e9sticos e aparelhos eletr\u00f4nicos comuns, esses surtos podem prejudicar sistemas inteiros. E isso necessita de bastante aten\u00e7\u00e3o, em especial quando se trata de empresas que operam com computadores, servidores e automa\u00e7\u00e3o.<\/span><\/p>\n<p><span style=\"font-weight: 400;\">Entenda alguns desses riscos nos t\u00f3picos abaixo.<\/span><\/p>\n<h3><b>Danos a equipamentos eletr\u00f4nicos<\/b><\/h3>\n<p><span style=\"font-weight: 400;\">A eleva\u00e7\u00e3o s\u00fabita da tens\u00e3o pode queimar fontes, placas e circuitos internos de equipamentos eletr\u00f4nicos. Dispositivos de alta pot\u00eancia, como TVs, PCs e eletrodom\u00e9sticos, s\u00e3o particularmente suscet\u00edveis a danos terminais em seus circuitos internos.\u00a0\u00a0\u00a0<\/span><\/p>\n<p><span style=\"font-weight: 400;\">Nota sobre celulares e seguran\u00e7a pessoal: A incid\u00eancia de danos em smartphones \u00e9 mais rara, pois carregadores originais ou de marcas conhecidas costumam incorporar mecanismos internos para evitar a transfer\u00eancia excessiva de energia.\u00a0<\/span><\/p>\n<p><span style=\"font-weight: 400;\">No entanto, a principal recomenda\u00e7\u00e3o de seguran\u00e7a \u00e9 crucial: nunca mexa no celular na tomada durante uma tempestade, pois a descarga el\u00e9trica pode ser fatal nos casos mais extremos.\u00a0\u00a0\u00a0<\/span><\/p>\n<p><span style=\"font-weight: 400;\">Em alguns casos, o preju\u00edzo \u00e9 total, exigindo substitui\u00e7\u00e3o do aparelho. Em outros, surgem falhas progressivas que comprometem o desempenho com o tempo.<\/span><\/p>\n<h3><b>Perda de dados e informa\u00e7\u00f5es<\/b><\/h3>\n<p><span style=\"font-weight: 400;\">Essa \u00e9 uma quest\u00e3o bastante delicada para equipamentos como computadores, servidores e sistemas de automa\u00e7\u00e3o. Os picos de energia podem causar desligamentos abruptos e perda de dados n\u00e3o salvos.<\/span><\/p>\n<p><span style=\"font-weight: 400;\">Esse \u00e9 um risco significativo em ambientes corporativos, afetando produtividade e continuidade de processos.<\/span><\/p>\n<h3><b>Impactos na conta de luz<\/b><\/h3>\n<p><span style=\"font-weight: 400;\">Embora nem sempre percept\u00edvel, os picos de energia tamb\u00e9m podem interferir no consumo, principalmente quando danificam sistemas de refrigera\u00e7\u00e3o ou ilumina\u00e7\u00e3o.<\/span><\/p>\n<p><span style=\"font-weight: 400;\">Isso pode fazer com que operem de forma ineficiente, o que acaba elevando o gasto mensal de energia.<\/span><\/p>\n<h2><b>Como proteger seus aparelhos contra picos de energia? Hierarquia de solu\u00e7\u00f5es<\/b><\/h2>\n<p><span style=\"font-weight: 400;\">A prote\u00e7\u00e3o contra surtos deve ser vista em uma hierarquia, onde a primeira linha de defesa \u00e9 na instala\u00e7\u00e3o el\u00e9trica, e a segunda, no ponto de uso do aparelho.\u00a0<\/span><\/p>\n<p><span style=\"font-weight: 400;\">Atualmente, o mercado oferece diversas solu\u00e7\u00f5es para proteger resid\u00eancias, com\u00e9rcios e empresas contra os efeitos nocivos dos picos de energia. Cada tipo de prote\u00e7\u00e3o deve ser avaliado conforme as caracter\u00edsticas da instala\u00e7\u00e3o el\u00e9trica e os equipamentos utilizados:\u00a0\u00a0\u00a0<\/span><\/p>\n<h3><b>1. Dispositivo de Prote\u00e7\u00e3o Contra Surtos (DPS): a primeira linha de defesa<\/b><\/h3>\n<p><span style=\"font-weight: 400;\">O DPS \u00e9 um equipamento especializado e a forma mais eficaz de prote\u00e7\u00e3o padronizada para todo o sistema el\u00e9trico. Diferentemente dos outros dispositivos, ele \u00e9 instalado no Quadro de Distribui\u00e7\u00e3o, entre as fases e o aterramento de prote\u00e7\u00e3o.\u00a0<\/span><\/p>\n<p><span style=\"font-weight: 400;\">Sua fun\u00e7\u00e3o \u00e9 desviar ou limitar sobretens\u00f5es transit\u00f3rias, como aquelas causadas por raios ou manobras bruscas na rede, conduzindo a corrente de surto para o terra em um tempo de resposta de apenas <\/span><span style=\"font-weight: 400;\">\u224825<\/span><span style=\"font-weight: 400;\"> nanossegundos. Ao inclu\u00ed-lo, voc\u00ea protege a infraestrutura da casa ou empresa antes que o surto chegue aos aparelhos.\u00a0\u00a0\u00a0<\/span><\/p>\n<h3><b>2. Nobreaks (UPS)<\/b><\/h3>\n<p><span style=\"font-weight: 400;\">Al\u00e9m de proteger contra picos, os nobreaks garantem que os aparelhos <\/span><b>permane\u00e7am ligados<\/b><span style=\"font-weight: 400;\"> por um tempo ap\u00f3s a interrup\u00e7\u00e3o de energia. Eles s\u00e3o ideais para escrit\u00f3rios e ambientes que precisam de tempo para <\/span><b>desligar sistemas com seguran\u00e7a<\/b><span style=\"font-weight: 400;\">.<\/span><\/p>\n<p><span style=\"font-weight: 400;\">Al\u00e9m de contar com as solu\u00e7\u00f5es mencionadas, investir em <\/span><a href=\"https:\/\/www.aldo.com.br\/categoria\/energia-solar\" target=\"_blank\" rel=\"noopener\"><span style=\"font-weight: 400;\">energia solar<\/span><\/a><span style=\"font-weight: 400;\"> com baterias, como as solu\u00e7\u00f5es oferecidas pela Aldo Solar, \u00e9 uma \u00f3tima forma de manter a estabilidade mesmo em situa\u00e7\u00f5es de oscila\u00e7\u00e3o na rede.<\/span><\/p>\n<h3><b>3. Estabilizadores de energia<\/b><\/h3>\n<p><span style=\"font-weight: 400;\">A fun\u00e7\u00e3o principal do estabilizador \u00e9 corrigir a tens\u00e3o, provendo energia estabilizada aos equipamentos conectados, o que o torna \u00fatil em locais onde a tens\u00e3o oscila com frequ\u00eancia.<\/span><\/p>\n<p><span style=\"font-weight: 400;\">Ele atua desviando o excesso de energia para o fio terra. Embora seu uso tenha diminu\u00eddo em fun\u00e7\u00e3o de equipamentos modernos com fontes mais robustas, eles ainda oferecem um n\u00edvel extra de seguran\u00e7a.\u00a0\u00a0\u00a0<\/span><\/p>\n<h3><b>4. Filtros de linha com prote\u00e7\u00e3o contra surtos (Protetores Eletr\u00f4nicos)<\/b><\/h3>\n<p><span style=\"font-weight: 400;\">Os filtros de linha s\u00e3o equipamentos simples, mas eficazes para proteger dispositivos eletr\u00f4nicos conectados diretamente \u00e0 tomada. Eles funcionam como barreiras, absorvendo picos e evitando que a tens\u00e3o elevada chegue aos aparelhos.\u00a0\u00a0\u00a0<\/span><\/p>\n<p><span style=\"font-weight: 400;\">O papel do Varistor: Muitos protetores eletr\u00f4nicos contam com o Varistor em seu interior. Este componente \u00e9 crucial para monitorar e impedir danos causados por um aumento repentino de tens\u00e3o (pico de energia), atuando como uma &#8220;esponja&#8221; desses picos e blindando os aparelhos conectados.\u00a0\u00a0\u00a0<\/span><\/p>\n<h2><b>Medidas preventivas contra picos de energia<\/b><\/h2>\n<p><span style=\"font-weight: 400;\">Algumas medidas pr\u00e1ticas ajudam a evitar ou reduzir os impactos dos picos de energia. Essas a\u00e7\u00f5es, quando feitas de forma preventiva, garantem mais seguran\u00e7a para os aparelhos e a instala\u00e7\u00e3o el\u00e9trica.<\/span><\/p>\n<p><span style=\"font-weight: 400;\">Conhe\u00e7a algumas recomenda\u00e7\u00f5es!<\/span><\/p>\n<ul>\n<li style=\"font-weight: 400;\" aria-level=\"1\"><b>Realize manuten\u00e7\u00e3o preventiva na instala\u00e7\u00e3o el\u00e9trica<\/b><span style=\"font-weight: 400;\">, verificando fia\u00e7\u00f5es, disjuntores e aterramento periodicamente;<\/span><\/li>\n<li style=\"font-weight: 400;\" aria-level=\"1\"><b>Evite o uso excessivo de equipamentos em uma mesma tomada<\/b><span style=\"font-weight: 400;\">. Prefira distribuir melhor a carga el\u00e9trica para n\u00e3o ocorrer sobrecargas;<\/span><\/li>\n<li style=\"font-weight: 400;\" aria-level=\"1\"><span style=\"font-weight: 400;\">Sempre que houver previs\u00e3o de tempestades e descargas atmosf\u00e9ricas, <\/span><b>desligar equipamentos da tomada pode evitar danos s\u00e9rios<\/b><span style=\"font-weight: 400;\">;\n<p><\/span><\/li>\n<\/ul>\n<p><b>Investir em energia solar com baterias integradas<\/b><span style=\"font-weight: 400;\"> tamb\u00e9m \u00e9 uma pr\u00e1tica bastante vi\u00e1vel. As solu\u00e7\u00f5es da <\/span><a href=\"https:\/\/www.aldo.com.br\"><span style=\"font-weight: 400;\">Aldo Solar<\/span><\/a><span style=\"font-weight: 400;\">, por exemplo, oferecem estabilidade energ\u00e9tica e prote\u00e7\u00e3o contra oscila\u00e7\u00f5es, reduzindo a depend\u00eancia da rede convencional.<\/span><\/p>\n<h2><span style=\"font-weight: 400;\">Qual a responsabilidade das concession\u00e1rias para picos de energia?\u00a0<\/span><\/h2>\n<p><span style=\"font-weight: 400;\">De acordo com as normas da <\/span><a href=\"https:\/\/www.gov.br\/aneel\/pt-br\" target=\"_blank\" rel=\"noopener nofollow\"><span style=\"font-weight: 400;\">ANEEL (Ag\u00eancia Nacional de Energia El\u00e9trica)<\/span><\/a><span style=\"font-weight: 400;\">, as concession\u00e1rias s\u00e3o respons\u00e1veis por manter a qualidade e a continuidade do fornecimento de energia. Isso inclui prevenir picos e garantir que a tens\u00e3o entregue esteja padronizada.\u00a0\u00a0\u00a0<\/span><\/p>\n<p><span style=\"font-weight: 400;\">Quando h\u00e1 preju\u00edzos comprovados causados por oscila\u00e7\u00f5es na rede el\u00e9trica, o consumidor tem o direito de solicitar ressarcimento. Para transformar essa informa\u00e7\u00e3o em a\u00e7\u00e3o, preparamos o guia com os prazos e procedimentos legais, garantindo que voc\u00ea tenha o fluxo exato de como proceder ap\u00f3s o dano:\u00a0\u00a0\u00a0<\/span><\/p>\n<table>\n<tbody>\n<tr>\n<td><span style=\"font-weight: 400;\">Etapa do processo<\/span><\/td>\n<td><span style=\"font-weight: 400;\">Prazo m\u00e1ximo para o consumidor<\/span><\/td>\n<td><span style=\"font-weight: 400;\">Prazo m\u00e1ximo da distribuidora<\/span><\/td>\n<td><span style=\"font-weight: 400;\">A\u00e7\u00e3o requerida<\/span><\/td>\n<\/tr>\n<tr>\n<td><span style=\"font-weight: 400;\">1. Solicita\u00e7\u00e3o de ressarcimento<\/span><\/td>\n<td><span style=\"font-weight: 400;\">90 dias ap\u00f3s a ocorr\u00eancia do dano\u00a0<\/span><\/td>\n<td><span style=\"font-weight: 400;\">Imediato (abertura do processo)<\/span><\/td>\n<td><span style=\"font-weight: 400;\">Contato por telefone, internet ou ag\u00eancia da distribuidora\u00a0<\/span><\/td>\n<\/tr>\n<tr>\n<td><span style=\"font-weight: 400;\">2. Vistoria (aparelhos em geral)<\/span><\/td>\n<td><span style=\"font-weight: 400;\">N\u00e3o aplic\u00e1vel<\/span><\/td>\n<td><span style=\"font-weight: 400;\">10 dias \u00fateis\u00a0<\/span><\/td>\n<td><span style=\"font-weight: 400;\">Verifica\u00e7\u00e3o da rela\u00e7\u00e3o causal entre o evento el\u00e9trico e o dano\u00a0<\/span><\/td>\n<\/tr>\n<tr>\n<td><span style=\"font-weight: 400;\">3. Vistoria (aparelhos perec\u00edveis)<\/span><\/td>\n<td><span style=\"font-weight: 400;\">N\u00e3o aplic\u00e1vel<\/span><\/td>\n<td><span style=\"font-weight: 400;\">1 dia \u00fatil (para geladeiras e freezers)\u00a0<\/span><\/td>\n<td><span style=\"font-weight: 400;\">Prioridade devido \u00e0 natureza perec\u00edvel dos bens\u00a0<\/span><\/td>\n<\/tr>\n<tr>\n<td><span style=\"font-weight: 400;\">4. Resposta e aprova\u00e7\u00e3o<\/span><\/td>\n<td><span style=\"font-weight: 400;\">N\u00e3o aplic\u00e1vel<\/span><\/td>\n<td><span style=\"font-weight: 400;\">15 dias ap\u00f3s a vistoria\u00a0<\/span><\/td>\n<td><span style=\"font-weight: 400;\">Informar o consumidor sobre a aprova\u00e7\u00e3o ou nega\u00e7\u00e3o do pedido\u00a0<\/span><\/td>\n<\/tr>\n<tr>\n<td><span style=\"font-weight: 400;\">5. Efetiva\u00e7\u00e3o do Ressarcimento<\/span><\/td>\n<td><span style=\"font-weight: 400;\">N\u00e3o aplic\u00e1vel<\/span><\/td>\n<td><span style=\"font-weight: 400;\">20 dias ap\u00f3s a resposta\/aprova\u00e7\u00e3o\u00a0<\/span><\/td>\n<td><span style=\"font-weight: 400;\">Reparo, substitui\u00e7\u00e3o do equipamento danificado ou cr\u00e9dito na fatura\u00a0<\/span><\/td>\n<\/tr>\n<\/tbody>\n<\/table>\n<p>&nbsp;<\/p>\n<p><span style=\"font-weight: 400;\">\u00c9 v\u00e1lido destacar que as concession\u00e1rias tamb\u00e9m realizam investimentos constantes em moderniza\u00e7\u00e3o da rede, instala\u00e7\u00e3o de sistemas de prote\u00e7\u00e3o e monitoramento para reduzir a ocorr\u00eancia de picos.\u00a0<\/span><\/p>\n<p><span style=\"font-weight: 400;\">No entanto, falhas ainda acontecem, o que torna essencial a aplica\u00e7\u00e3o de solu\u00e7\u00f5es complementares por parte dos consumidores.<\/span><\/p>\n<h2><b>O que acontece quando ocorre um pico de energia?<\/b><\/h2>\n<p><span style=\"font-weight: 400;\">Quando um pico de demanda de energia acontece, a tens\u00e3o el\u00e9trica ultrapassa momentaneamente os n\u00edveis normais esperados pela rede. E esse aumento pode percorrer toda a instala\u00e7\u00e3o el\u00e9trica, afetando os aparelhos conectados no momento.<\/span><\/p>\n<p><span style=\"font-weight: 400;\">Mesmo que essa oscila\u00e7\u00e3o dure apenas mil\u00e9simos de segundo, esse tipo de varia\u00e7\u00e3o \u00e9 suficiente para causar danos significativos \u2014 principalmente se n\u00e3o houver mecanismos de prote\u00e7\u00e3o adequados.<\/span><\/p>\n<p><span style=\"font-weight: 400;\">Um pico de energia pode causar:<\/span><\/p>\n<ul>\n<li style=\"font-weight: 400;\" aria-level=\"1\"><b>sobretens\u00e3o<\/b><span style=\"font-weight: 400;\"> instant\u00e2nea nos aparelhos conectados;<\/span><\/li>\n<li style=\"font-weight: 400;\" aria-level=\"1\"><b>queima<\/b><span style=\"font-weight: 400;\"> de componentes internos de eletr\u00f4nicos;<\/span><\/li>\n<li style=\"font-weight: 400;\" aria-level=\"1\"><b>desligamento abrupto<\/b><span style=\"font-weight: 400;\"> de sistemas e computadores;<\/span><\/li>\n<li style=\"font-weight: 400;\" aria-level=\"1\"><b>danos<\/b><span style=\"font-weight: 400;\"> a circuitos e motores el\u00e9tricos;<\/span><\/li>\n<li style=\"font-weight: 400;\" aria-level=\"1\"><b>queda de produtividade<\/b><span style=\"font-weight: 400;\"> em ambientes corporativos;<\/span><\/li>\n<li style=\"font-weight: 400;\" aria-level=\"1\"><b>riscos \u00e0 seguran\u00e7a<\/b><span style=\"font-weight: 400;\"> em sistemas cr\u00edticos.\n<p><\/span><\/li>\n<\/ul>\n<h2><b>Qual a diferen\u00e7a entre pico de energia e hor\u00e1rio de pico?<\/b><\/h2>\n<p><span style=\"font-weight: 400;\">Quando falamos sobre pico de energia, pode haver uma confus\u00e3o com o termo \u201chor\u00e1rio de pico\u201d. Mas, embora pare\u00e7am semelhantes, eles se referem a conceitos bem diferentes dentro do contexto do fornecimento e do consumo de eletricidade.<\/span><\/p>\n<p><span style=\"font-weight: 400;\">O pico de energia, como abordado, \u00e9 uma eleva\u00e7\u00e3o s\u00fabita e moment\u00e2nea na tens\u00e3o el\u00e9trica da rede, geralmente provocada por descargas atmosf\u00e9ricas, falhas na rede ou sobrecarga el\u00e9trica.<\/span><\/p>\n<p><span style=\"font-weight: 400;\">J\u00e1 o hor\u00e1rio de pico \u00e9 o per\u00edodo do dia em que h\u00e1 maior demanda de consumo de energia, normalmente entre 17h e 21h.<\/span><\/p>\n<p><span style=\"font-weight: 400;\">Durante esse tempo, o sistema el\u00e9trico \u00e9 mais exigido, o que pode tornar a energia mais cara e, eventualmente, menos est\u00e1vel \u2014 mas n\u00e3o necessariamente causa um pico de tens\u00e3o.<\/span><\/p>\n<h2><b>O que \u00e9 tarifa de pico de energia?<\/b><\/h2>\n<p><span style=\"font-weight: 400;\">Outra quest\u00e3o importante a ser compreendida \u00e9 a tarifa de pico, tamb\u00e9m conhecida como tarifa branca ou tarifa diferenciada. Essa \u00e9 uma modalidade em que o valor da energia varia conforme o hor\u00e1rio de consumo.<\/span><\/p>\n<p><span style=\"font-weight: 400;\">Assim sendo, durante os per\u00edodos de maior demanda (hor\u00e1rio de pico), o custo da energia \u00e9 mais alto. Essa estrat\u00e9gia visa estimular o uso consciente e distribuir melhor o consumo ao longo do dia.<\/span><\/p>\n<h2><b>C\u00e1lculo da corrente el\u00e9trica em hor\u00e1rios de pico<\/b><\/h2>\n<p><span style=\"font-weight: 400;\">Calcular o consumo durante o hor\u00e1rio de pico tamb\u00e9m pode ser bastante \u00fatil, pois ajuda a identificar oportunidades de economia. Para isso, basta somar a pot\u00eancia dos aparelhos ligados simultaneamente nesse per\u00edodo e dividir pela tens\u00e3o da rede.<\/span><\/p>\n<p><span style=\"font-weight: 400;\">Por exemplo, se voc\u00ea utiliza 3 aparelhos de 1.000 W (watts) em uma rede de 220 V:<\/span><\/p>\n<ul>\n<li style=\"font-weight: 400;\" aria-level=\"1\"><span style=\"font-weight: 400;\">Corrente = 3.000\/220 \u2248 13,6 A.<\/span><\/li>\n<\/ul>\n<p><span style=\"font-weight: 400;\">Com base nesse n\u00famero, \u00e9 poss\u00edvel avaliar se sua instala\u00e7\u00e3o est\u00e1 adequada ou sobrecarregada e buscar solu\u00e7\u00f5es para distribuir melhor o consumo.<\/span><\/p>\n<h2><b>Como as baterias solares podem proteger contra picos de energia el\u00e9trica?<\/b><\/h2>\n<p><span style=\"font-weight: 400;\">Entre as solu\u00e7\u00f5es, as <\/span><a href=\"https:\/\/www.aldo.com.br\/blog\/baterias-de-armazenamento\/\" target=\"_blank\" rel=\"noopener\"><span style=\"font-weight: 400;\">baterias solares<\/span><\/a><span style=\"font-weight: 400;\"> podem ser uma das mais vantajosas. Elas <\/span><b>armazenam energia<\/b><span style=\"font-weight: 400;\"> gerada durante o dia e a disponibilizam \u00e0 noite ou em momentos de falha da rede.<\/span><\/p>\n<p><span style=\"font-weight: 400;\">Assim sendo, essa autonomia garante estabilidade e evita que seus aparelhos sofram com oscila\u00e7\u00f5es de tens\u00e3o. Entre os pontos positivos, destacamos os listados a seguir.<\/span><\/p>\n<ul>\n<li style=\"font-weight: 400;\" aria-level=\"1\"><span style=\"font-weight: 400;\">Estabiliza\u00e7\u00e3o da rede interna, j\u00e1 que as baterias <\/span><b>mant\u00eam o fornecimento constante<\/b><span style=\"font-weight: 400;\"> mesmo quando h\u00e1 queda ou eleva\u00e7\u00e3o s\u00fabita na tens\u00e3o da rede p\u00fablica;<\/span><\/li>\n<li style=\"font-weight: 400;\" aria-level=\"1\"><span style=\"font-weight: 400;\">Autonomia energ\u00e9tica em emerg\u00eancias, pois, durante apag\u00f5es ou tempestades, a energia armazenada permite <\/span><b>manter os principais aparelhos funcionando<\/b><span style=\"font-weight: 400;\">;<\/span><\/li>\n<li style=\"font-weight: 400;\" aria-level=\"1\"><span style=\"font-weight: 400;\">As solu\u00e7\u00f5es da Aldo Solar, por exemplo, permitem <\/span><b>controlar o fluxo de energia e definir prioridades de consumo<\/b><span style=\"font-weight: 400;\">, protegendo os equipamentos mais sens\u00edveis.\n<p><\/span><\/li>\n<\/ul>\n<h2><b>Proteja seus investimentos contra picos de energia com a Aldo Solar<\/b><\/h2>\n<p><span style=\"font-weight: 400;\">O investimento em prote\u00e7\u00e3o contra picos de energia \u00e9 mais do que uma quest\u00e3o de seguran\u00e7a, trata-se de uma forma de preservar seu patrim\u00f4nio. Contar com uma parceria ajuda a colocar essas estrat\u00e9gias em pr\u00e1tica da melhor maneira poss\u00edvel.<\/span><\/p>\n<p><span style=\"font-weight: 400;\">A Aldo Solar \u00e9 refer\u00eancia em solu\u00e7\u00f5es de <\/span><a href=\"https:\/\/www.aldo.com.br\/blog\/investir-em-energia-limpa\/\" target=\"_blank\" rel=\"noopener\"><span style=\"font-weight: 400;\">energia limpa<\/span><\/a><span style=\"font-weight: 400;\"> com baterias, sistemas inteligentes e suporte t\u00e9cnico qualificado. Al\u00e9m disso, oferecemos op\u00e7\u00e3o de <\/span><a href=\"https:\/\/www.aldo.com.br\/portais\/financiamento-energia-solar\/\" target=\"_blank\" rel=\"noopener\"><span style=\"font-weight: 400;\">financiamento de energia solar para integradores<\/span><\/a><span style=\"font-weight: 400;\">.<\/span><\/p>\n<p><span style=\"font-weight: 400;\">Com os produtos da Aldo, voc\u00ea garante n\u00e3o s\u00f3 economia, mas tamb\u00e9m estabilidade no fornecimento de energia dos seus clientes, protegendo os equipamentos contra oscila\u00e7\u00f5es e falhas da rede. <\/span><a href=\"https:\/\/www.aldo.com.br\/institucional\/faleconosco\" target=\"_blank\" rel=\"noopener\"><span style=\"font-weight: 400;\">Entre em contato e solicite um or\u00e7amento<\/span><\/a><span style=\"font-weight: 400;\">!<\/span><\/p>\n","protected":false},"excerpt":{"rendered":"<p>Pico de energia \u00e9 uma eleva\u00e7\u00e3o s\u00fabita e tempor\u00e1ria na tens\u00e3o el\u00e9trica que circula pelos&hellip;<\/p>\n","protected":false},"author":5,"featured_media":15126,"comment_status":"open","ping_status":"open","sticky":false,"template":"","format":"standard","meta":{"_glsr_average":0,"_glsr_ranking":0,"_glsr_reviews":0,"footnotes":""},"categories":[384],"tags":[],"class_list":["post-15125","post","type-post","status-publish","format-standard","has-post-thumbnail","hentry","category-artigos-tecnicos"],"_links":{"self":[{"href":"https:\/\/www.aldo.com.br\/blog\/wp-json\/wp\/v2\/posts\/15125","targetHints":{"allow":["GET"]}}],"collection":[{"href":"https:\/\/www.aldo.com.br\/blog\/wp-json\/wp\/v2\/posts"}],"about":[{"href":"https:\/\/www.aldo.com.br\/blog\/wp-json\/wp\/v2\/types\/post"}],"author":[{"embeddable":true,"href":"https:\/\/www.aldo.com.br\/blog\/wp-json\/wp\/v2\/users\/5"}],"replies":[{"embeddable":true,"href":"https:\/\/www.aldo.com.br\/blog\/wp-json\/wp\/v2\/comments?post=15125"}],"version-history":[{"count":3,"href":"https:\/\/www.aldo.com.br\/blog\/wp-json\/wp\/v2\/posts\/15125\/revisions"}],"predecessor-version":[{"id":15210,"href":"https:\/\/www.aldo.com.br\/blog\/wp-json\/wp\/v2\/posts\/15125\/revisions\/15210"}],"wp:featuredmedia":[{"embeddable":true,"href":"https:\/\/www.aldo.com.br\/blog\/wp-json\/wp\/v2\/media\/15126"}],"wp:attachment":[{"href":"https:\/\/www.aldo.com.br\/blog\/wp-json\/wp\/v2\/media?parent=15125"}],"wp:term":[{"taxonomy":"category","embeddable":true,"href":"https:\/\/www.aldo.com.br\/blog\/wp-json\/wp\/v2\/categories?post=15125"},{"taxonomy":"post_tag","embeddable":true,"href":"https:\/\/www.aldo.com.br\/blog\/wp-json\/wp\/v2\/tags?post=15125"}],"curies":[{"name":"wp","href":"https:\/\/api.w.org\/{rel}","templated":true}]}}