{"id":14439,"date":"2024-01-30T14:28:13","date_gmt":"2024-01-30T17:28:13","guid":{"rendered":"https:\/\/www.aldo.com.br\/blog\/?p=14439"},"modified":"2024-01-30T14:29:23","modified_gmt":"2024-01-30T17:29:23","slug":"95-porcento-da-matriz-eletrica","status":"publish","type":"post","link":"https:\/\/www.aldo.com.br\/blog\/95-porcento-da-matriz-eletrica","title":{"rendered":"Em 2026 o Brasil ter\u00e1 95 porcento da matriz el\u00e9trica renov\u00e1vel"},"content":{"rendered":"<p><span style=\"font-weight: 400;\">Segundo relat\u00f3rio da <\/span><a href=\"https:\/\/www.iea.org\/\" target=\"_blank\" rel=\"nofollow noopener\"><b>International Energy Agency (IEA)<\/b><\/a><span style=\"font-weight: 400;\">, em 2026, <\/span><b>95 porcento da matriz el\u00e9trica<\/b><span style=\"font-weight: 400;\"> brasileira ser\u00e1 renov\u00e1vel. O estudo foi divulgado no \u00faltimo dia 24. Nele est\u00e1 previsto que as <\/span><a href=\"https:\/\/www.aldo.com.br\/blog\/usina-solar\/\" target=\"_blank\" rel=\"noopener\"><b>usinas solares<\/b><\/a><span style=\"font-weight: 400;\"> fotovoltaicas e <\/span><a href=\"https:\/\/www.aldo.com.br\/blog\/fontes-solar-e-eolica\/?desktop_view=show\" target=\"_blank\" rel=\"noopener\"><b>e\u00f3licas<\/b><\/a><span style=\"font-weight: 400;\"> atender\u00e3o a maior parte do consumo de energia el\u00e9trica no Brasil durante at\u00e9 2026.<\/span><\/p>\n<p><span style=\"font-weight: 400;\">H\u00e1 uma expectativa de que essas duas <\/span><a href=\"https:\/\/www.aldo.com.br\/blog\/saiba-tudo-sobre-as-fontes-de-energia-renovaveis\/?desktop_view=show\" target=\"_blank\" rel=\"noopener\"><b>fontes renov\u00e1veis<\/b><\/a><span style=\"font-weight: 400;\"> gerem energia quase 50% a mais em 2026 que em 2022. Sendo assim, chegar\u00e3o a aproximadamente 200 TW\/h, com uma participa\u00e7\u00e3o em conjunto de quase 30% da produ\u00e7\u00e3o de eletricidade do pa\u00eds. Vale lembrar de que, em 2023, esse patamar registrava cerca de 20%. Com o crescimento acelerado da ades\u00e3o da popula\u00e7\u00e3o, <\/span><b>95 porcento da matriz el\u00e9trica<\/b><span style=\"font-weight: 400;\"> brasileira ser\u00e1 renov\u00e1vel em 2026.<\/span><\/p>\n<h3><a href=\"https:\/\/www.aldo.com.br\/blog\/investir-em-renovaveis\/?desktop_view=show\"><b>&gt; Leia mais: Brasil est\u00e1 entre os 5 pa\u00edses em desenvolvimento mais atrativos para investir em renov\u00e1veis.<\/b><\/a><\/h3>\n<p><span style=\"font-weight: 400;\">A IEA sinaliza que, entre 2024 e 2026, o <\/span><a href=\"https:\/\/www.absolar.org.br\/capacidade-de-producao-da-energia-solar-no-primeiro-semestre-de-2023-supera-todo-o-resultado-de-2022-2\/\" target=\"_blank\" rel=\"noopener nofollow\"><b>consumo de energia<\/b><\/a><span style=\"font-weight: 400;\"> no Brasil dever\u00e1 aumentar uma m\u00e9dia de 2,5% ao ano. Em compara\u00e7\u00e3o ao per\u00edodo de 2018 a 2023, o acr\u00e9scimo foi de 2,2%. Esse avan\u00e7o resulta do progresso da atividade econ\u00f4mica, al\u00e9m de um consumo mais alto da <\/span><a href=\"https:\/\/www.aldo.com.br\/blog\/energia-solar-residencial-quais-sao-as-vantagens-de-se-ter-em-casa\/?desktop_view=show\"><b>classe residencial<\/b><\/a><span style=\"font-weight: 400;\">.<\/span><\/p>\n<p><span style=\"font-weight: 400;\">E, para dar um impulso extra \u00e0 demanda por energia no Brasil, o programa Luz Para Todos, at\u00e9 2026, dever\u00e1 incluir mais de 2 milh\u00f5es de pessoas. Esse programa j\u00e1 beneficiou mais de 18 milh\u00f5es de <\/span><a href=\"https:\/\/www.aldo.com.br\/blog\/consumidor-pode-produzir-sua-propria-energia\/?desktop_view=show\"><b>consumidores<\/b><\/a><span style=\"font-weight: 400;\"> que foi criado.<\/span><\/p>\n<h2><b>At\u00e9 2026, 95 porcento da matriz el\u00e9trica<\/b> <b>brasileira ser\u00e1 renov\u00e1vel &#8211; e\u00f3lica e solar avan\u00e7am cada vez mais<\/b><\/h2>\n<p><img fetchpriority=\"high\" decoding=\"async\" class=\"alignnone wp-image-14280 size-full\" title=\"95 porcento da matriz el\u00e9trica\" src=\"http:\/\/www.aldo.com.br\/blog\/wp-content\/uploads\/2023\/12\/blog_aldosolar_Na-matriz-eletrica-brasileira-fonte-solar-segunda-maior-potencia-instalada-1.jpg\" alt=\"95 porcento da matriz el\u00e9trica\" width=\"1570\" height=\"900\" srcset=\"https:\/\/www.aldo.com.br\/blog\/wp-content\/uploads\/2023\/12\/blog_aldosolar_Na-matriz-eletrica-brasileira-fonte-solar-segunda-maior-potencia-instalada-1.jpg 1570w, https:\/\/www.aldo.com.br\/blog\/wp-content\/uploads\/2023\/12\/blog_aldosolar_Na-matriz-eletrica-brasileira-fonte-solar-segunda-maior-potencia-instalada-1-300x172.jpg 300w, https:\/\/www.aldo.com.br\/blog\/wp-content\/uploads\/2023\/12\/blog_aldosolar_Na-matriz-eletrica-brasileira-fonte-solar-segunda-maior-potencia-instalada-1-1024x587.jpg 1024w, https:\/\/www.aldo.com.br\/blog\/wp-content\/uploads\/2023\/12\/blog_aldosolar_Na-matriz-eletrica-brasileira-fonte-solar-segunda-maior-potencia-instalada-1-768x440.jpg 768w, https:\/\/www.aldo.com.br\/blog\/wp-content\/uploads\/2023\/12\/blog_aldosolar_Na-matriz-eletrica-brasileira-fonte-solar-segunda-maior-potencia-instalada-1-1536x881.jpg 1536w, https:\/\/www.aldo.com.br\/blog\/wp-content\/uploads\/2023\/12\/blog_aldosolar_Na-matriz-eletrica-brasileira-fonte-solar-segunda-maior-potencia-instalada-1-1170x671.jpg 1170w, https:\/\/www.aldo.com.br\/blog\/wp-content\/uploads\/2023\/12\/blog_aldosolar_Na-matriz-eletrica-brasileira-fonte-solar-segunda-maior-potencia-instalada-1-585x335.jpg 585w\" sizes=\"(max-width: 1570px) 100vw, 1570px\" \/><\/p>\n<p><span style=\"font-weight: 400;\">O estudo da IEA chamou a aten\u00e7\u00e3o para alguns fatores que dever\u00e3o facilitar uma introdu\u00e7\u00e3o mais significativa da <\/span><a href=\"https:\/\/www.aldo.com.br\/blog\/postos-de-trabalho-para-energias-solar-e-eolica\/?desktop_view=show\"><b>energia solar e e\u00f3lica<\/b><\/a><span style=\"font-weight: 400;\"> no nosso sistema el\u00e9trico. Sendo assim, nos pr\u00f3ximos anos, ser\u00e1 reduzido o consumo de combust\u00edveis f\u00f3sseis para gerar eletricidade no pa\u00eds. E, at\u00e9 2026, <\/span><b>95 porcento da matriz el\u00e9trica <\/b><span style=\"font-weight: 400;\">do pa\u00eds tender\u00e1 a ser renov\u00e1vel.<\/span><\/p>\n<p><span style=\"font-weight: 400;\">Estamos testemunhando um acelerado avan\u00e7o da participa\u00e7\u00e3o das renov\u00e1veis no sistema el\u00e9trico brasileiro. Isso inclui mais de 20 GW de capacidade de gera\u00e7\u00e3o distribu\u00edda.<\/span><\/p>\n<p><span style=\"font-weight: 400;\">Dessa forma, em novembro de 2023, o Minist\u00e9rio de Minas e Energia (MME) prop\u00f4s a diminui\u00e7\u00e3o da inflexibilidade contratual das usinas t\u00e9rmicas quando houver sobras de energia. Tal inflexibilidade diz respeito \u00e0 produ\u00e7\u00e3o m\u00ednima exigida para atender contratos que comercializam <\/span><a href=\"https:\/\/www.aldo.com.br\/blog\/energia-solar-e-a-melhor-escolha\/?desktop_view=show\"><b>energia el\u00e9trica<\/b><\/a><span style=\"font-weight: 400;\"> no mercado regulado.<\/span><\/p>\n<p><span style=\"font-weight: 400;\">Para complementar o crescimento do sistema el\u00e9trico, cogitou-se o uso de armazenamento de energia. Desse modo, \u00e9 poss\u00edvel permitir um uso maior das fontes solar e e\u00f3lica. Assim, o primeiro sistema de <\/span><a href=\"https:\/\/www.aldo.com.br\/blog\/mercado-de-armazenamento-de-energia-solar-e-promissor\/?desktop_view=show\"><b>baterias<\/b><\/a><span style=\"font-weight: 400;\"> de grande escala do Brasil foi instalado no estado de S\u00e3o Paulo, em mar\u00e7o de 2023.<\/span><\/p>\n<p><span style=\"font-weight: 400;\">A <\/span><a href=\"https:\/\/www.gov.br\/aneel\/pt-br\/\" rel=\"nofollow noopener\" target=\"_blank\"><b>ANEEL<\/b><\/a><span style=\"font-weight: 400;\"> abriu, em outubro de 2023, uma consulta p\u00fablica acerca de solu\u00e7\u00f5es regulat\u00f3rias para favorecer a conex\u00e3o de sistemas de armazenamento na rede de distribui\u00e7\u00e3o.<\/span><\/p>\n<h3><a href=\"https:\/\/www.aldo.com.br\/blog\/lider-na-geracao-de-energia-solar\/\" target=\"_blank\" rel=\"noopener\"><b>&gt; Leia mais:\u00a0Como tornar o Brasil l\u00edder na gera\u00e7\u00e3o de energia solar?<\/b><\/a><\/h3>\n<p><span style=\"font-weight: 400;\">J\u00e1, o primeiro leil\u00e3o de transmiss\u00e3o de 2023, em junho, teve R$ 15,7 bilh\u00f5es em <\/span><a href=\"https:\/\/www.aldo.com.br\/blog\/investimento-inteligente\/?desktop_view=show\"><b>investimentos<\/b><\/a><span style=\"font-weight: 400;\"> feitos em linhas e subesta\u00e7\u00f5es. Um segundo leil\u00e3o, em dezembro, ficou em mais R$ 21,7 bilh\u00f5es encaminhados a infraestrutura do setor. Foi, portanto, o maior leil\u00e3o da hist\u00f3ria do pa\u00eds.<\/span><\/p>\n<p><span style=\"font-weight: 400;\">As novas linhas abrir\u00e3o caminho para o avan\u00e7o da <\/span><a href=\"https:\/\/www.aldo.com.br\/blog\/geracao-de-energia-solar-aumentou\/?desktop_view=show\"><b>gera\u00e7\u00e3o de energia<\/b><\/a><span style=\"font-weight: 400;\"> renov\u00e1vel no Nordeste. L\u00e1, a incid\u00eancia solar e abund\u00e2ncia de vento s\u00e3o garantidos. Assim, poder\u00e3o atender a demanda crescente do Sudeste do Brasil.<\/span><\/p>\n<h2><b>Hidrel\u00e9tricas estagnadas<\/b><\/h2>\n<p><img decoding=\"async\" class=\"alignnone wp-image-11756 size-full\" title=\"95 porcento da matriz el\u00e9trica\" src=\"http:\/\/www.aldo.com.br\/blog\/wp-content\/uploads\/2022\/04\/blog_aldosolar_Energia-hidreletrica-sera-substituida-pela-energia-solar-nos-proximos-anos.jpg\" alt=\"95 porcento da matriz el\u00e9trica\" width=\"1570\" height=\"900\" srcset=\"https:\/\/www.aldo.com.br\/blog\/wp-content\/uploads\/2022\/04\/blog_aldosolar_Energia-hidreletrica-sera-substituida-pela-energia-solar-nos-proximos-anos.jpg 1570w, https:\/\/www.aldo.com.br\/blog\/wp-content\/uploads\/2022\/04\/blog_aldosolar_Energia-hidreletrica-sera-substituida-pela-energia-solar-nos-proximos-anos-300x172.jpg 300w, https:\/\/www.aldo.com.br\/blog\/wp-content\/uploads\/2022\/04\/blog_aldosolar_Energia-hidreletrica-sera-substituida-pela-energia-solar-nos-proximos-anos-1024x587.jpg 1024w, https:\/\/www.aldo.com.br\/blog\/wp-content\/uploads\/2022\/04\/blog_aldosolar_Energia-hidreletrica-sera-substituida-pela-energia-solar-nos-proximos-anos-768x440.jpg 768w, https:\/\/www.aldo.com.br\/blog\/wp-content\/uploads\/2022\/04\/blog_aldosolar_Energia-hidreletrica-sera-substituida-pela-energia-solar-nos-proximos-anos-1536x881.jpg 1536w, https:\/\/www.aldo.com.br\/blog\/wp-content\/uploads\/2022\/04\/blog_aldosolar_Energia-hidreletrica-sera-substituida-pela-energia-solar-nos-proximos-anos-1170x671.jpg 1170w, https:\/\/www.aldo.com.br\/blog\/wp-content\/uploads\/2022\/04\/blog_aldosolar_Energia-hidreletrica-sera-substituida-pela-energia-solar-nos-proximos-anos-585x335.jpg 585w\" sizes=\"(max-width: 1570px) 100vw, 1570px\" \/><\/p>\n<p><span style=\"font-weight: 400;\">No Brasil, o fator de capacidade das <\/span><a href=\"https:\/\/www.aldo.com.br\/blog\/em-dez-anos-hidreletricas-perderao-espaco-na-geracao-de-energia-para-solar-e-eolica\/\" target=\"_blank\" rel=\"noopener\"><b>usinas hidrel\u00e9tricas<\/b><\/a><span style=\"font-weight: 400;\"> declinou de uma m\u00e9dia de 56% entre 1990 e 2021 para 42% entre 2017 e 2021. Assim, registrou uma queda hist\u00f3rica de 38% em 2021, ano em que secas severas sevaram a uma crise h\u00eddrica.<\/span><\/p>\n<p><span style=\"font-weight: 400;\">Contudo, em 2022, a gera\u00e7\u00e3o de energia el\u00e9trica proveniente das hidrel\u00e9tricas se recuperou e cresceu 17% ao ano. Agora, mant\u00e9m uma medida de fator de capacidade de 44%, desde 2023, com um avan\u00e7o da gera\u00e7\u00e3o em 1%. Enquanto isso, a gera\u00e7\u00e3o t\u00e9rmica reduziu 10%, apesar do crescimento das usinas a carv\u00e3o em 10%. Mas, at\u00e9 2026, <\/span><b>95 porcento da matriz el\u00e9trica <\/b><span style=\"font-weight: 400;\">do pa\u00eds ser\u00e1 renov\u00e1vel.<\/span><\/p>\n<h2><b>Demanda por energia aumentou em 2023<\/b><\/h2>\n<p><img decoding=\"async\" class=\"alignnone wp-image-14250 size-full\" title=\"95 porcento da matriz el\u00e9trica\" src=\"http:\/\/www.aldo.com.br\/blog\/wp-content\/uploads\/2023\/11\/blog_aldosolar_-Em-momento-maior-demanda-populacao-solar-atendeu-19-2-porcento-consumo-energia.jpg\" alt=\"95 porcento da matriz el\u00e9trica\" width=\"1570\" height=\"900\" srcset=\"https:\/\/www.aldo.com.br\/blog\/wp-content\/uploads\/2023\/11\/blog_aldosolar_-Em-momento-maior-demanda-populacao-solar-atendeu-19-2-porcento-consumo-energia.jpg 1570w, https:\/\/www.aldo.com.br\/blog\/wp-content\/uploads\/2023\/11\/blog_aldosolar_-Em-momento-maior-demanda-populacao-solar-atendeu-19-2-porcento-consumo-energia-300x172.jpg 300w, https:\/\/www.aldo.com.br\/blog\/wp-content\/uploads\/2023\/11\/blog_aldosolar_-Em-momento-maior-demanda-populacao-solar-atendeu-19-2-porcento-consumo-energia-1024x587.jpg 1024w, https:\/\/www.aldo.com.br\/blog\/wp-content\/uploads\/2023\/11\/blog_aldosolar_-Em-momento-maior-demanda-populacao-solar-atendeu-19-2-porcento-consumo-energia-768x440.jpg 768w, https:\/\/www.aldo.com.br\/blog\/wp-content\/uploads\/2023\/11\/blog_aldosolar_-Em-momento-maior-demanda-populacao-solar-atendeu-19-2-porcento-consumo-energia-1536x881.jpg 1536w, https:\/\/www.aldo.com.br\/blog\/wp-content\/uploads\/2023\/11\/blog_aldosolar_-Em-momento-maior-demanda-populacao-solar-atendeu-19-2-porcento-consumo-energia-1170x671.jpg 1170w, https:\/\/www.aldo.com.br\/blog\/wp-content\/uploads\/2023\/11\/blog_aldosolar_-Em-momento-maior-demanda-populacao-solar-atendeu-19-2-porcento-consumo-energia-585x335.jpg 585w\" sizes=\"(max-width: 1570px) 100vw, 1570px\" \/><\/p>\n<p><span style=\"font-weight: 400;\">Em 2023, o consumo de energia el\u00e9trica aumentou em torno de 4%. J\u00e1, em 2022 esse crescimento foi de 2,7% e isso demonstra uma atividade econ\u00f4mica robusta e um consumo maior no <\/span><a href=\"https:\/\/www.aldo.com.br\/blog\/nova-tendencia-na-construcao-civil\/\" target=\"_blank\" rel=\"noopener\"><b>setor de constru\u00e7\u00e3o<\/b><\/a><span style=\"font-weight: 400;\">.<\/span><\/p>\n<p><span style=\"font-weight: 400;\">Destacamos que o maior crescimento absoluto de 2023 foi registrado no subsistema Norte. Isso se deve \u00e0s temperaturas m\u00e9dias mais altas, al\u00e9m do progresso em rela\u00e7\u00e3o ao acesso \u00e0 energia el\u00e9trica.<\/span><\/p>\n<p><span style=\"font-weight: 400;\">No dia 13 de novembro, o Sistema Interligado Nacional (SIN) alcan\u00e7ou uma incr\u00edvel demanda instant\u00e2nea acima de 100 GW. Nesse dia, tivemos uma <\/span><a href=\"https:\/\/www.aldo.com.br\/blog\/onda-de-calor\/?desktop_view=show\"><b>onda de calor<\/b><\/a><span style=\"font-weight: 400;\"> que disparou o uso de aparelhos de ar-condicionado. Isso aconteceu principalmente nos subsistemas Sudeste\/Centro-Oeste, que alcan\u00e7ou seu pr\u00f3prio recorde, ou seja, 61 GW.<\/span><\/p>\n<h3><a href=\"https:\/\/www.aldo.com.br\/blog\/capacidade-de-energia-solar\/\" target=\"_blank\" rel=\"noopener\"><b>&gt; Leia mais:\u00a0Capacidade de energia solar cresce mais de 60% no Brasil<\/b><\/a><\/h3>\n<p><span style=\"font-weight: 400;\">Conforme podemos avaliar, a <\/span><a href=\"https:\/\/www.aldo.com.br\/blog\/investir-em-renovaveis\/?desktop_view=show\"><b>transi\u00e7\u00e3o energ\u00e9tica<\/b><\/a><span style=\"font-weight: 400;\"> j\u00e1 \u00e9 uma realidade. \u00c9 um acontecimento inevit\u00e1vel e necess\u00e1rio para transformar o modo de produ\u00e7\u00e3o e de consumo da sociedade, quando o assunto \u00e9 energia. As fontes renov\u00e1veis est\u00e3o evoluindo rapidamente e at\u00e9 2026, <\/span><b>95 porcento da matriz el\u00e9trica <\/b><span style=\"font-weight: 400;\">do pa\u00eds ser\u00e3o renov\u00e1veis, inevitavelmente.<\/span><\/p>\n<p><span style=\"font-weight: 400;\">Segundo relat\u00f3rio da <\/span><a href=\"https:\/\/www.iea.org\/\" rel=\"nofollow noopener\" target=\"_blank\"><b>International Energy Agency (IEA)<\/b><\/a><span style=\"font-weight: 400;\">, em 2026, <\/span><b>95 porcento da matriz el\u00e9trica<\/b><span style=\"font-weight: 400;\"> brasileira ser\u00e1 renov\u00e1vel. O estudo foi divulgado no \u00faltimo dia 24. Nele est\u00e1 previsto que as <\/span><a href=\"https:\/\/www.aldo.com.br\/blog\/usina-solar\/?desktop_view=show\"><b>usinas solares<\/b><\/a><span style=\"font-weight: 400;\"> fotovoltaicas e <\/span><a href=\"https:\/\/www.aldo.com.br\/blog\/fontes-solar-e-eolica\/?desktop_view=show\"><b>e\u00f3licas<\/b><\/a><span style=\"font-weight: 400;\"> atender\u00e3o a maior parte do consumo de energia el\u00e9trica no Brasil durante at\u00e9 2026.<\/span><\/p>\n<p><span style=\"font-weight: 400;\">H\u00e1 uma expectativa de que essas duas <\/span><a href=\"https:\/\/www.aldo.com.br\/blog\/saiba-tudo-sobre-as-fontes-de-energia-renovaveis\/?desktop_view=show\"><b>fontes renov\u00e1veis<\/b><\/a><span style=\"font-weight: 400;\"> gerem energia quase 50% a mais em 2026 que em 2022. Sendo assim, chegar\u00e3o a aproximadamente 200 TW\/h, com uma participa\u00e7\u00e3o em conjunto de quase 30% da produ\u00e7\u00e3o de eletricidade do pa\u00eds. Vale lembrar de que, em 2023, esse patamar registrava cerca de 20%. Com o crescimento acelerado da ades\u00e3o da popula\u00e7\u00e3o, <\/span><b>95 porcento da matriz el\u00e9trica<\/b><span style=\"font-weight: 400;\"> brasileira ser\u00e1 renov\u00e1vel em 2026.<\/span><\/p>\n<p><a href=\"https:\/\/www.aldo.com.br\/blog\/investir-em-renovaveis\/?desktop_view=show\"><b>&gt; Leia mais: Brasil est\u00e1 entre os 5 pa\u00edses em desenvolvimento mais atrativos para investir em renov\u00e1veis.<\/b><\/a><\/p>\n<p><span style=\"font-weight: 400;\">A IEA sinaliza que, entre 2024 e 2026, o <\/span><a href=\"https:\/\/www.absolar.org.br\/capacidade-de-producao-da-energia-solar-no-primeiro-semestre-de-2023-supera-todo-o-resultado-de-2022-2\/\" rel=\"nofollow noopener\" target=\"_blank\"><b>consumo de energia<\/b><\/a><span style=\"font-weight: 400;\"> no Brasil dever\u00e1 aumentar uma m\u00e9dia de 2,5% ao ano. Em compara\u00e7\u00e3o ao per\u00edodo de 2018 a 2023, o acr\u00e9scimo foi de 2,2%. Esse avan\u00e7o resulta do progresso da atividade econ\u00f4mica, al\u00e9m de um consumo mais alto da <\/span><a href=\"https:\/\/www.aldo.com.br\/blog\/energia-solar-residencial-quais-sao-as-vantagens-de-se-ter-em-casa\/?desktop_view=show\"><b>classe residencial<\/b><\/a><span style=\"font-weight: 400;\">.<\/span><\/p>\n<p><span style=\"font-weight: 400;\">E, para dar um impulso extra \u00e0 demanda por energia no Brasil, o programa Luz Para Todos, at\u00e9 2026, dever\u00e1 incluir mais de 2 milh\u00f5es de pessoas. Esse programa j\u00e1 beneficiou mais de 18 milh\u00f5es de <\/span><a href=\"https:\/\/www.aldo.com.br\/blog\/consumidor-pode-produzir-sua-propria-energia\/?desktop_view=show\"><b>consumidores<\/b><\/a><span style=\"font-weight: 400;\"> que foi criado.<\/span><\/p>\n<p><b>At\u00e9 2026, 95 porcento da matriz el\u00e9trica<\/b> <b>brasileira ser\u00e1 renov\u00e1vel &#8211; e\u00f3lica e solar avan\u00e7am cada vez mais<\/b><\/p>\n<p><span style=\"font-weight: 400;\">O estudo da IEA chamou a aten\u00e7\u00e3o para alguns fatores que dever\u00e3o facilitar uma introdu\u00e7\u00e3o mais significativa da <\/span><a href=\"https:\/\/www.aldo.com.br\/blog\/postos-de-trabalho-para-energias-solar-e-eolica\/?desktop_view=show\"><b>energia solar e e\u00f3lica<\/b><\/a><span style=\"font-weight: 400;\"> no nosso sistema el\u00e9trico. Sendo assim, nos pr\u00f3ximos anos, ser\u00e1 reduzido o consumo de combust\u00edveis f\u00f3sseis para gerar eletricidade no pa\u00eds. E, at\u00e9 2026, <\/span><b>95 porcento da matriz el\u00e9trica <\/b><span style=\"font-weight: 400;\">do pa\u00eds tender\u00e1 a ser renov\u00e1vel.<\/span><\/p>\n<p><span style=\"font-weight: 400;\">Estamos testemunhando um acelerado avan\u00e7o da participa\u00e7\u00e3o das renov\u00e1veis no sistema el\u00e9trico brasileiro. Isso inclui mais de 20 GW de capacidade de gera\u00e7\u00e3o distribu\u00edda.<\/span><\/p>\n<p><span style=\"font-weight: 400;\">Dessa forma, em novembro de 2023, o Minist\u00e9rio de Minas e Energia (MME) prop\u00f4s a diminui\u00e7\u00e3o da inflexibilidade contratual das usinas t\u00e9rmicas quando houver sobras de energia. Tal inflexibilidade diz respeito \u00e0 produ\u00e7\u00e3o m\u00ednima exigida para atender contratos que comercializam <\/span><a href=\"https:\/\/www.aldo.com.br\/blog\/energia-solar-e-a-melhor-escolha\/?desktop_view=show\"><b>energia el\u00e9trica<\/b><\/a><span style=\"font-weight: 400;\"> no mercado regulado.<\/span><\/p>\n<p><span style=\"font-weight: 400;\">Para complementar o crescimento do sistema el\u00e9trico, cogitou-se o uso de armazenamento de energia. Desse modo, \u00e9 poss\u00edvel permitir um uso maior das fontes solar e e\u00f3lica. Assim, o primeiro sistema de <\/span><a href=\"https:\/\/www.aldo.com.br\/blog\/mercado-de-armazenamento-de-energia-solar-e-promissor\/?desktop_view=show\"><b>baterias<\/b><\/a><span style=\"font-weight: 400;\"> de grande escala do Brasil foi instalado no estado de S\u00e3o Paulo, em mar\u00e7o de 2023.<\/span><\/p>\n<p><span style=\"font-weight: 400;\">A <\/span><a href=\"https:\/\/www.gov.br\/aneel\/pt-br\/\" target=\"_blank\" rel=\"nofollow noopener\"><b>ANEEL<\/b><\/a><span style=\"font-weight: 400;\"> abriu, em outubro de 2023, uma consulta p\u00fablica acerca de solu\u00e7\u00f5es regulat\u00f3rias para favorecer a conex\u00e3o de sistemas de armazenamento na rede de distribui\u00e7\u00e3o.<\/span><\/p>\n<h3><a href=\"https:\/\/www.aldo.com.br\/blog\/lider-na-geracao-de-energia-solar\/\"><b>&gt; Leia mais:\u00a0Como tornar o Brasil l\u00edder na gera\u00e7\u00e3o de energia solar?<\/b><\/a><\/h3>\n<p><span style=\"font-weight: 400;\">J\u00e1, o primeiro leil\u00e3o de transmiss\u00e3o de 2023, em junho, teve R$ 15,7 bilh\u00f5es em <\/span><a href=\"https:\/\/www.aldo.com.br\/blog\/investimento-inteligente\/?desktop_view=show\"><b>investimentos<\/b><\/a><span style=\"font-weight: 400;\"> feitos em linhas e subesta\u00e7\u00f5es. Um segundo leil\u00e3o, em dezembro, ficou em mais R$ 21,7 bilh\u00f5es encaminhados a infraestrutura do setor. Foi, portanto, o maior leil\u00e3o da hist\u00f3ria do pa\u00eds.<\/span><\/p>\n<p><span style=\"font-weight: 400;\">As novas linhas abrir\u00e3o caminho para o avan\u00e7o da <\/span><a href=\"https:\/\/www.aldo.com.br\/blog\/geracao-de-energia-solar-aumentou\/?desktop_view=show\"><b>gera\u00e7\u00e3o de energia<\/b><\/a><span style=\"font-weight: 400;\"> renov\u00e1vel no Nordeste. L\u00e1, a incid\u00eancia solar e abund\u00e2ncia de vento s\u00e3o garantidos. Assim, poder\u00e3o atender a demanda crescente do Sudeste do Brasil.<\/span><\/p>\n<h2><b>Hidrel\u00e9tricas estagnadas<\/b><\/h2>\n<p><span style=\"font-weight: 400;\">No Brasil, o fator de capacidade das <\/span><a href=\"https:\/\/www.aldo.com.br\/blog\/em-dez-anos-hidreletricas-perderao-espaco-na-geracao-de-energia-para-solar-e-eolica\/\"><b>usinas hidrel\u00e9tricas<\/b><\/a><span style=\"font-weight: 400;\"> declinou de uma m\u00e9dia de 56% entre 1990 e 2021 para 42% entre 2017 e 2021. Assim, registrou uma queda hist\u00f3rica de 38% em 2021, ano em que secas severas sevaram a uma crise h\u00eddrica.<\/span><\/p>\n<p><span style=\"font-weight: 400;\">Contudo, em 2022, a gera\u00e7\u00e3o de energia el\u00e9trica proveniente das hidrel\u00e9tricas se recuperou e cresceu 17% ao ano. Agora, mant\u00e9m uma medida de fator de capacidade de 44%, desde 2023, com um avan\u00e7o da gera\u00e7\u00e3o em 1%. Enquanto isso, a gera\u00e7\u00e3o t\u00e9rmica reduziu 10%, apesar do crescimento das usinas a carv\u00e3o em 10%. Mas, at\u00e9 2026, <\/span><b>95 porcento da matriz el\u00e9trica <\/b><span style=\"font-weight: 400;\">do pa\u00eds ser\u00e1 renov\u00e1vel.<\/span><\/p>\n<h2><b>Demanda por energia aumentou em 2023<\/b><\/h2>\n<p><span style=\"font-weight: 400;\">Em 2023, o consumo de energia el\u00e9trica aumentou em torno de 4%. J\u00e1, em 2022 esse crescimento foi de 2,7% e isso demonstra uma atividade econ\u00f4mica robusta e um consumo maior no <\/span><a href=\"https:\/\/www.aldo.com.br\/blog\/nova-tendencia-na-construcao-civil\/?desktop_view=show\"><b>setor de constru\u00e7\u00e3o<\/b><\/a><span style=\"font-weight: 400;\">.<\/span><\/p>\n<p><span style=\"font-weight: 400;\">Destacamos que o maior crescimento absoluto de 2023 foi registrado no subsistema Norte. Isso se deve \u00e0s temperaturas m\u00e9dias mais altas, al\u00e9m do progresso em rela\u00e7\u00e3o ao acesso \u00e0 energia el\u00e9trica.<\/span><\/p>\n<p><span style=\"font-weight: 400;\">No dia 13 de novembro, o Sistema Interligado Nacional (SIN) alcan\u00e7ou uma incr\u00edvel demanda instant\u00e2nea acima de 100 GW. Nesse dia, tivemos uma <\/span><a href=\"https:\/\/www.aldo.com.br\/blog\/onda-de-calor\/?desktop_view=show\"><b>onda de calor<\/b><\/a><span style=\"font-weight: 400;\"> que disparou o uso de aparelhos de ar-condicionado. Isso aconteceu principalmente nos subsistemas Sudeste\/Centro-Oeste, que alcan\u00e7ou seu pr\u00f3prio recorde, ou seja, 61 GW.<\/span><\/p>\n<h3><a href=\"https:\/\/www.aldo.com.br\/blog\/capacidade-de-energia-solar\/\"><b>&gt; Leia mais:\u00a0Capacidade de energia solar cresce mais de 60% no Brasil<\/b><\/a><\/h3>\n<p><span style=\"font-weight: 400;\">Conforme podemos avaliar, a <\/span><a href=\"https:\/\/www.aldo.com.br\/blog\/investir-em-renovaveis\/?desktop_view=show\"><b>transi\u00e7\u00e3o energ\u00e9tica<\/b><\/a><span style=\"font-weight: 400;\"> j\u00e1 \u00e9 uma realidade. \u00c9 um acontecimento inevit\u00e1vel e necess\u00e1rio para transformar o modo de produ\u00e7\u00e3o e de consumo da sociedade, quando o assunto \u00e9 energia. As fontes renov\u00e1veis est\u00e3o evoluindo rapidamente e at\u00e9 2026, <\/span><b>95 porcento da matriz el\u00e9trica <\/b><span style=\"font-weight: 400;\">do pa\u00eds ser\u00e3o renov\u00e1veis, inevitavelmente.<\/span><\/p>\n<p>Voc\u00ea sabia que o mercado oferece\u00a0<a href=\"https:\/\/www.aldo.com.br\/portais\/financiamento-energia-solar\/\"><strong>linhas de financiamento\u00a0<\/strong><\/a>espec\u00edficas para a ades\u00e3o \u00e0s\u00a0<a href=\"https:\/\/www.aldo.com.br\/blog\/energias-renovaveis-em-alta\/\"><strong>energias renov\u00e1veis?\u00a0<\/strong><\/a>Alguns exemplos de institui\u00e7\u00f5es s\u00e3o o\u00a0<a href=\"https:\/\/www.santander.com.br\/hotsite\/santanderfinanciamentos\/\" target=\"_blank\" rel=\"nofollow noopener\"><strong>Santander\u00a0<\/strong><\/a>e a\u00a0<a href=\"https:\/\/www.solagora.com.br\/\" target=\"_blank\" rel=\"nofollow noopener\"><strong>Sol Agora<\/strong><\/a><strong>,\u00a0<\/strong>que oferece financiamento inteligente e totalmente digital.<\/p>\n<h3><img loading=\"lazy\" decoding=\"async\" class=\"alignnone\" title=\"95 porcento da matriz el\u00e9trica\" src=\"http:\/\/www.aldo.com.br\/blog\/wp-content\/uploads\/2023\/07\/SOL_063_Banner_SolAgora_site_Aldo_03.jpg\" alt=\"95 porcento da matriz el\u00e9trica\" width=\"1170\" height=\"281\" \/><\/h3>\n<h3><strong><em>Acompanhe tamb\u00e9m todas as novidades da Aldo em outros canais como\u00a0<\/em><\/strong><a href=\"https:\/\/twitter.com\/Aldo_Solar\" target=\"_blank\" rel=\"nofollow noopener\"><strong><em>Twitter,<\/em><\/strong><\/a>\u00a0<a href=\"https:\/\/www.facebook.com\/AldoSolarDistribuidora\" target=\"_blank\" rel=\"nofollow noopener\"><strong><em>Facebook<\/em><\/strong><\/a><strong><em>,\u00a0<\/em><\/strong><a href=\"https:\/\/www.linkedin.com\/company\/aldosolar\/\" target=\"_blank\" rel=\"nofollow noopener\"><strong><em>LinkedIn<\/em><\/strong><\/a><strong><em>\u00a0e\u00a0<\/em><\/strong><a href=\"https:\/\/www.instagram.com\/aldosolar_oficial\/\" target=\"_blank\" rel=\"nofollow noopener\"><strong><em>Instagram<\/em><\/strong><\/a><strong><em>. Fique ligado tamb\u00e9m em nosso canal no\u00a0<\/em><\/strong><a href=\"https:\/\/www.youtube.com\/AldoSolar?sub_confirmation=1\" target=\"_blank\" rel=\"nofollow noopener\"><strong><em>Youtube<\/em><\/strong><\/a><strong><em>!<\/em><\/strong><\/h3>\n","protected":false},"excerpt":{"rendered":"<p>Com a ades\u00e3o \u00e0 energia solar e e\u00f3lica crescendo em 2026, 95 porcento da matriz el\u00e9trica brasileira ser\u00e1 renov\u00e1vel. Saiba mais!<\/p>\n","protected":false},"author":4,"featured_media":14443,"comment_status":"open","ping_status":"open","sticky":false,"template":"","format":"standard","meta":{"_glsr_average":0,"_glsr_ranking":0,"_glsr_reviews":0,"footnotes":""},"categories":[31,42],"tags":[71,89,281,37,734,59,828,2783,2405,160,2784,2785],"class_list":["post-14439","post","type-post","status-publish","format-standard","has-post-thumbnail","hentry","category-energia-solar","category-noticias","tag-aneel","tag-crescimento","tag-energia-eolica","tag-energia-solar","tag-energias-renovaveis","tag-gerador-de-energia-solar","tag-iea","tag-international-energy-agency","tag-matriz-eletrica","tag-matriz-energetica","tag-ministerio-de-minas-e-energi","tag-transicao-energetica-j"],"_links":{"self":[{"href":"https:\/\/www.aldo.com.br\/blog\/wp-json\/wp\/v2\/posts\/14439","targetHints":{"allow":["GET"]}}],"collection":[{"href":"https:\/\/www.aldo.com.br\/blog\/wp-json\/wp\/v2\/posts"}],"about":[{"href":"https:\/\/www.aldo.com.br\/blog\/wp-json\/wp\/v2\/types\/post"}],"author":[{"embeddable":true,"href":"https:\/\/www.aldo.com.br\/blog\/wp-json\/wp\/v2\/users\/4"}],"replies":[{"embeddable":true,"href":"https:\/\/www.aldo.com.br\/blog\/wp-json\/wp\/v2\/comments?post=14439"}],"version-history":[{"count":3,"href":"https:\/\/www.aldo.com.br\/blog\/wp-json\/wp\/v2\/posts\/14439\/revisions"}],"predecessor-version":[{"id":14442,"href":"https:\/\/www.aldo.com.br\/blog\/wp-json\/wp\/v2\/posts\/14439\/revisions\/14442"}],"wp:featuredmedia":[{"embeddable":true,"href":"https:\/\/www.aldo.com.br\/blog\/wp-json\/wp\/v2\/media\/14443"}],"wp:attachment":[{"href":"https:\/\/www.aldo.com.br\/blog\/wp-json\/wp\/v2\/media?parent=14439"}],"wp:term":[{"taxonomy":"category","embeddable":true,"href":"https:\/\/www.aldo.com.br\/blog\/wp-json\/wp\/v2\/categories?post=14439"},{"taxonomy":"post_tag","embeddable":true,"href":"https:\/\/www.aldo.com.br\/blog\/wp-json\/wp\/v2\/tags?post=14439"}],"curies":[{"name":"wp","href":"https:\/\/api.w.org\/{rel}","templated":true}]}}