{"id":14255,"date":"2023-11-24T08:15:28","date_gmt":"2023-11-24T11:15:28","guid":{"rendered":"https:\/\/www.aldo.com.br\/blog\/?p=14255"},"modified":"2023-11-29T17:37:24","modified_gmt":"2023-11-29T20:37:24","slug":"energia-solar-residencial","status":"publish","type":"post","link":"https:\/\/www.aldo.com.br\/blog\/energia-solar-residencial","title":{"rendered":"No Brasil, R$ 60 bilh\u00f5es foram movimentados no mercado de energia solar residencial"},"content":{"rendered":"<p><span style=\"font-weight: 400;\">Um levantamento do setor apontou a movimenta\u00e7\u00e3o de mais de R$ 60,5 bilh\u00f5es no mercado de <\/span><b>energia solar residencial<\/b><span style=\"font-weight: 400;\"> brasileiro. No total, mais de 1,6 milh\u00e3o de resid\u00eancias localizadas em 5,5 mil munic\u00edpios, em todas as regi\u00f5es do pa\u00eds usam a tecnologia fotovoltaica. Com isso, s\u00e3o capazes de alimentar mais de 2 milh\u00f5es de <\/span><a href=\"https:\/\/www.aldo.com.br\/blog\/estudo-gd-da-greener\/\" target=\"_blank\" rel=\"noopener\"><b>unidades consumidoras<\/b><\/a><span style=\"font-weight: 400;\">.<\/span><\/p>\n<p><span style=\"font-weight: 400;\">A pesquisa sobre o mercado de <\/span><b>energia solar residencial<\/b><span style=\"font-weight: 400;\"> considerou os dados oficiais fornecidos pela <\/span><a href=\"https:\/\/www.gov.br\/aneel\/pt-br\/\" target=\"_blank\" rel=\"nofollow noopener\"><b>ANEEL (Ag\u00eancia Nacional de Energia El\u00e9trica)<\/b><\/a><span style=\"font-weight: 400;\"> e da <\/span><a href=\"https:\/\/www.absolar.org.br\/\" target=\"_blank\" rel=\"nofollow noopener\"><b>ABSOLAR (Associa\u00e7\u00e3o Brasileira de Energia Solar Fotovoltaica)<\/b><\/a><span style=\"font-weight: 400;\">.<\/span><\/p>\n<h3><a href=\"https:\/\/www.aldo.com.br\/blog\/lider-na-geracao-de-energia-solar\/\" target=\"_blank\" rel=\"noopener\"><b>&gt; Leia mais: <\/b><b>Como tornar o Brasil l\u00edder na gera\u00e7\u00e3o de energia solar?<\/b><\/a><\/h3>\n<h3><b>Energia solar residencial \u2013 pot\u00eancia maior que 12 GW<\/b><\/h3>\n<p><img fetchpriority=\"high\" decoding=\"async\" class=\"alignnone wp-image-6872 size-large\" title=\"Energia solar residencial\" src=\"http:\/\/www.aldo.com.br\/blog\/wp-content\/uploads\/2020\/11\/blog_aldo_painel-solar-no-telhado-tudo-o-que-voce-precisa-saber-1024x587.jpg\" alt=\"Energia solar residencial\" width=\"1024\" height=\"587\" srcset=\"https:\/\/www.aldo.com.br\/blog\/wp-content\/uploads\/2020\/11\/blog_aldo_painel-solar-no-telhado-tudo-o-que-voce-precisa-saber-1024x587.jpg 1024w, https:\/\/www.aldo.com.br\/blog\/wp-content\/uploads\/2020\/11\/blog_aldo_painel-solar-no-telhado-tudo-o-que-voce-precisa-saber-300x172.jpg 300w, https:\/\/www.aldo.com.br\/blog\/wp-content\/uploads\/2020\/11\/blog_aldo_painel-solar-no-telhado-tudo-o-que-voce-precisa-saber-768x440.jpg 768w, https:\/\/www.aldo.com.br\/blog\/wp-content\/uploads\/2020\/11\/blog_aldo_painel-solar-no-telhado-tudo-o-que-voce-precisa-saber-1536x881.jpg 1536w, https:\/\/www.aldo.com.br\/blog\/wp-content\/uploads\/2020\/11\/blog_aldo_painel-solar-no-telhado-tudo-o-que-voce-precisa-saber-1170x671.jpg 1170w, https:\/\/www.aldo.com.br\/blog\/wp-content\/uploads\/2020\/11\/blog_aldo_painel-solar-no-telhado-tudo-o-que-voce-precisa-saber-585x335.jpg 585w, https:\/\/www.aldo.com.br\/blog\/wp-content\/uploads\/2020\/11\/blog_aldo_painel-solar-no-telhado-tudo-o-que-voce-precisa-saber.jpg 1570w\" sizes=\"(max-width: 1024px) 100vw, 1024px\" \/><\/p>\n<p><span style=\"font-weight: 400;\">O estudo realizado tamb\u00e9m revelou que a pot\u00eancia instalada de <\/span><b>energia solar residencial<\/b><span style=\"font-weight: 400;\"> superou a marca de 12 GW. Mas, se levarmos em conta a pot\u00eancia instalada, tamb\u00e9m, no com\u00e9rcio, nas <\/span><a href=\"https:\/\/www.aldo.com.br\/blog\/propriedades-rurais-tem-energia-solar\/\"><b>propriedades rurais<\/b><\/a><span style=\"font-weight: 400;\"> e na ind\u00fastria, esse n\u00famero chega a 24 GW.<\/span><\/p>\n<p><span style=\"font-weight: 400;\">O crescimento da gera\u00e7\u00e3o pr\u00f3pria de energia solar residencial movimenta a economia nacional de forma virtuosa. Al\u00e9m disso, aumenta a atra\u00e7\u00e3o de capital e incentiva a forma\u00e7\u00e3o de mais postos de trabalho e renda aos consumidores brasileiros.<\/span><\/p>\n<h3><b>J\u00e1 superamos 32,5 GW em solo brasileiro<\/b><\/h3>\n<p><span style=\"font-weight: 400;\">A\u00a0<\/span>energia solar alcan\u00e7a 32.5 GW<span style=\"font-weight: 400;\">\u00a0em solo brasileiro. A\u00a0<\/span><a href=\"https:\/\/www.absolar.org.br\/\" target=\"_blank\" rel=\"nofollow noopener\"><b>ABSOLAR (Associa\u00e7\u00e3o Brasileira de Energia Solar)<\/b><\/a><span style=\"font-weight: 400;\">\u00a0informou, recentemente, que o Brasil superou a marca hist\u00f3rica de 10 GW de pot\u00eancia operacional nas grandes usinas solares. Isso equivale a mais da metade da capacidade instalada da\u00a0<\/span><a href=\"https:\/\/www.aldo.com.br\/blog\/energia-hidreletrica-sera-substituida\/\" target=\"_blank\" rel=\"noopener\"><b>usina hidrel\u00e9trica<\/b><\/a><span style=\"font-weight: 400;\">\u00a0de Itaipu, que \u00e9 a segunda maior usina do planeta.<\/span><\/p>\n<p><span style=\"font-weight: 400;\">Al\u00e9m desses 10 GW, somando aos 22,5 GW referentes \u00e0\u00a0<\/span><a href=\"https:\/\/www.aldo.com.br\/blog\/geracao-distribuida-ja-aumentou-2-5-gw\/\"><b>gera\u00e7\u00e3o distribu\u00edda<\/b><\/a><span style=\"font-weight: 400;\">, ou seja, em pequenos terrenos e telhados, a\u00a0<\/span>energia solar alcan\u00e7a 32.5 GW<span style=\"font-weight: 400;\">\u00a0de capacidade instalada. Essa capacidade \u00e9 respons\u00e1vel pela segunda coloca\u00e7\u00e3o do pa\u00eds em pot\u00eancia instalada, seguida pela fonte e\u00f3lica, que apresenta 26 GW, atualmente.<\/span><\/p>\n<p><img decoding=\"async\" class=\"alignnone wp-image-13806 size-full\" title=\"energia solar residencial\" src=\"http:\/\/www.aldo.com.br\/blog\/wp-content\/uploads\/2023\/06\/blog_aldosolar_brasil_vai_sediar_forum_energia_solar.jpg\" alt=\"energia solar residencial\" width=\"1570\" height=\"900\" srcset=\"https:\/\/www.aldo.com.br\/blog\/wp-content\/uploads\/2023\/06\/blog_aldosolar_brasil_vai_sediar_forum_energia_solar.jpg 1570w, https:\/\/www.aldo.com.br\/blog\/wp-content\/uploads\/2023\/06\/blog_aldosolar_brasil_vai_sediar_forum_energia_solar-300x172.jpg 300w, https:\/\/www.aldo.com.br\/blog\/wp-content\/uploads\/2023\/06\/blog_aldosolar_brasil_vai_sediar_forum_energia_solar-1024x587.jpg 1024w, https:\/\/www.aldo.com.br\/blog\/wp-content\/uploads\/2023\/06\/blog_aldosolar_brasil_vai_sediar_forum_energia_solar-768x440.jpg 768w, https:\/\/www.aldo.com.br\/blog\/wp-content\/uploads\/2023\/06\/blog_aldosolar_brasil_vai_sediar_forum_energia_solar-1536x881.jpg 1536w, https:\/\/www.aldo.com.br\/blog\/wp-content\/uploads\/2023\/06\/blog_aldosolar_brasil_vai_sediar_forum_energia_solar-1170x671.jpg 1170w, https:\/\/www.aldo.com.br\/blog\/wp-content\/uploads\/2023\/06\/blog_aldosolar_brasil_vai_sediar_forum_energia_solar-585x335.jpg 585w\" sizes=\"(max-width: 1570px) 100vw, 1570px\" \/><\/p>\n<p><span style=\"font-weight: 400;\">Segundo a ABSOLAR, o avan\u00e7o da ades\u00e3o \u00e0\u00a0<\/span><a href=\"https:\/\/www.aldo.com.br\/categoria\/energia-solar\"><b>energia solar<\/b><\/a><span style=\"font-weight: 400;\">\u00a0est\u00e1 acelerado e essa \u00e9 uma tend\u00eancia global. Nosso pa\u00eds apresenta uma grande vantagem quanto a recursos provenientes da\u00a0<\/span><a href=\"https:\/\/www.aldo.com.br\/blog\/alianca-solar-internacional\/\"><b>fonte solar<\/b><\/a><span style=\"font-weight: 400;\">\u00a0em rela\u00e7\u00e3o ao restante do mundo.<\/span><\/p>\n<p><span style=\"font-weight: 400;\">Esse fato colabora com uma imensa possibilidade de produzirmos o\u00a0<\/span><a href=\"https:\/\/www.aldo.com.br\/blog\/hidrogenio-verde\"><b>hidrog\u00eanio verde (H2V)<\/b><\/a><span style=\"font-weight: 400;\">\u00a0mais barato do mundo. Al\u00e9m disso, podemos passar a desenvolver novas tecnologias relacionadas e essa, como\u00a0<\/span><a href=\"https:\/\/www.aldo.com.br\/blog\/1-milhao-de-veiculos-eletricos-e-hibridos-em-2030\/\"><b>ve\u00edculos el\u00e9tricos<\/b><\/a><span style=\"font-weight: 400;\">\u00a0e\u00a0<\/span><a href=\"https:\/\/www.aldo.com.br\/blog\/baterias-de-armazenamento\/\"><b>armazenamento de energia<\/b><\/a><span style=\"font-weight: 400;\">. A associa\u00e7\u00e3o destaca que , e acordo com um estudo da consultoria\u00a0<\/span><a href=\"https:\/\/www.mckinsey.com.br\/\" rel=\"nofollow noopener\" target=\"_blank\"><b>Mckinsey<\/b><\/a><span style=\"font-weight: 400;\">, at\u00e9 2040 o Brasil tende a abrigar uma nova matriz el\u00e9trica inteira dedicada \u00e0 produ\u00e7\u00e3o do\u00a0<\/span><a href=\"https:\/\/www.aldo.com.br\/blog\/hidrogenio-verde\/\"><b>hidrog\u00eanio verde<\/b><\/a><span style=\"font-weight: 400;\">.<\/span><\/p>\n<p><span style=\"font-weight: 400;\">E, para que isso se concretize, deveremos receber cerca de R$ 1 trilh\u00e3o em investimentos dentro do per\u00edodo citado. Tudo para ser aplicado em gera\u00e7\u00e3o de energia, linhas de transmiss\u00e3o, unidades de fabrica\u00e7\u00e3o do combust\u00edvel e as estruturas pertinentes. Segundo o executivo, isso inclui dutos, terminais portu\u00e1rios e armazenagem.<\/span><\/p>\n<h3><a href=\"https:\/\/www.aldo.com.br\/blog\/capacidade-de-energia-solar\/\"><b>&gt; Leia mais: <\/b><b>Capacidade de energia solar cresce mais de 60% no Brasil<\/b><\/a><\/h3>\n<h2><b>S\u00e3o bilh\u00f5es investidos desde 2012<\/b><\/h2>\n<p><span style=\"font-weight: 400;\">desde 2012, essa fonte de\u00a0<\/span><a href=\"https:\/\/www.aldo.com.br\/blog\/setor-textil\/\"><b>energia limpa e renov\u00e1vel<\/b><\/a><span style=\"font-weight: 400;\">\u00a0j\u00e1 angariou mais de R$ 44\u00a0<\/span><a href=\"https:\/\/www.aldo.com.br\/blog\/energia-solar-no-agronegocio\/\"><b>bilh\u00f5es de investimentos<\/b><\/a><span style=\"font-weight: 400;\">\u00a0novos. Al\u00e9m disso, foram mais de 304,1 mil empregos acumulados, proporcionando, ainda, em torno de R$ 16 bilh\u00f5es arrecadados aos cofres p\u00fablicos.<\/span><\/p>\n<p><span style=\"font-weight: 400;\">De acordo com Rodrigo Sauaia, presidente da ABSOLAR, a energia solar \u00e9 uma fonte bastante competitiva e limpa. Por isso, a inclus\u00e3o da energia solar em usinas de grande porte \u00e9 essencial para que o Brasil fortale\u00e7a a economia, impulsionando o processo de reindustrializa\u00e7\u00e3o e de transi\u00e7\u00e3o energ\u00e9tica.<\/span><\/p>\n<h2><b>Em 2024 o Brasil dever\u00e1 sediar o<\/b><span style=\"font-weight: 400;\">\u00a0<\/span><b>f\u00f3rum de energia solar<\/b><\/h2>\n<p><span style=\"font-weight: 400;\">O evento acontecer\u00e1, uma vez que os\u00a0<\/span><a href=\"https:\/\/www.aldo.com.br\/blog\/otimizar-as-vendas-em-energia-solar\/\"><b>setores fotovoltaicos<\/b><\/a><span style=\"font-weight: 400;\">\u00a0do Brasil e da China devem passar a ampliar o com\u00e9rcio bilateral entre os dois pa\u00edses, nesse segmento. Para tanto, a\u00a0<\/span><a href=\"https:\/\/www.absolar.org.br\/energia-solar-ultrapassa-r-1507-bilhoes-em-investimentos-no-brasil-segundo-absolar\/\" rel=\"nofollow noopener\" target=\"_blank\"><b>ABSOLAR<\/b><\/a><span style=\"font-weight: 400;\">\u00a0(Associa\u00e7\u00e3o Brasileira de energia Solar Fotovoltaica) assinou um acordo para estabelecer um entendimento entre duas entidades chinesas.<\/span><\/p>\n<p><span style=\"font-weight: 400;\">Tal acordo foi realizado durante a maior feira de energia solar do planeta. Estamos falando da\u00a0<\/span><a href=\"https:\/\/pv.snec.org.cn\/?locale=en-US\" rel=\"nofollow noopener\" target=\"_blank\"><b>Snec 2023<\/b><\/a><span style=\"font-weight: 400;\">, em Xangai, na\u00a0<\/span><a href=\"https:\/\/www.aldo.com.br\/blog\/5-gw-em-modulos-fv-importados\/\"><b>China<\/b><\/a><span style=\"font-weight: 400;\">, com a\u00a0<\/span><a href=\"https:\/\/www.iela.org\/members\/find-an-iela-member\/companies\/china-international-exhibition-transportation-co-ltd-cietc.html\" rel=\"nofollow noopener\" target=\"_blank\"><b>CIETC (Center for International Economic and Technological Cooperation)<\/b><\/a><span style=\"font-weight: 400;\">\u00a0e a CPIA\u00a0<\/span><a href=\"https:\/\/www.globalsolarcouncil.org\/cpia\/\" rel=\"nofollow noopener\" target=\"_blank\"><b>(China Photovoltaic Industry Association).<\/b><\/a><\/p>\n<p><span style=\"font-weight: 400;\">A forma\u00e7\u00e3o dessa parceria tem o objetivo de proporcionar uma acelera\u00e7\u00e3o no processo de desenvolvimento do mercado de energia solar nos dois pa\u00edses \u2013 Brasil e China. Isso \u00e9 importante para expandir a\u00a0<\/span><a href=\"https:\/\/www.aldo.com.br\/blog\/energia-solar-deve-receber-mais-investimentos\/\"><b>atra\u00e7\u00e3o de investimentos<\/b><\/a><span style=\"font-weight: 400;\">\u00a0novos, gera\u00e7\u00e3o de\u00a0<\/span><a href=\"https:\/\/www.aldo.com.br\/blog\/energia-solar-criou-mais-de-900-empregos-por-dia\/\"><b>empregos<\/b><\/a><span style=\"font-weight: 400;\">\u00a0e renda, al\u00e9m de criar oportunidades de neg\u00f3cios nesse setor.<\/span><\/p>\n<p><span style=\"font-weight: 400;\">Parte da iniciativa contar\u00e1 com a realiza\u00e7\u00e3o conjunta de um evento anual. Ser\u00e1 o China-Brazil solar PV Industry Exchange Forum, cuja finalidade \u00e9 compartilhar conhecimentos e consolidar v\u00ednculos comerciais. Sendo assim, no pr\u00f3ximo ano, o Brasil deve sediar o\u00a0<\/span><b>f\u00f3rum de energia solar<\/b><span style=\"font-weight: 400;\">. Contudo, ainda n\u00e3o h\u00e1 uma cidade ou data definida para a realiza\u00e7\u00e3o do evento.<\/span><\/p>\n<p><span style=\"font-weight: 400;\">Segundo a ABSOLAR, esse acordo tem chances de funcionar como um importante condutor para impulsionar a\u00a0<\/span><a href=\"https:\/\/www.aldo.com.br\/blog\/transicao-energetica\/\"><b>transi\u00e7\u00e3o energ\u00e9tica<\/b><\/a><span style=\"font-weight: 400;\">. Al\u00e9m disso, poder\u00e1 voltar a industrializar o Brasil partindo da tecnologia associada \u00e0 energia fotovoltaica.<\/span><\/p>\n<p><span style=\"font-weight: 400;\">O processo de transi\u00e7\u00e3o energ\u00e9tica j\u00e1 sinaliza uma nova realidade em termos de consumo de energia no Brasil. \u00c9 algo mais que necess\u00e1rio em tempos de mudan\u00e7as clim\u00e1ticas e grandes cat\u00e1strofes.<\/span><\/p>\n<h3><a href=\"https:\/\/www.aldo.com.br\/blog\/consumo-de-energia\/\" target=\"_blank\" rel=\"noopener\"><b>&gt; Leia mais: <\/b><b>Em momento de maior demanda da popula\u00e7\u00e3o a solar atendeu 19,2% do consumo de energia<\/b><\/a><\/h3>\n<p>Voc\u00ea sabia que o mercado oferece\u00a0<a href=\"https:\/\/www.aldo.com.br\/portais\/financiamento-energia-solar\/\"><strong>linhas de financiamento\u00a0<\/strong><\/a>espec\u00edficas para a ades\u00e3o \u00e0s\u00a0<a href=\"https:\/\/www.aldo.com.br\/blog\/energias-renovaveis-em-alta\/\"><strong>energias renov\u00e1veis?\u00a0<\/strong><\/a>Alguns exemplos de institui\u00e7\u00f5es s\u00e3o o\u00a0<a href=\"https:\/\/www.santander.com.br\/hotsite\/santanderfinanciamentos\/\" target=\"_blank\" rel=\"nofollow noopener\"><strong>Santander\u00a0<\/strong><\/a>e a\u00a0<a href=\"https:\/\/www.solagora.com.br\/\" target=\"_blank\" rel=\"nofollow noopener\"><strong>Sol Agora<\/strong><\/a><strong>,\u00a0<\/strong>que oferece financiamento inteligente e totalmente digital.<\/p>\n<h3><img decoding=\"async\" class=\"alignnone\" title=\"energia solar residencial\" src=\"http:\/\/www.aldo.com.br\/blog\/wp-content\/uploads\/2023\/07\/SOL_063_Banner_SolAgora_site_Aldo_03.jpg\" alt=\"energia solar residencial\" width=\"1170\" height=\"281\" \/><\/h3>\n<h3><strong><em>Acompanhe tamb\u00e9m todas as novidades da Aldo em outros canais como\u00a0<\/em><\/strong><a href=\"https:\/\/twitter.com\/Aldo_Solar\" target=\"_blank\" rel=\"nofollow noopener\"><strong><em>Twitter,<\/em><\/strong><\/a>\u00a0<a href=\"https:\/\/www.facebook.com\/AldoSolarDistribuidora\" target=\"_blank\" rel=\"nofollow noopener\"><strong><em>Facebook<\/em><\/strong><\/a><strong><em>,\u00a0<\/em><\/strong><a href=\"https:\/\/www.linkedin.com\/company\/aldosolar\/\" target=\"_blank\" rel=\"nofollow noopener\"><strong><em>LinkedIn<\/em><\/strong><\/a><strong><em>\u00a0e\u00a0<\/em><\/strong><a href=\"https:\/\/www.instagram.com\/aldosolar_oficial\/\" target=\"_blank\" rel=\"nofollow noopener\"><strong><em>Instagram<\/em><\/strong><\/a><strong><em>. Fique ligado tamb\u00e9m em nosso canal no\u00a0<\/em><\/strong><a href=\"https:\/\/www.youtube.com\/AldoSolar?sub_confirmation=1\" target=\"_blank\" rel=\"nofollow noopener\"><strong><em>Youtube<\/em><\/strong><\/a><strong><em>!<\/em><\/strong><\/h3>\n","protected":false},"excerpt":{"rendered":"<p>A energia solar residencial j\u00e1 movimentou R$ 60 bilh\u00f5es no pa\u00eds, em mais de 1,6 milh\u00e3o de resid\u00eancias localizadas em 5,5 mil munic\u00edpios. Saiba mais!<\/p>\n","protected":false},"author":4,"featured_media":14258,"comment_status":"open","ping_status":"open","sticky":false,"template":"","format":"standard","meta":{"_glsr_average":0,"_glsr_ranking":0,"_glsr_reviews":0,"footnotes":""},"categories":[31,42],"tags":[],"class_list":["post-14255","post","type-post","status-publish","format-standard","has-post-thumbnail","hentry","category-energia-solar","category-noticias"],"_links":{"self":[{"href":"https:\/\/www.aldo.com.br\/blog\/wp-json\/wp\/v2\/posts\/14255","targetHints":{"allow":["GET"]}}],"collection":[{"href":"https:\/\/www.aldo.com.br\/blog\/wp-json\/wp\/v2\/posts"}],"about":[{"href":"https:\/\/www.aldo.com.br\/blog\/wp-json\/wp\/v2\/types\/post"}],"author":[{"embeddable":true,"href":"https:\/\/www.aldo.com.br\/blog\/wp-json\/wp\/v2\/users\/4"}],"replies":[{"embeddable":true,"href":"https:\/\/www.aldo.com.br\/blog\/wp-json\/wp\/v2\/comments?post=14255"}],"version-history":[{"count":3,"href":"https:\/\/www.aldo.com.br\/blog\/wp-json\/wp\/v2\/posts\/14255\/revisions"}],"predecessor-version":[{"id":14275,"href":"https:\/\/www.aldo.com.br\/blog\/wp-json\/wp\/v2\/posts\/14255\/revisions\/14275"}],"wp:featuredmedia":[{"embeddable":true,"href":"https:\/\/www.aldo.com.br\/blog\/wp-json\/wp\/v2\/media\/14258"}],"wp:attachment":[{"href":"https:\/\/www.aldo.com.br\/blog\/wp-json\/wp\/v2\/media?parent=14255"}],"wp:term":[{"taxonomy":"category","embeddable":true,"href":"https:\/\/www.aldo.com.br\/blog\/wp-json\/wp\/v2\/categories?post=14255"},{"taxonomy":"post_tag","embeddable":true,"href":"https:\/\/www.aldo.com.br\/blog\/wp-json\/wp\/v2\/tags?post=14255"}],"curies":[{"name":"wp","href":"https:\/\/api.w.org\/{rel}","templated":true}]}}