{"id":14052,"date":"2023-09-05T13:51:41","date_gmt":"2023-09-05T16:51:41","guid":{"rendered":"https:\/\/www.aldo.com.br\/blog\/?p=14052"},"modified":"2023-10-03T08:18:03","modified_gmt":"2023-10-03T11:18:03","slug":"baterias-de-armazenamento","status":"publish","type":"post","link":"https:\/\/www.aldo.com.br\/blog\/baterias-de-armazenamento","title":{"rendered":"Baterias de armazenamento ganham associa\u00e7\u00e3o e log\u00edstica reversa"},"content":{"rendered":"<p><span style=\"font-weight: 400;\">O mercado de <\/span><b>baterias de armazenamento<\/b><span style=\"font-weight: 400;\"> do Brasil deve acelerar com a <\/span><a href=\"https:\/\/pages.unipower.com.br\/absae\" target=\"_blank\" rel=\"nofollow noopener\"><b>ABSAE (Associa\u00e7\u00e3o Brasileira de Solu\u00e7\u00f5es de Armazenamento de Energia)<\/b><\/a><span style=\"font-weight: 400;\">. A entidade foi criada pelas mais importantes empresas desse segmento. Sua estrutura, ent\u00e3o, atende tr\u00eas pautas principais: incentivo ao <a href=\"https:\/\/www.aldo.com.br\/blog\/marco-legal-da-gd-e-aprovado\" target=\"_blank\" rel=\"noopener\"><strong>marco regulat\u00f3rio<\/strong><\/a>, divulga\u00e7\u00e3o de informa\u00e7\u00f5es sobre o segmento e fomento e ades\u00e3o a <a href=\"https:\/\/www.aldo.com.br\/blog\/lider-na-geracao-de-energia-solar\" target=\"_blank\" rel=\"noopener\"><strong>pol\u00edticas p\u00fablicas<\/strong><\/a>.<\/span><\/p>\n<p><span style=\"font-weight: 400;\">A Associa\u00e7\u00e3o que pretende impulsionar o mercado de <\/span><b>baterias de armazenamento<\/b><span style=\"font-weight: 400;\"> contempla as empresas <\/span><a href=\"https:\/\/www.aldo.com.br\/marcas\/baterias-moura\" target=\"_blank\" rel=\"noopener\"><b>Baterias Moura<\/b><\/a><span style=\"font-weight: 400;\">, a Micropower, a Newcharge e a UCB. A apresenta\u00e7\u00e3o da ABSAE ao mercado foi realizada durante <\/span><a href=\"https:\/\/www.intersolar.net.br\/inicio\" target=\"_blank\" rel=\"nofollow noopener\"><b>a Intersolar South America 2023<\/b><\/a><span style=\"font-weight: 400;\">. Seu objetivo, assim, \u00e9 dividir tal iniciativa convidando outras organiza\u00e7\u00f5es desse <\/span><b>setor a se unirem-se \u00e0 causa.<\/b><\/p>\n<h3><a href=\"https:\/\/www.aldo.com.br\/blog\/expansao-da-energia-solar-impulsiona-mercado-de-baterias\"><b>&gt; Expans\u00e3o da energia solar impulsiona mercado de baterias<\/b><\/a><\/h3>\n<h2><b>A import\u00e2ncia das baterias de armazenamento<\/b><\/h2>\n<p><img fetchpriority=\"high\" decoding=\"async\" class=\"alignnone wp-image-14053 size-full\" title=\"Baterias de armazenamento\" src=\"http:\/\/www.aldo.com.br\/blog\/wp-content\/uploads\/2023\/09\/blog_aldosolar_Baterias_de_Armazenamento.jpg\" alt=\"Baterias de armazenamento\" width=\"1570\" height=\"900\" srcset=\"https:\/\/www.aldo.com.br\/blog\/wp-content\/uploads\/2023\/09\/blog_aldosolar_Baterias_de_Armazenamento.jpg 1570w, https:\/\/www.aldo.com.br\/blog\/wp-content\/uploads\/2023\/09\/blog_aldosolar_Baterias_de_Armazenamento-300x172.jpg 300w, https:\/\/www.aldo.com.br\/blog\/wp-content\/uploads\/2023\/09\/blog_aldosolar_Baterias_de_Armazenamento-1024x587.jpg 1024w, https:\/\/www.aldo.com.br\/blog\/wp-content\/uploads\/2023\/09\/blog_aldosolar_Baterias_de_Armazenamento-768x440.jpg 768w, https:\/\/www.aldo.com.br\/blog\/wp-content\/uploads\/2023\/09\/blog_aldosolar_Baterias_de_Armazenamento-1536x881.jpg 1536w, https:\/\/www.aldo.com.br\/blog\/wp-content\/uploads\/2023\/09\/blog_aldosolar_Baterias_de_Armazenamento-1170x671.jpg 1170w, https:\/\/www.aldo.com.br\/blog\/wp-content\/uploads\/2023\/09\/blog_aldosolar_Baterias_de_Armazenamento-585x335.jpg 585w\" sizes=\"(max-width: 1570px) 100vw, 1570px\" \/><\/p>\n<p><span style=\"font-weight: 400;\">O presidente da ABSAE, refor\u00e7ou a import\u00e2ncia das <\/span><b>baterias de armazenamento<\/b><span style=\"font-weight: 400;\"> de energia na manuten\u00e7\u00e3o da <\/span><a href=\"https:\/\/www.aldo.com.br\/blog\/economia-e-sustentabilidade\/\" target=\"_blank\" rel=\"noopener\"><b>seguran\u00e7a<\/b><\/a><span style=\"font-weight: 400;\"> dos sistemas el\u00e9tricos. Da mesma forma, destacou sua relev\u00e2ncia para a modicidade tarif\u00e1ria e para a <\/span><a href=\"https:\/\/www.aldo.com.br\/blog\/e-preciso-investir-us-80-bilhoes-ao-ano-para-controle-de-emissoes-no-brasil\/\" target=\"_blank\" rel=\"noopener\"><b>descarboniza\u00e7\u00e3o<\/b><\/a> <span style=\"font-weight: 400;\">da <\/span><a href=\"https:\/\/www.aldo.com.br\/blog\/energia-solar-ja-e-a-segunda-maior-fonte\/\" target=\"_blank\" rel=\"noopener\"><b>matriz el\u00e9trica<\/b><\/a><span style=\"font-weight: 400;\">.<\/span><\/p>\n<p><span style=\"font-weight: 400;\">O executivo destacou, tamb\u00e9m, que \u00e9 fundamental promover incentivos nesse segmento e adotar pol\u00edticas p\u00fablicas para assegurar a competitividade do setor de <\/span><b>baterias de <\/b><a href=\"https:\/\/www.aldo.com.br\/categoria\/energia-solar\/produtos\/bateria-solar\/bateria-solar-litio\" target=\"_blank\" rel=\"noopener\"><strong>armazenamento<\/strong><\/a><span style=\"font-weight: 400;\"><strong> de energia<\/strong>.<\/span><\/p>\n<p><span style=\"font-weight: 400;\">Contudo, al\u00e9m dos objetivos definidos, a entidade pretende focar na qualifica\u00e7\u00e3o e na forma\u00e7\u00e3o de <\/span><a href=\"https:\/\/www.aldo.com.br\/blog\/postos-de-empregos-verdes\/\" target=\"_blank\" rel=\"noopener\"><b>profissionais especializados<\/b><\/a><span style=\"font-weight: 400;\"> em armazenamento de energia. Dessa forma, com a atua\u00e7\u00e3o da ABSAE, as companhias que se associarem dever\u00e3o alavancar o desenvolvimento de setor brasileiro de <\/span><b>baterias de armazenamento<\/b><span style=\"font-weight: 400;\"> de energia. Assim, ser\u00e1 poss\u00edvel colaborar com uma <\/span><a href=\"https:\/\/www.aldo.com.br\/blog\/transicao-energetica\/\"><b>transi\u00e7\u00e3o<\/b><\/a><span style=\"font-weight: 400;\"> da matriz energ\u00e9tica mais eficiente e <\/span><a href=\"https:\/\/www.aldo.com.br\/blog\/investimento-inteligente\/\"><b>sustent\u00e1vel<\/b><\/a><span style=\"font-weight: 400;\">.<\/span><\/p>\n<h3><a href=\"https:\/\/www.aldo.com.br\/blog\/aldo-na-intersolar-23\/\"><b>&gt; Leia mais: Confira como foi a participa\u00e7\u00e3o da Aldo na Intersolar 23<\/b><\/a><\/h3>\n<h2><b>Al\u00e9m de baterias de armazenamento, em 2024 teremos a regulamenta\u00e7\u00e3o de log\u00edstica reversa de pain\u00e9is<\/b><\/h2>\n<p><img decoding=\"async\" class=\"alignnone wp-image-14054 size-full\" title=\"Baterias de armazenamento\" src=\"http:\/\/www.aldo.com.br\/blog\/wp-content\/uploads\/2023\/09\/blog_aldosolar_reciclagem_painel_solar.jpg\" alt=\"Baterias de armazenamento\" width=\"1569\" height=\"900\" srcset=\"https:\/\/www.aldo.com.br\/blog\/wp-content\/uploads\/2023\/09\/blog_aldosolar_reciclagem_painel_solar.jpg 1569w, https:\/\/www.aldo.com.br\/blog\/wp-content\/uploads\/2023\/09\/blog_aldosolar_reciclagem_painel_solar-300x172.jpg 300w, https:\/\/www.aldo.com.br\/blog\/wp-content\/uploads\/2023\/09\/blog_aldosolar_reciclagem_painel_solar-1024x587.jpg 1024w, https:\/\/www.aldo.com.br\/blog\/wp-content\/uploads\/2023\/09\/blog_aldosolar_reciclagem_painel_solar-768x441.jpg 768w, https:\/\/www.aldo.com.br\/blog\/wp-content\/uploads\/2023\/09\/blog_aldosolar_reciclagem_painel_solar-1536x881.jpg 1536w, https:\/\/www.aldo.com.br\/blog\/wp-content\/uploads\/2023\/09\/blog_aldosolar_reciclagem_painel_solar-1170x671.jpg 1170w, https:\/\/www.aldo.com.br\/blog\/wp-content\/uploads\/2023\/09\/blog_aldosolar_reciclagem_painel_solar-585x336.jpg 585w\" sizes=\"(max-width: 1569px) 100vw, 1569px\" \/><\/p>\n<p><a href=\"https:\/\/www.linkedin.com\/in\/adalberto-maluf\/\" target=\"_blank\" rel=\"nofollow noopener\"><b>Adalberto Maluf<\/b><\/a><span style=\"font-weight: 400;\"> \u00e9 secret\u00e1rio nacional do Meio Ambiente Urbano e Qualidade Ambiental. Segundo Maluf, ainda neste ano, ser\u00e1 aberta uma consulta p\u00fablica. O objetivo \u00e9 discutir com o mercado a possibilidade de regulamentar a <\/span><a href=\"https:\/\/www.absolar.org.br\/novo-estudo-do-iema-aponta-propostas-para-desafio-de-logistica-reversa-e-reciclagem-de-paineis-solares-e-baterias-com-mais-luz-para-a-amazonia\/\" target=\"_blank\" rel=\"nofollow noopener\"><b>log\u00edstica reversa<\/b><\/a><span style=\"font-weight: 400;\"> de <\/span><a href=\"https:\/\/www.aldo.com.br\/categoria\/energia-solar\/produtos\/painel-solar\" target=\"_blank\" rel=\"noopener\"><b>pain\u00e9is solares<\/b><\/a><span style=\"font-weight: 400;\"> e de <\/span><b>baterias de armazenamento<\/b> <a href=\"https:\/\/www.aldo.com.br\/categoria\/energia-solar\/produtos\/bateria-solar\/bateria-solar-litio\"><b>de energia compostas de l\u00edtio<\/b><\/a><span style=\"font-weight: 400;\">. De acordo com o cronograma, h\u00e1 uma previs\u00e3o de que os dois sistemas sejam regulamentados em 2024.<\/span><\/p>\n<h3><a href=\"https:\/\/www.aldo.com.br\/blog\/reciclagem-de-paineis-solares-ja-e-realidade-na-aldo\"><b>&gt; Reciclagem de pain\u00e9is solares j\u00e1 \u00e9 realidade na ALDO<\/b><\/a><\/h3>\n<p><span style=\"font-weight: 400;\">Durante a coletiva de imprensa na Intersolar South America, em S\u00e3o Paulo, Maluf se pronunciou dizendo: \u201cnossa secretaria \u00e9 coordenadora nacional de <\/span><b>log\u00edstica reversa.<\/b><span style=\"font-weight: 400;\"> N\u00f3s j\u00e1 tomamos a decis\u00e3o que neste ano vamos fazer uma audi\u00eancia p\u00fablica sobre novos sistemas a serem regulamentados. E, a minha meta \u00e9 trazer o setor para discutir a regulamenta\u00e7\u00e3o da <\/span><a href=\"https:\/\/www.aldo.com.br\/blog\/parceria-promove-sustentabilidade-com-a-reutilizacao-de-baterias-de-ion-de-litio-em-larga-escala\/\" target=\"_blank\" rel=\"noopener\"><b>bateria de l\u00edtio<\/b><\/a><span style=\"font-weight: 400;\"> e dos pain\u00e9is solares fotovoltaicos. Provavelmente, este ano a gente discute e no ano que vem a gente cria a regulamenta\u00e7\u00e3o\u201d.<\/span><\/p>\n<p><span style=\"font-weight: 400;\">Os fabricantes, <\/span><a href=\"https:\/\/www.aldo.com.br\/blog\/vendas-de-energia-solar\/\" target=\"_blank\" rel=\"noopener\"><b>distribuidores<\/b><\/a><span style=\"font-weight: 400;\">, comerciantes e importadores s\u00e3o responsabilizados pelo descarte adequado pela <a href=\"https:\/\/www.planalto.gov.br\/ccivil_03\/_ato2007-2010\/2010\/lei\/l12305.htm\" target=\"_blank\" rel=\"nofollow noopener\"><strong>Pol\u00edtica Nacional de Res\u00edduos S\u00f3lidos<\/strong><\/a>. Assim sendo, o painel solar agrega um grande valor no mercado, uma vez que \u00e9 composto por metais nobres, como o alum\u00ednio, a prata e o sil\u00edcio. Dessa forma, \u00e9 poss\u00edvel reciclar cerca de 98% dos componentes de um <a href=\"https:\/\/www.aldo.com.br\/categoria\/energia-solar\/produtos\/painel-solar\" target=\"_blank\" rel=\"noopener\"><strong>m\u00f3dulo fotovoltaico<\/strong><\/a>.\u00a0<\/span><\/p>\n<h3><a href=\"https:\/\/www.aldo.com.br\/blog\/acordo-de-distribuicao-de-baterias\/\"><b>&gt; Baterias Energy Source \u00e0 venda na Aldo s\u00e3o origin\u00e1rias da log\u00edstica reversa de ve\u00edculos el\u00e9tricos<\/b><\/a><b>\u00a0<\/b><\/h3>\n<p><img decoding=\"async\" class=\"alignnone wp-image-14055 size-full\" title=\"Baterias de armazenamento\" src=\"http:\/\/www.aldo.com.br\/blog\/wp-content\/uploads\/2023\/09\/blog_aldo_bateria_de_armazenamento-energia-solar.jpg\" alt=\"Baterias de armazenamento\" width=\"1570\" height=\"900\" srcset=\"https:\/\/www.aldo.com.br\/blog\/wp-content\/uploads\/2023\/09\/blog_aldo_bateria_de_armazenamento-energia-solar.jpg 1570w, https:\/\/www.aldo.com.br\/blog\/wp-content\/uploads\/2023\/09\/blog_aldo_bateria_de_armazenamento-energia-solar-300x172.jpg 300w, https:\/\/www.aldo.com.br\/blog\/wp-content\/uploads\/2023\/09\/blog_aldo_bateria_de_armazenamento-energia-solar-1024x587.jpg 1024w, https:\/\/www.aldo.com.br\/blog\/wp-content\/uploads\/2023\/09\/blog_aldo_bateria_de_armazenamento-energia-solar-768x440.jpg 768w, https:\/\/www.aldo.com.br\/blog\/wp-content\/uploads\/2023\/09\/blog_aldo_bateria_de_armazenamento-energia-solar-1536x881.jpg 1536w, https:\/\/www.aldo.com.br\/blog\/wp-content\/uploads\/2023\/09\/blog_aldo_bateria_de_armazenamento-energia-solar-1170x671.jpg 1170w, https:\/\/www.aldo.com.br\/blog\/wp-content\/uploads\/2023\/09\/blog_aldo_bateria_de_armazenamento-energia-solar-585x335.jpg 585w\" sizes=\"(max-width: 1570px) 100vw, 1570px\" \/><\/p>\n<p><span style=\"font-weight: 400;\">Em rela\u00e7\u00e3o \u00e0s <\/span><b>baterias de armazenamento<\/b><span style=\"font-weight: 400;\">, ap\u00f3s 15 anos de uso em <\/span><a href=\"https:\/\/www.aldo.com.br\/blog\/21-milhoes-de-carros-eletricos\/\" target=\"_blank\" rel=\"noopener\"><b>carros el\u00e9tricos<\/b><\/a><span style=\"font-weight: 400;\">, podem ganhar uma segunda vida. Assim, s\u00e3o \u00fateis para armazenamento de energia em <\/span><a href=\"https:\/\/www.aldo.com.br\/blog\/geracao-solar-distribuida\/\" target=\"_blank\" rel=\"noopener\"><b>resid\u00eancias<\/b><\/a><span style=\"font-weight: 400;\">. \u00c9 por esse motivo que o sistema de log\u00edstica reversa n\u00e3o obrigar\u00e1 o fabricante a arcar com os custos dessa opera\u00e7\u00e3o. Ser\u00e1 o contr\u00e1rio disso, gerando uma renda bastante alta.<\/span><\/p>\n<p><span style=\"font-weight: 400;\">A preocupa\u00e7\u00e3o gira em torno da forma de regulamentar essas opera\u00e7\u00f5es para que seja poss\u00edvel remunerar e criar um sistema melhor para a log\u00edstica reversa de tais produtos. Esse \u00e9 o entendimento do secret\u00e1rio do minist\u00e9rio do <\/span><a href=\"https:\/\/www.aldo.com.br\/blog\/acoes-sustentaveis-na-geracao-de-energia-eletrica\/\" target=\"_blank\" rel=\"noopener\"><b>Meio Ambiente<\/b><\/a><span style=\"font-weight: 400;\"> e Mudan\u00e7as Clim\u00e1ticas.<\/span><\/p>\n<h2><b>C\u00e9lulas fotovoltaicas em produ\u00e7\u00e3o nacional<\/b><\/h2>\n<p><span style=\"font-weight: 400;\">O secret\u00e1rio do governo falou, ainda, do potencial brasileiro para produzir <\/span><a href=\"https:\/\/www.aldo.com.br\/blog\/entenda-o-que-e-uma-celula-fotovoltaica\" target=\"_blank\" rel=\"noopener\"><b>c\u00e9lulas fotovoltaicas<\/b><\/a><span style=\"font-weight: 400;\">. Isso porque o Brasil \u00e9 um dos maiores exportadores mundiais de sil\u00edcio em n\u00edvel metal\u00fargico.<\/span><\/p>\n<h3><a href=\"https:\/\/www.aldo.com.br\/blog\/numero-de-celulas-fotovoltaicas\/\"><b>&gt; N\u00famero de c\u00e9lulas fotovoltaicas n\u00e3o \u00e9 sin\u00f4nimo de qualidade<\/b><\/a><\/h3>\n<p><span style=\"font-weight: 400;\">O governo escolheu um setor estrat\u00e9gico: o da transi\u00e7\u00e3o energ\u00e9tica. Ele engloba toda a cadeia produtiva ligada a <\/span><a href=\"https:\/\/www.aldo.com.br\/blog\/eletromobilidade-comeca-com-otimismo\/\" target=\"_blank\" rel=\"noopener\"><b>eletromobilidade<\/b><\/a><span style=\"font-weight: 400;\">, hidrog\u00eanio verde e outros. \u00c9 um assunto, hoje, tratado pelo governo como prioridade, com uma diretoria focada nos minerais estrat\u00e9gicos, como o sil\u00edcio metal\u00fargico.<\/span><\/p>\n<p><span style=\"font-weight: 400;\">Transformar esse tipo de sil\u00edcio em sil\u00edcio solar seria muito f\u00e1cil. Assim, grandes players internacionais, investidores de projetos e fabricantes de <\/span><a href=\"https:\/\/www.aldo.com.br\/blog\/numero-de-celulas-fotovoltaicas\/\" target=\"_blank\" rel=\"noopener\"><b>c\u00e9lulas<\/b><\/a><span style=\"font-weight: 400;\"> acreditam que isso \u00e9 bem poss\u00edvel, uma vez que o mercado solar cresce sem parar. Maluf coloca seu discurso em um cen\u00e1rio onde diversos pa\u00edses est\u00e3o tentando diversificar a cadeia de fornecedores rumo \u00e0s energias renov\u00e1veis. O objetivo, ent\u00e3o, \u00e9 reduzir a depend\u00eancia das empresas chinesas.<\/span><\/p>\n<p><span style=\"font-weight: 400;\">Agora voc\u00ea j\u00e1 est\u00e1 por dentro do que vem pela frente no setor de <\/span><b>baterias de armazenamento<\/b><span style=\"font-weight: 400;\"> e na log\u00edstica reversa de pain\u00e9is.<\/span><b>\u00a0<\/b><span style=\"font-weight: 400;\">Continue navegando por nosso blog!<\/span><\/p>\n<h3><a href=\"https:\/\/www.aldo.com.br\/blog\/hidrogenio-verde\/\"><b>&gt; Leia mais: Hidrog\u00eanio verde: entenda o que \u00e9 esse combust\u00edvel do futuro<\/b><\/a><\/h3>\n<p>Voc\u00ea sabia que o mercado oferece\u00a0<a href=\"https:\/\/www.aldo.com.br\/portais\/financiamento-energia-solar\/\"><strong>linhas de financiamento\u00a0<\/strong><\/a>espec\u00edficas para a ades\u00e3o \u00e0s\u00a0<a href=\"https:\/\/www.aldo.com.br\/blog\/energias-renovaveis-em-alta\/\"><strong>energias renov\u00e1veis?\u00a0<\/strong><\/a>Alguns exemplos de institui\u00e7\u00f5es s\u00e3o o\u00a0<a href=\"https:\/\/www.santander.com.br\/hotsite\/santanderfinanciamentos\/\" target=\"_blank\" rel=\"nofollow noopener\"><strong>Santander\u00a0<\/strong><\/a>e a\u00a0<a href=\"https:\/\/www.solagora.com.br\/\" target=\"_blank\" rel=\"nofollow noopener\"><strong>Sol Agora<\/strong><\/a><strong>,\u00a0<\/strong>que oferece financiamento inteligente e totalmente digital.<\/p>\n<h3><a href=\"https:\/\/www.aldo.com.br\/portais\/financiamento-energia-solar\/sol-agora.html\"><img loading=\"lazy\" decoding=\"async\" class=\"aligncenter wp-image-13962 size-full\" title=\"Baterias de armazenamento\" src=\"http:\/\/www.aldo.com.br\/blog\/wp-content\/uploads\/2023\/07\/SOL_063_Banner_SolAgora_site_Aldo_03.jpg\" alt=\"Baterias de armazenamento\" width=\"1170\" height=\"281\" srcset=\"https:\/\/www.aldo.com.br\/blog\/wp-content\/uploads\/2023\/07\/SOL_063_Banner_SolAgora_site_Aldo_03.jpg 1170w, https:\/\/www.aldo.com.br\/blog\/wp-content\/uploads\/2023\/07\/SOL_063_Banner_SolAgora_site_Aldo_03-300x72.jpg 300w, https:\/\/www.aldo.com.br\/blog\/wp-content\/uploads\/2023\/07\/SOL_063_Banner_SolAgora_site_Aldo_03-1024x246.jpg 1024w, https:\/\/www.aldo.com.br\/blog\/wp-content\/uploads\/2023\/07\/SOL_063_Banner_SolAgora_site_Aldo_03-768x184.jpg 768w, https:\/\/www.aldo.com.br\/blog\/wp-content\/uploads\/2023\/07\/SOL_063_Banner_SolAgora_site_Aldo_03-585x141.jpg 585w\" sizes=\"(max-width: 1170px) 100vw, 1170px\" \/><\/a><\/h3>\n<h3><strong><em>Acompanhe tamb\u00e9m todas as novidades da Aldo em outros canais como\u00a0<\/em><\/strong><a href=\"https:\/\/twitter.com\/Aldo_Solar\" target=\"_blank\" rel=\"nofollow noopener\"><strong><em>Twitter,<\/em><\/strong><\/a>\u00a0<a href=\"https:\/\/www.facebook.com\/AldoSolarDistribuidora\" target=\"_blank\" rel=\"nofollow noopener\"><strong><em>Facebook<\/em><\/strong><\/a><strong><em>,\u00a0<\/em><\/strong><a href=\"https:\/\/www.linkedin.com\/company\/aldosolar\/\" target=\"_blank\" rel=\"nofollow noopener\"><strong><em>LinkedIn<\/em><\/strong><\/a><strong><em>\u00a0e\u00a0<\/em><\/strong><a href=\"https:\/\/www.instagram.com\/aldosolar_oficial\/\" target=\"_blank\" rel=\"nofollow noopener\"><strong><em>Instagram<\/em><\/strong><\/a><strong><em>. Fique ligado tamb\u00e9m em nosso canal no\u00a0<\/em><\/strong><a href=\"https:\/\/www.youtube.com\/AldoSolar?sub_confirmation=1\" target=\"_blank\" rel=\"nofollow noopener\"><strong><em>Youtube<\/em><\/strong><\/a><strong><em>!<\/em><\/strong><\/h3>\n<h3><a href=\"https:\/\/www.aldo.com.br\/blog\/revendedor-solar-descubra-as-vantagens-de-ser-parceiro-da-aldo-solar\/\" target=\"_blank\" rel=\"noopener\"><strong>&gt; Ainda n\u00e3o \u00e9 parceiro Aldo Solar? Saiba como fazer parte de nossa fam\u00edlia de integradores<\/strong><\/a><\/h3>\n","protected":false},"excerpt":{"rendered":"<p>Entenda como a ABSAE dever\u00e1 acelerar o mercado de armazenamento de energia no Brasil, al\u00e9m da import\u00e2ncia da reciclagem de pain\u00e9is solares como forma de log\u00edstica reversa.<\/p>\n","protected":false},"author":4,"featured_media":14056,"comment_status":"open","ping_status":"open","sticky":false,"template":"","format":"standard","meta":{"_glsr_average":0,"_glsr_ranking":0,"_glsr_reviews":0,"footnotes":""},"categories":[31,512],"tags":[2294,881,2533,1625,60,2532,84,875],"class_list":["post-14052","post","type-post","status-publish","format-standard","has-post-thumbnail","hentry","category-energia-solar","category-painel-solar","tag-adalberto-maluf","tag-baterias-de-armazenamento","tag-baterias-moura","tag-energy-source","tag-intersolar","tag-logistica-reversa","tag-painel-solar","tag-solucoes-de-armazenamento"],"_links":{"self":[{"href":"https:\/\/www.aldo.com.br\/blog\/wp-json\/wp\/v2\/posts\/14052","targetHints":{"allow":["GET"]}}],"collection":[{"href":"https:\/\/www.aldo.com.br\/blog\/wp-json\/wp\/v2\/posts"}],"about":[{"href":"https:\/\/www.aldo.com.br\/blog\/wp-json\/wp\/v2\/types\/post"}],"author":[{"embeddable":true,"href":"https:\/\/www.aldo.com.br\/blog\/wp-json\/wp\/v2\/users\/4"}],"replies":[{"embeddable":true,"href":"https:\/\/www.aldo.com.br\/blog\/wp-json\/wp\/v2\/comments?post=14052"}],"version-history":[{"count":3,"href":"https:\/\/www.aldo.com.br\/blog\/wp-json\/wp\/v2\/posts\/14052\/revisions"}],"predecessor-version":[{"id":14110,"href":"https:\/\/www.aldo.com.br\/blog\/wp-json\/wp\/v2\/posts\/14052\/revisions\/14110"}],"wp:featuredmedia":[{"embeddable":true,"href":"https:\/\/www.aldo.com.br\/blog\/wp-json\/wp\/v2\/media\/14056"}],"wp:attachment":[{"href":"https:\/\/www.aldo.com.br\/blog\/wp-json\/wp\/v2\/media?parent=14052"}],"wp:term":[{"taxonomy":"category","embeddable":true,"href":"https:\/\/www.aldo.com.br\/blog\/wp-json\/wp\/v2\/categories?post=14052"},{"taxonomy":"post_tag","embeddable":true,"href":"https:\/\/www.aldo.com.br\/blog\/wp-json\/wp\/v2\/tags?post=14052"}],"curies":[{"name":"wp","href":"https:\/\/api.w.org\/{rel}","templated":true}]}}