{"id":13808,"date":"2023-06-15T15:57:29","date_gmt":"2023-06-15T18:57:29","guid":{"rendered":"https:\/\/www.aldo.com.br\/blog\/?p=13808"},"modified":"2023-06-15T15:57:29","modified_gmt":"2023-06-15T18:57:29","slug":"numero-de-celulas-fotovoltaicas","status":"publish","type":"post","link":"https:\/\/www.aldo.com.br\/blog\/numero-de-celulas-fotovoltaicas","title":{"rendered":"Painel solar: o n\u00famero de c\u00e9lulas fotovoltaicas n\u00e3o \u00e9 sin\u00f4nimo de qualidade!"},"content":{"rendered":"<p>Voc\u00ea j\u00e1 conhece o\u00a0<a href=\"https:\/\/www.aldo.com.br\/categoria\/energia-solar\/produtos\/painel-solar\" target=\"_blank\" rel=\"noopener\"><strong>painel solar<\/strong><\/a>, certo? E sobre o\u00a0<strong>que \u00e9 uma\u00a0<\/strong><a href=\"https:\/\/www.aldo.com.br\/blog\/entenda-o-que-e-uma-celula-fotovoltaica\/\" target=\"_blank\" rel=\"noopener\"><strong>c\u00e9lula fotovoltaica<\/strong><\/a>, j\u00e1 ouviu falar? Trata-se de um dispositivo el\u00e9trico que converte a\u00a0<a href=\"https:\/\/www.aldo.com.br\/categoria\/energia-solar\" target=\"_blank\" rel=\"noopener\"><strong>energia solar<\/strong><\/a>\u00a0em energia el\u00e9trica por interm\u00e9dio do efeito fotovoltaico. E neste artigo, vamos te explicar que o <strong>n\u00famero de c\u00e9lulas fotovoltaicas<\/strong> em um painel n\u00e3o \u00e9 sin\u00f4nimo de qualidade.<\/p>\n<p>Os variados tipos de c\u00e9lulas fotovoltaicas recebem uma classifica\u00e7\u00e3o em fun\u00e7\u00e3o do material usado. Dessa forma, s\u00e3o produzidas em sil\u00edcio mono e policristalino e sil\u00edcio amorfo.<\/p>\n<p>Assim, para equipar um painel solar \u00e9 preciso usar <strong>n\u00famero de c\u00e9lulas fotovoltaicas<\/strong> 36, 60 ou 72 c\u00e9lulas ligadas entre si. \u00c9 dessa maneira que se comp\u00f5e esse equipamento que gera energia el\u00e9trica captada do sol.<\/p>\n<p>Ent\u00e3o, a produ\u00e7\u00e3o de energia el\u00e9trica necess\u00e1ria para abastecer uma casa ou uma empresa requer a combina\u00e7\u00e3o desses\u00a0<a href=\"https:\/\/www.aldo.com.br\/categoria\/energia-solar\/produtos\/painel-solar\" target=\"_blank\" rel=\"noopener\"><strong>pain\u00e9is<\/strong><\/a>\u00a0em um\u00a0<a href=\"https:\/\/www.aldo.com.br\/categoria\/energia-solar\/gerador-de-energia-solar-fotovoltaico\" target=\"_blank\" rel=\"noopener\"><strong>gerador fotovoltaico<\/strong><\/a>. E juntamente com ele, instala-se outros componentes que complementam o sistema como o <a href=\"https:\/\/www.aldo.com.br\/categoria\/energia-solar\/produtos\/inversor-solar\"><strong>inversor,<\/strong><\/a> cabos, entre outros.<\/p>\n<h3><a href=\"https:\/\/www.aldo.com.br\/blog\/entenda-o-que-e-uma-celula-fotovoltaica\/\" target=\"_blank\" rel=\"noopener\"><strong>&gt; Entenda o que \u00e9 uma c\u00e9lula fotovoltaica<\/strong><\/a><\/h3>\n<h2><strong>\u00a0<\/strong><strong>Import\u00e2ncia da c\u00e9lula fotovoltaica no sistema fotovoltaico<\/strong><\/h2>\n<p><iframe title=\"Aldosolar Paineis a import\u00e2ncia da quantidade de celulas fotovoltaicas\" width=\"1170\" height=\"658\" src=\"https:\/\/www.youtube.com\/embed\/pnVy7yRNZ3M?feature=oembed\" frameborder=\"0\" allow=\"accelerometer; autoplay; clipboard-write; encrypted-media; gyroscope; picture-in-picture; web-share\" allowfullscreen><\/iframe><\/p>\n<p>O que \u00e9 uma c\u00e9lula fotovoltaica no painel solar? Ela \u00e9 seu principal componente, independente do <strong>n\u00famero de c\u00e9lulas fotovoltaicas<\/strong>. Se compararmos esse sistema com o corpo humano, os ossos seriam a l\u00e2mina de sil\u00edcio. E, quando essa l\u00e2mina \u00e9 tratada e transformada em c\u00e9lula fotovoltaica, esse processo equivale \u00e0 acomoda\u00e7\u00e3o dos \u00f3rg\u00e3os vitais e m\u00fasculos no esqueleto.<\/p>\n<p>Em seguida, ao adicionarmos as c\u00e9lulas solares no interior de um\u00a0<a href=\"https:\/\/www.aldo.com.br\/categoria\/energia-solar\/produtos\/painel-solar\" target=\"_blank\" rel=\"noopener\"><strong>painel fotovoltaico<\/strong><\/a>, elas ficam protegidas. E essa \u00e9 a mesma prote\u00e7\u00e3o que a pele e os pelos conferem ao nosso corpo. Por isso, \u00e9 fundamental que esse dispositivo seja elaborado por meio de processos controlados e de maneira industrial. Isso \u00e9 essencial para evitar acidentes graves.<\/p>\n<h3><a href=\"https:\/\/www.aldo.com.br\/blog\/lista-tier-1\/\"><strong>&gt; Entenda a lista Tier 1 e a qualidade dos m\u00f3dulos fotovoltaicos<\/strong><\/a><\/h3>\n<h2><strong>\u00a0<\/strong><strong>N\u00famero de c\u00e9lulas fotovoltaicas X efici\u00eancia<\/strong><\/h2>\n<p><img fetchpriority=\"high\" decoding=\"async\" class=\"alignnone wp-image-6872 size-full\" title=\"n\u00famero de c\u00e9lulas fotovoltaicas\" src=\"http:\/\/www.aldo.com.br\/blog\/wp-content\/uploads\/2020\/11\/blog_aldo_painel-solar-no-telhado-tudo-o-que-voce-precisa-saber.jpg\" alt=\"n\u00famero de c\u00e9lulas fotovoltaicas\" width=\"1570\" height=\"900\" srcset=\"https:\/\/www.aldo.com.br\/blog\/wp-content\/uploads\/2020\/11\/blog_aldo_painel-solar-no-telhado-tudo-o-que-voce-precisa-saber.jpg 1570w, https:\/\/www.aldo.com.br\/blog\/wp-content\/uploads\/2020\/11\/blog_aldo_painel-solar-no-telhado-tudo-o-que-voce-precisa-saber-300x172.jpg 300w, https:\/\/www.aldo.com.br\/blog\/wp-content\/uploads\/2020\/11\/blog_aldo_painel-solar-no-telhado-tudo-o-que-voce-precisa-saber-1024x587.jpg 1024w, https:\/\/www.aldo.com.br\/blog\/wp-content\/uploads\/2020\/11\/blog_aldo_painel-solar-no-telhado-tudo-o-que-voce-precisa-saber-768x440.jpg 768w, https:\/\/www.aldo.com.br\/blog\/wp-content\/uploads\/2020\/11\/blog_aldo_painel-solar-no-telhado-tudo-o-que-voce-precisa-saber-1536x881.jpg 1536w, https:\/\/www.aldo.com.br\/blog\/wp-content\/uploads\/2020\/11\/blog_aldo_painel-solar-no-telhado-tudo-o-que-voce-precisa-saber-1170x671.jpg 1170w, https:\/\/www.aldo.com.br\/blog\/wp-content\/uploads\/2020\/11\/blog_aldo_painel-solar-no-telhado-tudo-o-que-voce-precisa-saber-585x335.jpg 585w\" sizes=\"(max-width: 1570px) 100vw, 1570px\" \/><\/p>\n<p>Como as c\u00e9lulas s\u00e3o as respons\u00e1veis por converter a luz do sol em <a href=\"https:\/\/www.aldo.com.br\/blog\/segunda-mais-cara-do-mundo\" target=\"_blank\" rel=\"noopener\"><strong>energia el\u00e9trica<\/strong><\/a> (a chamada energia solar fotovoltaica), entende-se que quanto mais c\u00e9lulas um\u00a0<strong><a href=\"https:\/\/www.portalsolar.com.br\/modulo-fotovoltaico\" target=\"_blank\" rel=\"nofollow noopener\">m\u00f3dulo fotovoltaico<\/a>\u00a0<\/strong>possuir, mais energia ele ser\u00e1 capaz de gerar.<\/p>\n<p>Mas n\u00e3o \u00e9 bem por a\u00ed que precisamos fazer essa compara\u00e7\u00e3o. Isso porque o que se deve levar em considera\u00e7\u00e3o sobre a qualidade de um painel solar \u00e9 sua <a href=\"https:\/\/www.aldo.com.br\/blog\/como-fazer-o-calculo-do-sistema-fotovoltaico-com-eficiencia\" target=\"_blank\" rel=\"noopener\"><strong>efici\u00eancia<\/strong><\/a>. Ou seja, quanto mais efici\u00eancia um m\u00f3dulo tiver, mais gera\u00e7\u00e3o em um menor espa\u00e7o.<\/p>\n<p>Por exemplo, vamos comparar dois pain\u00e9is com pot\u00eancias diferentes:<\/p>\n<ul>\n<li>Painel 470W 60 c\u00e9lulas \u2013 Efici\u00eancia de 21,74%<\/li>\n<li>Painel 550W 72 c\u00e9lulas \u2013 Efici\u00eancia de 21,33%<\/li>\n<\/ul>\n<h3><a href=\"https:\/\/www.aldo.com.br\/blog\/aldo-e-a-distribuidora-preferida-pelos-integradores\/\"><strong>&gt;<\/strong><strong> Leia mais: Aldo \u00e9 a distribuidora preferida pelos integradores<\/strong><\/a><\/h3>\n<h2><strong>\u00a0<\/strong><strong>Efici\u00eancia de um painel solar<\/strong><\/h2>\n<p>Afinal, o que \u00e9 efici\u00eancia de um\u00a0<a href=\"https:\/\/www.aldo.com.br\/loja\/categoria\/energia-solar\/produtos\/painel-solar\" target=\"_blank\" rel=\"noopener\"><strong>painel solar<\/strong><\/a>? \u00c9, basicamente, a porcentagem de energia convertida em eletricidade por m<sup>2\u00a0<\/sup>que um painel solar \u00e9 capaz de gerar. Ent\u00e3o, se um painel tem efici\u00eancia de 16%, ele converte esse mesmo percentual em energia el\u00e9trica por m\u00b2 atrav\u00e9s irradia\u00e7\u00e3o solar incidente em sua superf\u00edcie. Ou seja, o <strong>n\u00famero de c\u00e9lulas fotovoltaicas <\/strong>de um painel n\u00e3o est\u00e1 diretamente ligado \u00e0 sua qualidade ou efici\u00eancia.<\/p>\n<p>Contudo, \u00e9 necess\u00e1rio ficar ciente de que a medi\u00e7\u00e3o da efici\u00eancia dos pain\u00e9is solares \u00e9 feita em condi\u00e7\u00f5es de laborat\u00f3rio, conhecida como \u201cCondi\u00e7\u00f5es Padr\u00e3o de Testes\u201d ou <a href=\"https:\/\/footprinthero.com\/standard-test-conditions#:~:text=Standard%20Test%20Conditions%20(STC)%20are,air%20mass%20is%20at%201.5.\" target=\"_blank\" rel=\"nofollow noopener\"><strong>STC (Standard Test Conditions)<\/strong><\/a>. S\u00e3o as condi\u00e7\u00f5es normais de ensaio, que constituem os padr\u00f5es da ind\u00fastria solar para teste de pain\u00e9is solares. Assim, quando se adota um arranjo fixo de situa\u00e7\u00f5es, \u00e9 poss\u00edvel comparar e avaliar todos os pain\u00e9is testados com outro painel de maneira precisa.<\/p>\n<h2><strong>Como medir a efici\u00eancia de um painel solar<\/strong><\/h2>\n<p><img decoding=\"async\" class=\"alignnone wp-image-12676 size-full\" title=\"n\u00famero de c\u00e9lulas fotovoltaicas \" src=\"http:\/\/www.aldo.com.br\/blog\/wp-content\/uploads\/2022\/09\/blog_aldosolar_Painel-Tiger-Pro-Mono-460W-tamanho-nao-e-documento.jpg\" alt=\"n\u00famero de c\u00e9lulas fotovoltaicas \" width=\"1570\" height=\"900\" srcset=\"https:\/\/www.aldo.com.br\/blog\/wp-content\/uploads\/2022\/09\/blog_aldosolar_Painel-Tiger-Pro-Mono-460W-tamanho-nao-e-documento.jpg 1570w, https:\/\/www.aldo.com.br\/blog\/wp-content\/uploads\/2022\/09\/blog_aldosolar_Painel-Tiger-Pro-Mono-460W-tamanho-nao-e-documento-300x172.jpg 300w, https:\/\/www.aldo.com.br\/blog\/wp-content\/uploads\/2022\/09\/blog_aldosolar_Painel-Tiger-Pro-Mono-460W-tamanho-nao-e-documento-1024x587.jpg 1024w, https:\/\/www.aldo.com.br\/blog\/wp-content\/uploads\/2022\/09\/blog_aldosolar_Painel-Tiger-Pro-Mono-460W-tamanho-nao-e-documento-768x440.jpg 768w, https:\/\/www.aldo.com.br\/blog\/wp-content\/uploads\/2022\/09\/blog_aldosolar_Painel-Tiger-Pro-Mono-460W-tamanho-nao-e-documento-1536x881.jpg 1536w, https:\/\/www.aldo.com.br\/blog\/wp-content\/uploads\/2022\/09\/blog_aldosolar_Painel-Tiger-Pro-Mono-460W-tamanho-nao-e-documento-1170x671.jpg 1170w, https:\/\/www.aldo.com.br\/blog\/wp-content\/uploads\/2022\/09\/blog_aldosolar_Painel-Tiger-Pro-Mono-460W-tamanho-nao-e-documento-585x335.jpg 585w\" sizes=\"(max-width: 1570px) 100vw, 1570px\" \/><\/p>\n<p>A realiza\u00e7\u00e3o do c\u00e1lculo de efici\u00eancia requer dados como largura e altura da placa solar e sua pot\u00eancia. Por exemplo: temos um painel solar de 330W medindo 1,956m de altura x 0,992m de largura. O passo a passo \u00e9:<\/p>\n<ul>\n<li>Calcular a \u00e1rea do painel, sendo: 1,956m x 0,992m = 1,940352m2;<\/li>\n<\/ul>\n<ul>\n<li>Dividir a pot\u00eancia do painel pela sua \u00e1rea = 330\/1,940352 = 170,07 W\/m2;<\/li>\n<\/ul>\n<ul>\n<li>Dividir 170,07 W\/m2\u00a0por 10 e chegar ao resultado da efici\u00eancia em porcentagem = 170.07 \/ 10 = 17.07%<\/li>\n<\/ul>\n<h3><a href=\"https:\/\/www.aldo.com.br\/blog\/entenda-o-que-e-eficiencia-de-um-painel-solar\/\"><strong>&gt; Entenda o que \u00e9 efici\u00eancia de um painel solar<\/strong><\/a><\/h3>\n<h2><strong>Painel de qualidade e a efici\u00eancia X o <\/strong><strong>n\u00famero de c\u00e9lulas fotovoltaicas<\/strong><\/h2>\n<p>A efici\u00eancia \u00e9 demonstrada em percentual, e representa a convers\u00e3o da energia luminosa em eletricidade. Quanto mais eficiente um\u00a0<strong>m\u00f3dulo fotovoltaico de qualidade<\/strong>, menor a \u00e1rea ocupada para gerar a energia necess\u00e1ria. Ou seja, mais compacta a instala\u00e7\u00e3o em solo ou em telhado.<\/p>\n<p><strong>Portanto, o n\u00famero de c\u00e9lulas fotovoltaicas n\u00e3o est\u00e1 diretamente ligado \u00e0 qualidade do m\u00f3dulo ou sua efici\u00eancia. <\/strong><\/p>\n<p>Mais que avaliar a pot\u00eancia dos m\u00f3dulos e o <strong>n\u00famero de c\u00e9lulas fotovoltaicas<\/strong>, \u00e9 fundamental analisar a sua efici\u00eancia e comparar a produ\u00e7\u00e3o de energia por meio de simula\u00e7\u00f5es.<\/p>\n<h3><a href=\"https:\/\/www.aldo.com.br\/blog\/modulo-fotovoltaico-de-qualidade\/\"><strong>&gt; Quais aspectos considerar para escolher um m\u00f3dulo fotovoltaico de qualidade?<\/strong><\/a><\/h3>\n<h2><strong>Certifica\u00e7\u00f5es do m\u00f3dulo fotovoltaico de qualidade<\/strong><\/h2>\n<p><img decoding=\"async\" class=\"alignnone wp-image-12667 size-large\" title=\"n\u00famero de c\u00e9lulas fotovoltaicas\" src=\"http:\/\/www.aldo.com.br\/blog\/wp-content\/uploads\/2022\/09\/blog_aldosolar_Entenda-a-lista-Tier-1-e-a-qualidade-dos-modulo-fotovoltaicos-1024x587.jpg\" alt=\"n\u00famero de c\u00e9lulas fotovoltaicas\" width=\"1024\" height=\"587\" srcset=\"https:\/\/www.aldo.com.br\/blog\/wp-content\/uploads\/2022\/09\/blog_aldosolar_Entenda-a-lista-Tier-1-e-a-qualidade-dos-modulo-fotovoltaicos-1024x587.jpg 1024w, https:\/\/www.aldo.com.br\/blog\/wp-content\/uploads\/2022\/09\/blog_aldosolar_Entenda-a-lista-Tier-1-e-a-qualidade-dos-modulo-fotovoltaicos-300x172.jpg 300w, https:\/\/www.aldo.com.br\/blog\/wp-content\/uploads\/2022\/09\/blog_aldosolar_Entenda-a-lista-Tier-1-e-a-qualidade-dos-modulo-fotovoltaicos-768x440.jpg 768w, https:\/\/www.aldo.com.br\/blog\/wp-content\/uploads\/2022\/09\/blog_aldosolar_Entenda-a-lista-Tier-1-e-a-qualidade-dos-modulo-fotovoltaicos-1536x881.jpg 1536w, https:\/\/www.aldo.com.br\/blog\/wp-content\/uploads\/2022\/09\/blog_aldosolar_Entenda-a-lista-Tier-1-e-a-qualidade-dos-modulo-fotovoltaicos-1170x671.jpg 1170w, https:\/\/www.aldo.com.br\/blog\/wp-content\/uploads\/2022\/09\/blog_aldosolar_Entenda-a-lista-Tier-1-e-a-qualidade-dos-modulo-fotovoltaicos-585x335.jpg 585w, https:\/\/www.aldo.com.br\/blog\/wp-content\/uploads\/2022\/09\/blog_aldosolar_Entenda-a-lista-Tier-1-e-a-qualidade-dos-modulo-fotovoltaicos.jpg 1570w\" sizes=\"(max-width: 1024px) 100vw, 1024px\" \/><\/p>\n<p>As certifica\u00e7\u00f5es, no geral, atestam a qualidade dos m\u00f3dulos fotovoltaicos. H\u00e1 diversos testes que s\u00e3o aplicados nos m\u00f3dulos para que eles recebam o carimbo de aprova\u00e7\u00e3o e sejam considerados\u00a0melhor m\u00f3dulo fotovoltaico de qualidade. Algumas certifica\u00e7\u00f5es importantes s\u00e3o:<\/p>\n<ul>\n<li><a href=\"https:\/\/webstore.iec.ch\/publication\/61345\" rel=\"nofollow noopener\" target=\"_blank\"><strong>IEC 61215<\/strong><\/a>: busca identificar defeitos ao longo do processo de produ\u00e7\u00e3o e garantir a efici\u00eancia e performance ao longo da vida \u00fatil;<\/li>\n<\/ul>\n<ul>\n<li><a href=\"https:\/\/www.aldo.com.br\/blog\/jinko-solar-e-reconhecida\/\"><strong>PVEL:<\/strong><\/a>\u00a0\u00e9 uma certifica\u00e7\u00e3o em que os m\u00f3dulos s\u00e3o estudados por 18 meses, com testes no backsheet, testes de ciclos t\u00e9rmicos, de impacto de granizo e muitos outros aspectos;<\/li>\n<\/ul>\n<ul>\n<li><a href=\"https:\/\/www.aldo.com.br\/blog\/jinko-solar-foi-reconhecida\/\"><strong>RECT<\/strong><\/a>: para obter essa certifica\u00e7\u00e3o, os m\u00f3dulos s\u00e3o submetidos a diversos testes que avaliam a qualidade, confiabilidade e performance;<\/li>\n<\/ul>\n<ul>\n<li><a href=\"https:\/\/www.aldo.com.br\/blog\/lista-tier-1\/\"><strong>TIER 1<\/strong><\/a><strong>:<\/strong>\u00a0essa certifica\u00e7\u00e3o n\u00e3o avalia os m\u00f3dulos de forma t\u00e9cnica, mas sim a sa\u00fade financeira da empresa fabricante, o que pode ser um fator muito importante caso seja necess\u00e1rio acionar a garantia dos equipamentos;<\/li>\n<\/ul>\n<ul>\n<li>EPD: esse selo avalia o desempenho e longevidade dos m\u00f3dulos considerando quest\u00f5es ambientais como polui\u00e7\u00e3o, acidifica\u00e7\u00e3o dos oceanos e outros aspectos. Para isso, s\u00e3o avaliadas diversas etapas, desde a pesquisa e desenvolvimento at\u00e9 a log\u00edstica e reciclagem.<\/li>\n<\/ul>\n<p>Agora que voc\u00ea sabe que o <strong>n\u00famero de c\u00e9lulas fotovoltaicas<\/strong> n\u00e3o \u00e9 sin\u00f4nimo de qualidade, tem ainda mais motivos para aderir a essa fonte limpo e inesgot\u00e1vel.<\/p>\n<p>Voc\u00ea j\u00e1 sabe que o mercado oferece\u00a0<a href=\"https:\/\/www.aldo.com.br\/portais\/financiamento-energia-solar\/\"><strong>linhas de financiamento<\/strong><\/a>\u00a0espec\u00edficas para a ades\u00e3o \u00e0s\u00a0<a href=\"https:\/\/www.aldo.com.br\/blog\/energias-renovaveis-em-alta\/\"><strong>energias renov\u00e1veis? <\/strong><\/a>Alguns exemplos de institui\u00e7\u00f5es s\u00e3o o\u00a0<a href=\"https:\/\/www.santander.com.br\/hotsite\/santanderfinanciamentos\/\" target=\"_blank\" rel=\"nofollow noopener\"><strong>Santander<\/strong><\/a>\u00a0e a\u00a0<a href=\"https:\/\/www.solagora.com.br\/\" target=\"_blank\" rel=\"nofollow noopener\"><strong>Sol Agora<\/strong><\/a>, que agiliza o financiamento de forma digital e inteligente!<\/p>\n<p><a href=\"https:\/\/www.youtube.com\/aldosolar\" target=\"_blank\" rel=\"noopener nofollow\"><img loading=\"lazy\" decoding=\"async\" class=\"alignnone\" title=\"n\u00famero de c\u00e9lulas fotovoltaicas \" src=\"https:\/\/www.aldo.com.br\/blog\/wp-content\/uploads\/2022\/11\/Aldosolar_Youtube-2.jpg\" alt=\"n\u00famero de c\u00e9lulas fotovoltaicas \" width=\"1170\" height=\"281\" \/><\/a><\/p>\n<h3><em><strong>Acompanhe tamb\u00e9m todas as novidades da Aldo em outros canais como\u00a0<\/strong><a href=\"https:\/\/twitter.com\/Aldo_Solar\" target=\"_blank\" rel=\"nofollow noopener\"><strong>Twitter,<\/strong><\/a><strong>\u00a0<\/strong><a href=\"https:\/\/www.facebook.com\/AldoSolarDistribuidora\" target=\"_blank\" rel=\"nofollow noopener\"><strong>Facebook<\/strong><\/a><strong>,\u00a0<\/strong><a href=\"https:\/\/www.linkedin.com\/company\/aldosolar\/\" target=\"_blank\" rel=\"nofollow noopener\"><strong>LinkedIn<\/strong><\/a><strong>\u00a0e\u00a0<\/strong><a href=\"https:\/\/www.instagram.com\/aldo.solar\/\" target=\"_blank\" rel=\"nofollow noopener\"><strong>Instagram<\/strong><\/a><strong>. Fique ligado tamb\u00e9m em nosso canal no\u00a0<\/strong><a href=\"https:\/\/www.youtube.com\/AldoSolar?sub_confirmation=1\" target=\"_blank\" rel=\"nofollow noopener\"><strong>Youtube<\/strong><\/a><strong>!<\/strong><\/em><\/h3>\n<h2 class=\"post-title single-post-title entry-title\"><a href=\"https:\/\/www.aldo.com.br\/blog\/revendedor-solar-descubra-as-vantagens-de-ser-parceiro-da-aldo-solar\/\" target=\"_blank\" rel=\"noopener\">&gt; Como ser um integrador Aldo Solar? Confira aqui!<\/a><\/h2>\n","protected":false},"excerpt":{"rendered":"<p>O n\u00famero de c\u00e9lulas fotovoltaicas n\u00e3o \u00e9 sin\u00f4nimo de qualidade em um painel solar. Mais que avaliar a pot\u00eancia e o n\u00famero de c\u00e9lulas, \u00e9 fundamental analisar a sua efici\u00eancia em gera\u00e7\u00e3o de energia.<\/p>\n","protected":false},"author":4,"featured_media":13811,"comment_status":"open","ping_status":"open","sticky":false,"template":"","format":"standard","meta":{"_glsr_average":0,"_glsr_ranking":0,"_glsr_reviews":0,"footnotes":""},"categories":[31,512],"tags":[2058,352,88,2451,79,2450,84],"class_list":["post-13808","post","type-post","status-publish","format-standard","has-post-thumbnail","hentry","category-energia-solar","category-painel-solar","tag-celulas-fotovoltaicas","tag-eficiencia","tag-gerador-solar","tag-ja-soolar","tag-jinko-solar","tag-painel-de-qualidade","tag-painel-solar"],"_links":{"self":[{"href":"https:\/\/www.aldo.com.br\/blog\/wp-json\/wp\/v2\/posts\/13808","targetHints":{"allow":["GET"]}}],"collection":[{"href":"https:\/\/www.aldo.com.br\/blog\/wp-json\/wp\/v2\/posts"}],"about":[{"href":"https:\/\/www.aldo.com.br\/blog\/wp-json\/wp\/v2\/types\/post"}],"author":[{"embeddable":true,"href":"https:\/\/www.aldo.com.br\/blog\/wp-json\/wp\/v2\/users\/4"}],"replies":[{"embeddable":true,"href":"https:\/\/www.aldo.com.br\/blog\/wp-json\/wp\/v2\/comments?post=13808"}],"version-history":[{"count":3,"href":"https:\/\/www.aldo.com.br\/blog\/wp-json\/wp\/v2\/posts\/13808\/revisions"}],"predecessor-version":[{"id":13812,"href":"https:\/\/www.aldo.com.br\/blog\/wp-json\/wp\/v2\/posts\/13808\/revisions\/13812"}],"wp:featuredmedia":[{"embeddable":true,"href":"https:\/\/www.aldo.com.br\/blog\/wp-json\/wp\/v2\/media\/13811"}],"wp:attachment":[{"href":"https:\/\/www.aldo.com.br\/blog\/wp-json\/wp\/v2\/media?parent=13808"}],"wp:term":[{"taxonomy":"category","embeddable":true,"href":"https:\/\/www.aldo.com.br\/blog\/wp-json\/wp\/v2\/categories?post=13808"},{"taxonomy":"post_tag","embeddable":true,"href":"https:\/\/www.aldo.com.br\/blog\/wp-json\/wp\/v2\/tags?post=13808"}],"curies":[{"name":"wp","href":"https:\/\/api.w.org\/{rel}","templated":true}]}}