{"id":13218,"date":"2023-01-12T15:16:26","date_gmt":"2023-01-12T18:16:26","guid":{"rendered":"https:\/\/www.aldo.com.br\/blog\/?p=13218"},"modified":"2023-01-19T17:52:21","modified_gmt":"2023-01-19T20:52:21","slug":"energia-solar-em-2023-vale-a-pena","status":"publish","type":"post","link":"https:\/\/www.aldo.com.br\/blog\/energia-solar-em-2023-vale-a-pena","title":{"rendered":"Energia solar em 2023 vale a pena? Saiba argumentar na venda"},"content":{"rendered":"<p>Com a virada do ano, muitos se perguntam se a <strong>energia solar em 2023 vale a pena<\/strong>. Afinal, muito foi se falado sobre o prazo para instalar um <a href=\"https:\/\/www.aldo.com.br\/categoria\/energia-solar\/gerador-de-energia-solar-fotovoltaico\/on-grid\/growatt\"><strong>sistema fotovoltaico<\/strong><\/a> garantindo o direito adquirido, previsto no <a href=\"https:\/\/www.absolar.org.br\/noticia\/absolar-marco-legal-da-geracao-distribuida-traz-seguranca-juridica-e-vai-elevar-investimentos\/\" rel=\"nofollow noopener\" target=\"_blank\"><strong>Marco Legal da Gera\u00e7\u00e3o Distribu\u00edda<\/strong><\/a> e encerrado recentemente em 07\/01\/2023.<\/p>\n<p>Antes de tudo, o consumidor que gerava sua energia podia injetar o excedente na rede, usar de volta, compensar e n\u00e3o pagar nada adicional pelo uso da rede. Desse modo, a rede era usada como se fosse uma <a href=\"https:\/\/www.aldo.com.br\/categoria\/energia-solar\/produtos\/bateria-solar\"><strong>bateria de armazenamento<\/strong><\/a>.<\/p>\n<p>Esse consumidor, a partir de agora, come\u00e7ar\u00e1 a ser cobrado de uma forma diferente. Ele dever\u00e1 pagar pelo uso da rede da distribuidora sempre que usar sua energia armazenada.<\/p>\n<p>Nesse sentido, muitas d\u00favidas surgiram para os consumidores a respeito da <a href=\"https:\/\/www.aldo.com.br\/categoria\/energia-solar\"><strong>energia solar<\/strong><\/a> a partir de 2023. Essa inseguran\u00e7a sobre os custos da tarifa gera <strong>novas obje\u00e7\u00f5es<\/strong>, e por isso, os vendedores precisam argumentar assertivamente para tornar claro que, <strong>SIM, a energia solar em 2023 vale a pena!<\/strong><\/p>\n<h2><strong>Energia solar em 2023 vale a pena e MUITO!<\/strong><\/h2>\n<p>Confira neste artigo o que mudar\u00e1 para o consumidor, e como voc\u00ea que \u00e9 da \u00e1rea de vendas pode passar a seguran\u00e7a que seu cliente. E claro, ainda passando \u00a0a mensagem que a <strong>energia solar em 2023 vale a pena<\/strong>!<\/p>\n<p>O conte\u00fado \u00e9 baseado na live <strong>\u201c<\/strong><a href=\"https:\/\/www.instagram.com\/p\/CnQHKOdKJqk\/\" rel=\"nofollow noopener\" target=\"_blank\"><strong>Como vender mais Energia Solar em 2023<\/strong><\/a>\u201d de <a href=\"https:\/\/www.instagram.com\/joi_energes\/\" rel=\"nofollow noopener\" target=\"_blank\"><strong>Joiris Manoela<\/strong><\/a>, CEO da Energ\u00eas, com participa\u00e7\u00e3o do <a href=\"https:\/\/www.linkedin.com\/in\/lucas-cortez-pimentel-ab2503119\/\" rel=\"nofollow noopener\" target=\"_blank\"><strong>advogado especialista em energia, Lucas Pimentel<\/strong><\/a>, e <a href=\"https:\/\/www.linkedin.com\/in\/jos%C3%A9-barriquel-neto-77508a217\/\" rel=\"nofollow noopener\" target=\"_blank\"><strong>Neto Barriquel, treinador em Vendas Consultivas<\/strong><\/a><strong>.<\/strong><\/p>\n<h2><strong>Qual \u00e9 o cen\u00e1rio? A energia solar em 2023 vale a pena?<\/strong><\/h2>\n<p>A <a href=\"https:\/\/www.aldo.com.br\/blog\/tarifa-de-energia-para-pequenos-produtores\/\"><strong>tarifa de energia<\/strong><\/a> \u00e9 a base para a fatura que pagamos todos os meses, e ela possui v\u00e1rios componentes. Um deles \u00e9 a parcela que paga a distribuidora de energia, e esse componente \u00e9 chamado de <a href=\"https:\/\/www.aldo.com.br\/blog\/valor-do-fio-b\/\"><strong>Fio B<\/strong><\/a>.<\/p>\n<p>Inicialmente, 2023 incluir\u00e1 a cobran\u00e7a de uma parte (15%) do Fio B. A pergunta que n\u00e3o quer calar \u00e9: <strong>\u201cmas quanto ele vale?\u201d<\/strong><\/p>\n<p>N\u00e3o existe uma resposta definitiva para o valor do Fio B pois depende de cada distribuidora. Ser\u00e1 preciso avaliara na sua distribuidora qual \u00e9 o seu Fio B e quanto ele representa no total da tarifa.<\/p>\n<p>Distribuidoras com uma \u00e1rea de concess\u00e3o maior, que dividem o valor em menos consumidores, ter\u00e3o uma porcentagem maior de Fio B.<\/p>\n<p>Confira o <a href=\"https:\/\/www.instagram.com\/reel\/ClZhkLJJDoj\/\" rel=\"nofollow noopener\" target=\"_blank\"><strong>passo a passo para encontrar o valor do Fio B neste reels da Joi<\/strong><\/a><strong>.<\/strong> Mas j\u00e1 adiantamos que \u00e9 simples: \u00e9 poss\u00edvel conferir at\u00e9 mesmo no site da <a href=\"https:\/\/www.gov.br\/aneel\/pt-br\/\" rel=\"nofollow noopener\" target=\"_blank\"><strong>ANEEL<\/strong><\/a>.<\/p>\n<h2>A energia solar em 2023 vale a pena?<\/h2>\n<p>Em primeiro lugar, \u00e9 preciso desmistificar a ideia de que a energia solar deixar\u00e1 de ser a alternativa mais econ\u00f4mica.<\/p>\n<p>Por exemplo: Digamos que um cliente tem um consumo de 1.000 kWh. Sua tarifa \u00e9 de R$ 1,00\/kWh, sendo um consumo trif\u00e1sico e pagando um custo de disponibilidade m\u00ednima de 100 kWh, Fio B de R$ 0,25. <strong>Sem a <\/strong><a href=\"https:\/\/www.aldo.com.br\/blog\/como-funciona-o-processo-de-geracao-de-energia-solar\"><strong>gera\u00e7\u00e3o pr\u00f3pria de energia<\/strong><\/a><strong>, esse cliente pagar\u00e1 R$ 1.000 por m\u00eas. <\/strong><\/p>\n<p>Com <strong>a 100% da gera\u00e7\u00e3o pr\u00f3pria<\/strong> e com o direito adquirido (regra de compensa\u00e7\u00e3o antiga) o consumidor pagar\u00e1<strong> R$ 100, referente ao custo de disponibilidade. <\/strong><\/p>\n<p>Sem o direito adquirido, ele come\u00e7ar\u00e1 em 2023 pagando 15% do Fio B, ou seja, com 0% de simultaneidade, <strong>R$ 37,50\/m\u00eas <\/strong>(referente aos 1.000 kWh injetados e consumidos),<strong> menos do que a fatura com o direito<\/strong>. Em 2024, ser\u00e1 um total de R$ 75,00\/m\u00eas. Em 2025, R$ 112,50\/m\u00eas. E assim por diante, acrescentando 15% do Fio B anualmente at\u00e9 chegar em 2028, 2029 s 2030 com os 90% do Fio B: R$ 225,00\/m\u00eas.<\/p>\n<p>Avaliar os casos e entender quanto \u00e9 a sua gera\u00e7\u00e3o, e quanto dessa gera\u00e7\u00e3o ser\u00e1 injetada, pois esta que ser\u00e1 cobrada sobre o Fio B, \u00e9 o que vai dizer se voc\u00ea pagar\u00e1 menos agora, com as novas regras, ou se pagar\u00e1 mais do que com o direito adquirido da disponibilidade. Em ambos os casos, <strong>ainda ser\u00e1 um custo menor do que sem a energia solar, <\/strong>provando que a <strong>energia solar em 2023 vale a pena<\/strong>!<\/p>\n<h2>O que mudar\u00e1 ao longo dos anos?<\/h2>\n<h3>A porcentagem do Fio B aumentar\u00e1 15% ao ano, dessa forma:<\/h3>\n<ul>\n<li>2023: 15%<\/li>\n<li>2024: 30%<\/li>\n<li>2025: 45%<\/li>\n<li>2026: 60%<\/li>\n<li>2027: 75%<\/li>\n<li>2028: 90%<\/li>\n<li>2029: 90%<\/li>\n<li>2030: 90%<\/li>\n<\/ul>\n<h3><strong>Leia tamb\u00e9m: <\/strong><a href=\"https:\/\/www.aldo.com.br\/blog\/10-alteracoes-do-marco-legal\/\"><strong>10 altera\u00e7\u00f5es do Marco Legal da gera\u00e7\u00e3o distribu\u00edda que voc\u00ea precisa saber<\/strong><\/a><\/h3>\n<p>Assim, o consumidor tem alguns anos at\u00e9 que a parcela seja cobrada integralmente. Depois disso, ainda n\u00e3o se sabe qual ser\u00e1 a regra definitiva estabelecida pela ANEEL. Por\u00e9m, sabemos que os benef\u00edcios dever\u00e3o ser adicionados na valora\u00e7\u00e3o.<\/p>\n<p>Um fato \u00e9: <strong>n\u00e3o se deve sofrer por anteced\u00eancia<\/strong>. A energia solar \u00e9 marcada por inova\u00e7\u00f5es tecnol\u00f3gicas, portanto, n\u00e3o se sabe se at\u00e9 2028 as baterias j\u00e1 tenham sistemas mais aut\u00f4nomos e sejam mais acess\u00edveis. Podem surgir at\u00e9 outras formas de armazenamento, sem a necessidade de injetar na rede da distribuidora!<\/p>\n<h3><strong>Leia tamb\u00e9m: <\/strong><a href=\"https:\/\/www.aldo.com.br\/blog\/mercado-de-armazenamento-de-energia-solar-e-promissor\/\"><strong>Mercado de armazenamento de energia solar \u00e9 promissor<\/strong><\/a><\/h3>\n<p><strong>Como o vendedor pode superar as obje\u00e7\u00f5es com vendas consultivas e mostrar que a energia solar em 2023 vale a pena?<\/strong><\/p>\n<p>Para vender t\u00e3o bem quanto 2022 e at\u00e9 melhor, \u00e9 preciso assumir uma postura <strong>consultiva<\/strong>. Neto Barriquel explica a import\u00e2ncia de conhecer o <strong>perfil do consumidor<\/strong>:<\/p>\n<blockquote><p>\u201cAlgumas pessoas percebem o produto de maneira mais visual, outras s\u00e3o mais te\u00f3ricas. Quanto maior o n\u00edvel de sofistica\u00e7\u00e3o na maneira do cliente compreender o produto, mais dom\u00ednio do assunto o vendedor precisa ter. Isso \u00e9 essencial para gerar confian\u00e7a\u201d, explica Barriquel.<\/p><\/blockquote>\n<p>Assim, ele destaca que este \u00e9 o momento em que mais precisamos <strong>compartilhar conhecimento<\/strong> para demonstrar que a <strong>energia solar em 2023 vale a pena<\/strong>!<\/p>\n<p>Desde 2012, o mercado solar est\u00e1 acostumado com a forma de compensa\u00e7\u00e3o anterior. Agora, com o ganho de complexidade, \u00e9 preciso passar o conte\u00fado adequado ao cliente. \u00c9 preciso entender como est\u00e1 esse per\u00edodo de transi\u00e7\u00e3o e o que muda a cada ano da <strong><a href=\"https:\/\/www.enel.com.br\/pt\/Para_Voce\/pagina-te-e-tusd.html\" rel=\"nofollow noopener\" target=\"_blank\">TUSD de Fio B<\/a><\/strong>.<\/p>\n<p>Ainda segundo as dicas do especialista, para conseguir fazer uma venda bem-feita de energia solar em 2023, voc\u00ea precisar\u00e1 de um ponto de vista t\u00e9cnico. \u00c9 indispens\u00e1vel <strong>acreditar no seu produto<\/strong>. Sem isso, voc\u00ea n\u00e3o consegue transmitir <strong>autoridade<\/strong>.<\/p>\n<p>Na maioria das vezes, o cliente tentar\u00e1 colocar o carro na frente dos bois: \u201cMas a partir de 2029 ser\u00e1 um valor maior&#8230;\u201d.<\/p>\n<h2><strong>Payback prova que a<\/strong> <strong>energia solar em 2023 vale a pena<\/strong><\/h2>\n<p>Seja assertivo em informar que, at\u00e9 l\u00e1, o sistema j\u00e1 ter\u00e1 sido quitado com o <strong>payback.<\/strong> E principalmente: essa nova cobran\u00e7a n\u00e3o ser\u00e1 injusta, e muito menos far\u00e1 com que a energia solar deixe de valer a pena.<\/p>\n<p>Em v\u00e1rios casos, de in\u00edcio, ser\u00e1 poss\u00edvel pagar menos do que com o direito adquirido ou com a regra antiga. Com certeza, a energia solar em 2023 vale a pena!<\/p>\n<p>E vale lembrar: dependendo do perfil de consumo do cliente, \u00e9 poss\u00edvel que ele nem sinta a mudan\u00e7a. A cobran\u00e7a ser\u00e1 feita apenas conforme o uso da energia enviada para a rede, ou seja, s\u00f3 o fato de enviar o excedente n\u00e3o gera cobran\u00e7a.<\/p>\n<p>Por isso, fa\u00e7a a venda mais consultiva poss\u00edvel para entender o perfil de simultaneidade do cliente, e seu grau de sofistica\u00e7\u00e3o para consumir informa\u00e7\u00f5es. A <strong>linguagem n\u00e3o verbal <\/strong>do vendedor \u00e9 a chave: mostre que as obje\u00e7\u00f5es n\u00e3o te abalam!<\/p>\n<p>Esteja confort\u00e1vel em resolver as obje\u00e7\u00f5es, porque elas vir\u00e3o. Mostre confian\u00e7a, mostre que o cen\u00e1rio n\u00e3o ser\u00e1 o pior, mostre cases de sucesso de clientes que fecharam ap\u00f3s a lei. Traga o argumento com analogia entre o antes e o depois.<\/p>\n<p>Neto Barriquel afirma com convic\u00e7\u00e3o: \u201cNa venda, n\u00e3o existe receita de bolo, tudo \u00e9 teste. Se o cliente n\u00e3o sentir confian\u00e7a no produto, mas principalmente em voc\u00ea, n\u00e3o enxergar\u00e1 necessidade e nem valor, e n\u00e3o fechar\u00e1 a venda\u201d.<\/p>\n<h2>Seja uma fonte confi\u00e1vel de informa\u00e7\u00e3o e venda mais<\/h2>\n<p>Em conclus\u00e3o, \u00e9 preciso \u201cfalar a l\u00edngua\u201d de cada cliente e apresentar uma postura assertiva ao confirmar que, sim, a energia solar em 2023 vale a pena, e nos pr\u00f3ximos anos tamb\u00e9m.<\/p>\n<p>Para continuar recebendo os melhores conte\u00fados sobre o setor, acompanhe sempre o <strong>nosso blog<\/strong><strong> e o <\/strong><a href=\"https:\/\/www.instagram.com\/joi_energes\/\" rel=\"nofollow noopener\" target=\"_blank\"><strong>instagram da Joi<\/strong><\/a>, que est\u00e1 sempre com novas lives como a que gerou este artigo.<\/p>\n<p>E se voc\u00ea for uma revenda que busca credenciamento na Aldo Solar, \u00a0<a href=\"https:\/\/www.aldo.com.br\/cadastro\"><strong>que tal se cadastrar agora<\/strong><\/a>? Aproveite e conhe\u00e7a as vantagens\u00a0<a href=\"https:\/\/www.aldo.com.br\/blog\/saiba-os-detalhes-de-como-se-tornar-uma-revenda-aldo\/\"><strong>neste artigo<\/strong><\/a>!<\/p>\n<p><a href=\"https:\/\/www.aldo.com.br\/cadastro\" target=\"_blank\" rel=\"noopener\"><img fetchpriority=\"high\" decoding=\"async\" class=\"alignnone wp-image-3570 size-full\" title=\"Novo carregador veicular da Growatt \u00e9 o melhor lan\u00e7amento para eletromobilidade 50\" src=\"http:\/\/www.aldo.com.br\/blog\/wp-content\/uploads\/2019\/02\/medidor-bidirecional-cadastro-aldo.jpg\" alt=\"energia solar em 2023 vale a pena\" width=\"650\" height=\"240\" srcset=\"https:\/\/www.aldo.com.br\/blog\/wp-content\/uploads\/2019\/02\/medidor-bidirecional-cadastro-aldo.jpg 650w, https:\/\/www.aldo.com.br\/blog\/wp-content\/uploads\/2019\/02\/medidor-bidirecional-cadastro-aldo-300x111.jpg 300w\" sizes=\"(max-width: 650px) 100vw, 650px\" \/><\/a><\/p>\n<h4><strong>Acompanhe tamb\u00e9m todas as novidades da Aldo em outros canais como\u00a0<\/strong><a href=\"https:\/\/twitter.com\/Aldo_Solar\" target=\"_blank\" rel=\"nofollow noopener\"><strong>Twitter,<\/strong><\/a><strong>\u00a0<\/strong><a href=\"https:\/\/www.facebook.com\/AldoSolarDistribuidora\" target=\"_blank\" rel=\"nofollow noopener\"><strong>Facebook<\/strong><\/a><strong>,\u00a0<\/strong><a href=\"https:\/\/www.linkedin.com\/company\/aldosolar\/\" target=\"_blank\" rel=\"nofollow noopener\"><strong>LinkedIn<\/strong><\/a><strong>\u00a0e\u00a0<\/strong><a href=\"https:\/\/www.instagram.com\/aldosolar_oficial\/\" target=\"_blank\" rel=\"noopener nofollow\"><strong>Instagram<\/strong><\/a><strong>. Fique ligado tamb\u00e9m em nosso canal no\u00a0<\/strong><a href=\"https:\/\/www.youtube.com\/AldoSolar?sub_confirmation=1\" target=\"_blank\" rel=\"nofollow noopener\"><strong>Youtube<\/strong><\/a><strong>!<\/strong><\/h4>\n<p><a href=\"https:\/\/www.youtube.com\/AldoSolar?sub_confirmation=1\" target=\"_blank\" rel=\"nofollow noopener\"><img decoding=\"async\" class=\"alignnone\" title=\"Participe da campanha Mega Promo Aldo Solar 51\" src=\"https:\/\/www.aldo.com.br\/blog\/wp-content\/uploads\/2022\/11\/Aldosolar_Youtube-1-1024x246.jpg\" alt=\"energia solar em 2023 vale a pena\" width=\"1024\" height=\"246\" \/><\/a><\/p>\n","protected":false},"excerpt":{"rendered":"<p>Saiba transmitir a confian\u00e7a de que a energia solar em 2023 vale a pena. <\/p>\n","protected":false},"author":4,"featured_media":13222,"comment_status":"open","ping_status":"open","sticky":false,"template":"","format":"standard","meta":{"_glsr_average":0,"_glsr_ranking":0,"_glsr_reviews":0,"footnotes":""},"categories":[31],"tags":[2257,2254,2258,2143,2259,2252,2253,2256,1519,2168,716,2255],"class_list":["post-13218","post","type-post","status-publish","format-standard","has-post-thumbnail","hentry","category-energia-solar","tag-acreditar-no-seu-produto","tag-autoridade","tag-compartilhar-conhecimento","tag-custo-de-disponibilidade","tag-custo-menor","tag-energia-solar-em-2023-vale-a-pena","tag-fiob","tag-linguagem-nao-verbal","tag-payback","tag-tusd","tag-vendas","tag-vendas-consultivas"],"_links":{"self":[{"href":"https:\/\/www.aldo.com.br\/blog\/wp-json\/wp\/v2\/posts\/13218","targetHints":{"allow":["GET"]}}],"collection":[{"href":"https:\/\/www.aldo.com.br\/blog\/wp-json\/wp\/v2\/posts"}],"about":[{"href":"https:\/\/www.aldo.com.br\/blog\/wp-json\/wp\/v2\/types\/post"}],"author":[{"embeddable":true,"href":"https:\/\/www.aldo.com.br\/blog\/wp-json\/wp\/v2\/users\/4"}],"replies":[{"embeddable":true,"href":"https:\/\/www.aldo.com.br\/blog\/wp-json\/wp\/v2\/comments?post=13218"}],"version-history":[{"count":8,"href":"https:\/\/www.aldo.com.br\/blog\/wp-json\/wp\/v2\/posts\/13218\/revisions"}],"predecessor-version":[{"id":13262,"href":"https:\/\/www.aldo.com.br\/blog\/wp-json\/wp\/v2\/posts\/13218\/revisions\/13262"}],"wp:featuredmedia":[{"embeddable":true,"href":"https:\/\/www.aldo.com.br\/blog\/wp-json\/wp\/v2\/media\/13222"}],"wp:attachment":[{"href":"https:\/\/www.aldo.com.br\/blog\/wp-json\/wp\/v2\/media?parent=13218"}],"wp:term":[{"taxonomy":"category","embeddable":true,"href":"https:\/\/www.aldo.com.br\/blog\/wp-json\/wp\/v2\/categories?post=13218"},{"taxonomy":"post_tag","embeddable":true,"href":"https:\/\/www.aldo.com.br\/blog\/wp-json\/wp\/v2\/tags?post=13218"}],"curies":[{"name":"wp","href":"https:\/\/api.w.org\/{rel}","templated":true}]}}