{"id":13014,"date":"2022-12-12T14:54:19","date_gmt":"2022-12-12T17:54:19","guid":{"rendered":"https:\/\/www.aldo.com.br\/blog\/?p=13014"},"modified":"2022-12-12T14:54:19","modified_gmt":"2022-12-12T17:54:19","slug":"brasil-deve-aumentar-sua-capacidade","status":"publish","type":"post","link":"https:\/\/www.aldo.com.br\/blog\/brasil-deve-aumentar-sua-capacidade","title":{"rendered":"Em 2023, Brasil deve aumentar sua capacidade de energia solar em 42%"},"content":{"rendered":"<p>As fontes de energia renov\u00e1veis est\u00e3o alcan\u00e7ando cada dia mais seu protagonismo na <a href=\"https:\/\/www.aldo.com.br\/blog\/24-da-matriz-energetica-do-pais\/\"><strong>matriz energ\u00e9tica<\/strong><\/a> brasileira. J\u00e1 em 2023, o <strong>Brasil deve aumentar sua capacidade<\/strong> de energia solar em 42,4%. S\u00e3o 10 GW em 2023 diante da pot\u00eancia solar prevista para o fechamento de 2022, o que alcan\u00e7ar\u00e1 mais de 34 GW. Essas s\u00e3o, portanto, as estimativas divulgadas pela <a href=\"https:\/\/www.absolar.org.br\/\" rel=\"nofollow noopener\" target=\"_blank\"><strong>ABSOLAR<\/strong><\/a> na semana passada.<\/p>\n<p>O <strong>Brasil deve aumentar sua capacidade<\/strong> e a entidade prev\u00ea que dos 34 GW de energia produzida, 21,6 GW ser\u00e3o gerados por pequenos e m\u00e9dios <a href=\"https:\/\/www.aldo.com.br\/blog\/entenda-o-que-e-economia-circular-de-paineis-fotovoltaicos\/\"><strong>sistemas fotovoltaicos<\/strong><\/a>. S\u00e3o <a href=\"https:\/\/www.aldo.com.br\/categoria\/energia-solar\/gerador-de-energia-solar-fotovoltaico\/on-grid\"><strong>geradores fotovoltaicos<\/strong><\/a> instalados nas <a href=\"https:\/\/www.aldo.com.br\/blog\/energia-solar-em-casa-2\"><strong>casas<\/strong><\/a>, nos pequenos neg\u00f3cios, nos pr\u00e9dios p\u00fablicos e nas <a href=\"https:\/\/www.aldo.com.br\/blog\/propriedades-rurais-tem-energia-solar\/\"><strong>propriedades rurais<\/strong><\/a>. S\u00e3o as instala\u00e7\u00f5es j\u00e1 conhecidas como gera\u00e7\u00e3o distribu\u00edda, que devem totalizar 23,87 GW no final de 2022.<\/p>\n<h3><a href=\"https:\/\/www.aldo.com.br\/blog\/energia-solar-ja-e-a-terceira-maior-fonte\/\"><strong>&gt; Leia mais: Energia solar j\u00e1 \u00e9 a terceira maior fonte na matriz el\u00e9trica brasileira<\/strong><\/a><\/h3>\n<h2><strong>Brasil deve aumentar sua capacidade fotovoltaica <\/strong><\/h2>\n<p>O <strong>Brasil deve aumentar sua capacidade<\/strong> fotovoltaica, conforme exposto acima, por\u00e9m, o restante da pot\u00eancia, ou seja, 12,4 GW, ficar\u00e1 concentrado nas grandes usinas solares. Trata-se da gera\u00e7\u00e3o centralizada, que dever\u00e1 encerrar 2022 com 7,77 GW de pot\u00eancia.<\/p>\n<p>Em 2023, a ABSOLAR projetou, ainda, que a fonte renov\u00e1vel tender\u00e1 a gerar mais de 300 mil novos empregos. J\u00e1, os novos <a href=\"https:\/\/www.aldo.com.br\/blog\/energia-solar-trara-economia\/\"><strong>investimentos no setor solar<\/strong><\/a> poder\u00e3o superar o montante de 50 bilh\u00f5es de reais.<\/p>\n<p>De acordo com a ABSOLAR, tais proje\u00e7\u00f5es foram realizadas levando em conta um cen\u00e1rio conservador. Considerou, portanto, fatores macroecon\u00f4micos, efeitos de pol\u00edticas energ\u00e9ticas, mudan\u00e7as de governos federal e estaduais e poss\u00edveis consequ\u00eancias da atualiza\u00e7\u00e3o do setor el\u00e9trico, al\u00e9m de outras quest\u00f5es.<\/p>\n<p>Segundo Ronaldo Koloszuk, presidente do conselho de administra\u00e7\u00e3o da ABSOLAR, foi projetado um crescimento consistente em 2023. Assim, o <strong>Brasil deve aumentar sua capacidade<\/strong> de gera\u00e7\u00e3o de energia solar motivado pelos aumentos na conta de luz, al\u00e9m dos <a href=\"https:\/\/www.aldo.com.br\/blog\/entenda-os-beneficios-da-geracao-distribuida-solar-no-brasil\/\"><strong>benef\u00edcios proporcionados a todos os consumidores brasileiros<\/strong><\/a>.<\/p>\n<h2><strong>Fontes renov\u00e1veis em expans\u00e3o &#8211; <\/strong><strong>Brasil deve aumentar sua capacidade fotovoltaica<\/strong><\/h2>\n<p>As\u00a0<a href=\"https:\/\/www.absolar.org.br\/noticia\/no-brasil-30-da-capacidade-instalada-operacional-das-fontes-renovaveis-solar-e-eolica-e-representada-por-mercado-livre\/\" rel=\"nofollow noopener\" target=\"_blank\"><strong>fontes renov\u00e1veis<\/strong><\/a>, como a solar e e\u00f3lica est\u00e3o em expans\u00e3o e prometem responder por mais da metade da carga de energia esperada para a opera\u00e7\u00e3o do sistema el\u00e9trico brasileiro no pr\u00f3ximo ano.<\/p>\n<p>E, com o aumento dessas matrizes, h\u00e1 uma expectativa de mais seguran\u00e7a e que os riscos de apag\u00f5es e racionamentos se distanciem do nosso cen\u00e1rio. Al\u00e9m disso, essas fontes limpas tendem a contribuir com a redu\u00e7\u00e3o do custo da energia, somando-se os\u00a0<a href=\"https:\/\/www.aldo.com.br\/blog\/esg-na-energia-solar\/\"><strong>projetos ESG que beneficiam os neg\u00f3cios do setor<\/strong><\/a>.<\/p>\n<p>A\u00a0<a href=\"https:\/\/www.aneel.gov.br\/a-aneel\" rel=\"nofollow noopener\" target=\"_blank\"><strong>ANEEL<\/strong>\u00a0<\/a>fez uma proje\u00e7\u00e3o que demonstra o ritmo de expans\u00e3o das\u00a0<a href=\"https:\/\/www.aldo.com.br\/blog\/saiba-tudo-sobre-as-fontes-de-energia-renovaveis\/\"><strong>usinas e\u00f3licas<\/strong><\/a>\u00a0no Brasil. Segundo a entidade, esse ritmo deve aumentar do atual patamar de 20,5 GW para 26,4 GW de capacidade instalada, em 2022. Por isso, pelo menos US$ 35,8 bilh\u00f5es j\u00e1 foram investidos com o intuito de melhorar a capacidade da matriz no pa\u00eds, na \u00faltima d\u00e9cada.<\/p>\n<h3><a href=\"https:\/\/www.aldo.com.br\/blog\/transicao-energetica\/\"><strong>&gt; Leia mais: Transi\u00e7\u00e3o energ\u00e9tica: o investimento da pr\u00f3xima d\u00e9cada<\/strong><\/a><\/h3>\n<h2><strong>Gera\u00e7\u00e3o distribu\u00edda e a\u00a0Alian\u00e7a Solar Internacional<\/strong><\/h2>\n<p>No dia 6 de outubro deste ano, o Senado aprovou o projeto de decreto legislativo de n\u00famero\u00a0<a href=\"https:\/\/www.camara.leg.br\/propostas-legislativas\/2288471\" rel=\"nofollow noopener\" target=\"_blank\"><strong>271\/2021<\/strong><\/a>, que autoriza a ades\u00e3o do Brasil \u00e0<strong>\u00a0Alian\u00e7a Solar Internacional ou\u00a0<a href=\"https:\/\/isolaralliance.org\/\" rel=\"nofollow noopener\" target=\"_blank\">International Solar Alliance<\/a><\/strong>. \u00c9 uma coaliz\u00e3o intergovernamental respons\u00e1vel pela reuni\u00e3o de na\u00e7\u00f5es que det\u00eam os melhores\u00a0<a href=\"https:\/\/www.absolar.org.br\/noticia\/usinas-solares-de-grande-porte-atingem-r-292-bilhoes-de-investimentos-no-brasil\/\" rel=\"nofollow noopener\" target=\"_blank\"><strong>recursos solare<\/strong><strong>s<\/strong><\/a>\u00a0do mundo.<\/p>\n<p>O texto ainda est\u00e1 aguardando a divulga\u00e7\u00e3o. Por isso, essa iniciativa \u00e9 fundamental para que o Brasil se posicione internacionalmente, uma vez que o nosso territ\u00f3rio apresenta uma das melhores condi\u00e7\u00f5es para o<strong>\u00a0<\/strong><a href=\"https:\/\/www.aldo.com.br\/blog\/geracao-de-energia-solar-off-grid-leva-desenvolvimento-a-areas-isoladas-e-economia-a-meios-urbanos\/\"><strong>desenvolvimento da energia solar<\/strong><\/a>.<\/p>\n<p>A inclus\u00e3o do Brasil na ASI significa mais benef\u00edcios para o Brasil, por meio de\u00a0<a href=\"https:\/\/www.aldo.com.br\/blog\/o-incentivo-a-energia-solar-no-brasil\/\"><strong>pol\u00edticas de incentiv<\/strong><strong>o<\/strong><\/a>, regulamenta\u00e7\u00e3o, financiamento, pesquisa e desenvolvimento de tecnologias inovadoras.<\/p>\n<h2><strong>Energia solar fotovoltaica flutuante: adequa\u00e7\u00e3o a \u00e1reas com restri\u00e7\u00e3o de terra<\/strong><\/h2>\n<p>Voc\u00ea j\u00e1 ouviu falar em energia \u201cflotovoltaica\u201d? Trata-se da energia\u00a0<strong>solar fotovoltaica flutuante<\/strong>, que promete chegar a 4,8 GW at\u00e9 2026, segundo a <a href=\"https:\/\/www.marketresearch.com\/Global-Industry-Analysts-v1039\/\" rel=\"nofollow noopener\" target=\"_blank\"><strong>Global Industry Analysts (GIA)<\/strong><\/a>. As instala\u00e7\u00f5es de\u00a0<a href=\"https:\/\/www.aldo.com.br\/blog\/energia-solar-nas-hidreletricas-aumento-de-17-na-geracao-de-energia\/\"><strong>energia solar fotovoltaica flutuante<\/strong>\u00a0<\/a>t\u00eam a vantagem de eliminar os custos extras de arrendamento ou compras de terras enquanto liberam espa\u00e7o para outras atividades.<\/p>\n<p>Al\u00e9m disso, de acordo com o\u00a0Global Industry Analysts, geralmente, os corpos d\u2019\u00e1gua s\u00e3o propriedade p\u00fablica, o que facilita a aquisi\u00e7\u00e3o de licen\u00e7as. Assim, uma usina flutuante de 1 MW, normalmente, cobre de 17 a 25 acres de \u00e1gua e tem capacidade para gerar 1.500 MWh de energia el\u00e9trica.<\/p>\n<p>Os projetos de usinas flutuantes n\u00e3o chegam a atingir o mesmo grau de pot\u00eancia que as instala\u00e7\u00f5es feitas no solo. No entanto, eles s\u00e3o indicados para locais com restri\u00e7\u00f5es de terra.<\/p>\n<p>Assim, esses sistemas de\u00a0<strong>solar fotovoltaica flutuante<\/strong>\u00a0podem conceder benef\u00edcios ambientais. Entre eles, o de gerenciar o crescimento de algas e reduzir a evapora\u00e7\u00e3o. Em contrapartida, a \u00e1gua oferece benef\u00edcios ao sistema, resfriando os\u00a0<a href=\"https:\/\/www.aldo.com.br\/blog\/agora-a-aldo-e-distribuidora-de-paineis-phono-solar\/\"><strong>pain\u00e9is<\/strong><\/a>, podendo reduzir a degrada\u00e7\u00e3o e reduzir os custos de manuten\u00e7\u00e3o, de acordo com o relat\u00f3rio.<\/p>\n<h3><a href=\"https:\/\/www.aldo.com.br\/blog\/crise-energetica-energia-solar\/\"><strong>&gt; Leia mais: Crise energ\u00e9tica: energia solar pode ajudar a reduzir os impactos<\/strong><\/a><\/h3>\n<p>Agora voc\u00ea j\u00e1 tem motivos de sobra para conhecer mais sobre energia solar e planejar o seu projeto. Para isso, acesse o <a href=\"https:\/\/www.aldo.com.br\/?gclid=Cj0KCQiA4OybBhCzARIsAIcfn9m9rcgCdqCdw8ubaAjZrJySF0iTMZWyVuUv2ANha-9rmlxNX9UYIYcaAnI-EALw_wcB\"><strong>site da Aldo Solar<\/strong><\/a> e confira nossas informa\u00e7\u00f5es e produtos.<\/p>\n<p>Caso prefira, entre em contato com nossa equipe de vendas. Se for consumidor final, acesse a\u00a0<a href=\"https:\/\/www.aldo.com.br\/blog\/nova-calculadora-solar-da-aldo\/\"><strong>CALCULADORA ALDO SOLAR<\/strong><\/a>, fa\u00e7a uma simula\u00e7\u00e3o do produto, op\u00e7\u00f5es de financiamento e receba um or\u00e7amento gr\u00e1tis de um revendedor autorizado Aldo Solar.<\/p>\n<p><a href=\"https:\/\/www.aldo.com.br\/blog\/nova-calculadora-solar-da-aldo\/\" target=\"_blank\" rel=\"noopener\"><img fetchpriority=\"high\" decoding=\"async\" class=\"alignnone wp-image-12828 size-full\" src=\"http:\/\/www.aldo.com.br\/blog\/wp-content\/uploads\/2022\/11\/blog-aldo-solar-calculadora-solar-banner.jpg\" alt=\"Brasil deve aumentar sua capacidade\" width=\"1170\" height=\"281\" title=\"\" srcset=\"https:\/\/www.aldo.com.br\/blog\/wp-content\/uploads\/2022\/11\/blog-aldo-solar-calculadora-solar-banner.jpg 1170w, https:\/\/www.aldo.com.br\/blog\/wp-content\/uploads\/2022\/11\/blog-aldo-solar-calculadora-solar-banner-300x72.jpg 300w, https:\/\/www.aldo.com.br\/blog\/wp-content\/uploads\/2022\/11\/blog-aldo-solar-calculadora-solar-banner-1024x246.jpg 1024w, https:\/\/www.aldo.com.br\/blog\/wp-content\/uploads\/2022\/11\/blog-aldo-solar-calculadora-solar-banner-768x184.jpg 768w, https:\/\/www.aldo.com.br\/blog\/wp-content\/uploads\/2022\/11\/blog-aldo-solar-calculadora-solar-banner-585x141.jpg 585w\" sizes=\"(max-width: 1170px) 100vw, 1170px\" \/><\/a><\/p>\n<p>Acompanhe tamb\u00e9m todas as novidades da Aldo em outros canais como\u00a0<a href=\"https:\/\/twitter.com\/Aldo_Solar\" target=\"_blank\" rel=\"nofollow noopener\"><strong>Twitter,<\/strong><\/a>\u00a0<a href=\"https:\/\/www.facebook.com\/AldoSolarDistribuidora\" target=\"_blank\" rel=\"nofollow noopener\"><strong>Facebook<\/strong><\/a><strong>,\u00a0<\/strong><a href=\"https:\/\/www.linkedin.com\/company\/aldosolar\/\" target=\"_blank\" rel=\"nofollow noopener\"><strong>LinkedIn<\/strong><\/a>\u00a0e\u00a0<a href=\"https:\/\/www.instagram.com\/aldo.solar\/\" target=\"_blank\" rel=\"nofollow noopener\"><strong>Instagram<\/strong><\/a>. Fique ligado tamb\u00e9m em nosso canal no\u00a0<a href=\"https:\/\/www.youtube.com\/aldosolar\" target=\"_blank\" rel=\"nofollow noopener\"><strong>Youtube<\/strong><\/a>!<\/p>\n<p><a href=\"https:\/\/www.youtube.com\/aldosolar\" target=\"_blank\" rel=\"noopener nofollow\"><img decoding=\"async\" class=\"alignnone wp-image-13017 size-full\" src=\"http:\/\/www.aldo.com.br\/blog\/wp-content\/uploads\/2022\/12\/Aldosolar_Youtube-3.jpg\" alt=\"Brasil deve aumentar sua capacidade\" width=\"1170\" height=\"281\" title=\"\" srcset=\"https:\/\/www.aldo.com.br\/blog\/wp-content\/uploads\/2022\/12\/Aldosolar_Youtube-3.jpg 1170w, https:\/\/www.aldo.com.br\/blog\/wp-content\/uploads\/2022\/12\/Aldosolar_Youtube-3-300x72.jpg 300w, https:\/\/www.aldo.com.br\/blog\/wp-content\/uploads\/2022\/12\/Aldosolar_Youtube-3-1024x246.jpg 1024w, https:\/\/www.aldo.com.br\/blog\/wp-content\/uploads\/2022\/12\/Aldosolar_Youtube-3-768x184.jpg 768w, https:\/\/www.aldo.com.br\/blog\/wp-content\/uploads\/2022\/12\/Aldosolar_Youtube-3-585x141.jpg 585w\" sizes=\"(max-width: 1170px) 100vw, 1170px\" \/><\/a><\/p>\n<p>&nbsp;<\/p>\n","protected":false},"excerpt":{"rendered":"<p>Entenda por que o Brasil tende a aumentar cada vez mais sua capacidade de gerar energia solar, com base na pot\u00eancia instalada e nas estimativas para o pr\u00f3ximo ano.<\/p>\n","protected":false},"author":4,"featured_media":13016,"comment_status":"open","ping_status":"open","sticky":false,"template":"","format":"standard","meta":{"_glsr_average":0,"_glsr_ranking":0,"_glsr_reviews":0,"footnotes":""},"categories":[31],"tags":[202,71,2028,89,37,829,2205],"class_list":["post-13014","post","type-post","status-publish","format-standard","has-post-thumbnail","hentry","category-energia-solar","tag-absolar","tag-aneel","tag-capacidade-instalada","tag-crescimento","tag-energia-solar","tag-irena","tag-solar-fotovoltaica-flutuante"],"_links":{"self":[{"href":"https:\/\/www.aldo.com.br\/blog\/wp-json\/wp\/v2\/posts\/13014","targetHints":{"allow":["GET"]}}],"collection":[{"href":"https:\/\/www.aldo.com.br\/blog\/wp-json\/wp\/v2\/posts"}],"about":[{"href":"https:\/\/www.aldo.com.br\/blog\/wp-json\/wp\/v2\/types\/post"}],"author":[{"embeddable":true,"href":"https:\/\/www.aldo.com.br\/blog\/wp-json\/wp\/v2\/users\/4"}],"replies":[{"embeddable":true,"href":"https:\/\/www.aldo.com.br\/blog\/wp-json\/wp\/v2\/comments?post=13014"}],"version-history":[{"count":2,"href":"https:\/\/www.aldo.com.br\/blog\/wp-json\/wp\/v2\/posts\/13014\/revisions"}],"predecessor-version":[{"id":13018,"href":"https:\/\/www.aldo.com.br\/blog\/wp-json\/wp\/v2\/posts\/13014\/revisions\/13018"}],"wp:featuredmedia":[{"embeddable":true,"href":"https:\/\/www.aldo.com.br\/blog\/wp-json\/wp\/v2\/media\/13016"}],"wp:attachment":[{"href":"https:\/\/www.aldo.com.br\/blog\/wp-json\/wp\/v2\/media?parent=13014"}],"wp:term":[{"taxonomy":"category","embeddable":true,"href":"https:\/\/www.aldo.com.br\/blog\/wp-json\/wp\/v2\/categories?post=13014"},{"taxonomy":"post_tag","embeddable":true,"href":"https:\/\/www.aldo.com.br\/blog\/wp-json\/wp\/v2\/tags?post=13014"}],"curies":[{"name":"wp","href":"https:\/\/api.w.org\/{rel}","templated":true}]}}