{"id":12362,"date":"2022-07-26T17:46:28","date_gmt":"2022-07-26T20:46:28","guid":{"rendered":"https:\/\/www.aldo.com.br\/blog\/?p=12362"},"modified":"2022-07-26T17:46:28","modified_gmt":"2022-07-26T20:46:28","slug":"energia-solar-residencial-deve-dobrar","status":"publish","type":"post","link":"https:\/\/www.aldo.com.br\/blog\/energia-solar-residencial-deve-dobrar","title":{"rendered":"Energia solar residencial deve dobrar at\u00e9 o fim do ano"},"content":{"rendered":"<p>Como todos j\u00e1 sabemos, o <a href=\"https:\/\/www.aldo.com.br\/blog\/melhor-ano-para-energia-solar\/\"><strong>Marco Legal<\/strong><\/a> criado para a gera\u00e7\u00e3o pr\u00f3pria de <a href=\"https:\/\/www.aldo.com.br\/blog\/investimento-em-energia-renovavel\/\"><strong>energia renov\u00e1vel<\/strong><\/a> est\u00e1 expandindo os investimentos das empresas do <a href=\"https:\/\/www.aldo.com.br\/blog\/investimentos-para-o-setor-solar\/\"><strong>setor solar<\/strong><\/a>. Al\u00e9m disso, aliado \u00e0s altas no pre\u00e7o do petr\u00f3leo no mercado internacional, levou as companhias a atentarem para o aumento da demanda ainda para este ano. Com isso, a <strong>energia solar residencial deve dobrar<\/strong> o n\u00famero de adeptos at\u00e9 o final do ano.<\/p>\n<p>Para tanto, as empresas do setor t\u00eam refor\u00e7ado estoques e antecipado a compra de equipamentos com o objetivo de fugir do aumento dos custos. Enquanto isso, outras est\u00e3o planejando a amplia\u00e7\u00e3o de seus centros de distribui\u00e7\u00e3o.<\/p>\n<h3><a href=\"https:\/\/www.aldo.com.br\/blog\/geracao-distribuida-cresceu-mais-de-70\/\"><strong>&gt; Leia mais: Em um ano a Gera\u00e7\u00e3o Distribu\u00edda cresceu mais de 70%<\/strong><\/a><\/h3>\n<h2><strong>Estimativa da ABSOLAR: energia solar residencial deve dobrar at\u00e9 o final de 200<\/strong><\/h2>\n<p>Dessa forma, a <a href=\"https:\/\/www.absolar.org.br\/\" rel=\"nofollow noopener\" target=\"_blank\"><strong>ABSOLAR<\/strong><\/a>, j\u00e1 estima um recorde para 2022. Ent\u00e3o, a capacidade instalada deve dobrar e chegar perto de 25 GW para a <a href=\"https:\/\/www.aldo.com.br\/blog\/entenda-os-beneficios-da-geracao-distribuida-solar-no-brasil\/\"><strong>gera\u00e7\u00e3o distribu\u00edda<\/strong><\/a> em pr\u00e9dios e resid\u00eancias. Sendo assim, esse volume significa quase duas usinas de Itaipu, que tem 14 GW de capacidade e \u00e9 a maior do pa\u00eds.<\/p>\n<p>A ades\u00e3o \u00e0 <strong>energia solar residencial deve dobrar<\/strong> at\u00e9 o final de 2002. Recentemente, a ABSOLAR declarou que a energia solar j\u00e1 se transformou na <a href=\"https:\/\/www.aldo.com.br\/blog\/energia-solar-ja-e-a-terceira-maior-fonte\/\"><strong>terceira maior fonte da matriz energ\u00e9tica brasileira<\/strong><\/a>. Assim, seus 8,1% devem ultrapassar o g\u00e1s natural e fica atr\u00e1s somente da gera\u00e7\u00e3o h\u00eddrica, que \u00e9 a principal, com 53,9%. Fica aqu\u00e9m, ainda, da <a href=\"https:\/\/www.aldo.com.br\/blog\/fontes-solar-e-eolica\/\"><strong>e\u00f3lica<\/strong><\/a>, com 10,8%.<\/p>\n<h2><strong>Como isso come\u00e7ou?<\/strong><\/h2>\n<p>O in\u00edcio de tudo se deu em janeiro deste ano quando da publica\u00e7\u00e3o de uma lei. Nela, h\u00e1 previs\u00e3o de isen\u00e7\u00e3o de encargos setoriais at\u00e9 o final de 2045 para todos que instalarem um <a href=\"https:\/\/www.aldo.com.br\/blog\/como-fazer-o-calculo-do-sistema-fotovoltaico-com-eficiencia\/\"><strong>sistema fotovoltaico<\/strong><\/a> at\u00e9 7\/01\/2023.<\/p>\n<p>Na pr\u00e1tica, sempre que o consumidor produz mais energia do que consome, o excedente pode ser lan\u00e7ado na rede el\u00e9trica. Com isso, ele recebe o retorno da mesma quantidade de <a href=\"https:\/\/www.aldo.com.br\/blog\/entenda-como-funcionam-os-creditos-de-energia-solar\/\"><strong>cr\u00e9dito<\/strong><\/a>. Dessa forma, o usu\u00e1rio tem um desconto em sua <a href=\"https:\/\/www.aldo.com.br\/blog\/conta-de-luz-ficara-mais-alta\/\"><strong>conta de luz<\/strong><\/a>. Por\u00e9m, ap\u00f3s 2045, esse desconto ser\u00e1 reduzido. Portanto, at\u00e9 o final de 2022, a <strong>energia solar residencial deve dobrar<\/strong>.<\/p>\n<p>J\u00e1, para os <a href=\"https:\/\/www.aldo.com.br\/categoria\/energia-solar\/gerador-de-energia-solar-fotovoltaico\/wallbox-carregador-veicular\"><strong>geradores solares<\/strong><\/a> de pequeno e de m\u00e9dio portes, instalados em pequenos neg\u00f3cios, <a href=\"https:\/\/www.aldo.com.br\/blog\/energia-solar-em-casa-2\/\"><strong>resid\u00eancias<\/strong><\/a> e pequenas <a href=\"https:\/\/www.aldo.com.br\/blog\/137-da-gd-solar-ja-se-concentra-no-campo\/\"><strong>propriedades rurais<\/strong><\/a>, a redu\u00e7\u00e3o ser\u00e1 de 4,1% no primeiro ano. E, no segundo ano, ela passa para 8,1%. Em sistemas fotovoltaicos de gera\u00e7\u00e3o remota, compartilhada, a redu\u00e7\u00e3o no valor do cr\u00e9dito ser\u00e1 de 29%. S\u00e3o as usinas de porte maior, afastadas do local de consumo.<\/p>\n<h3><a href=\"https:\/\/www.aldo.com.br\/blog\/voce-conhece-as-diferencas-entre-minigeracao-e-microgeracao-distribuida\/\"><strong>&gt; Leia mais: Voc\u00ea conhece as diferen\u00e7as entre minigera\u00e7\u00e3o e microgera\u00e7\u00e3o?<\/strong><\/a><\/h3>\n<h2><strong>Influ\u00eancia da guerra na Ucr\u00e2nia<\/strong><\/h2>\n<p>A ades\u00e3o \u00e0 <strong>energia solar residencial deve dobrar <\/strong>at\u00e9 o final de 2022. Com a guerra na Ucr\u00e2nia, segundo alguns especialistas, muitas companhias acentuaram suas buscas por solu\u00e7\u00f5es de energia renov\u00e1vel. Isso em raz\u00e3o da alta dos custos de g\u00e1s e petr\u00f3leo.<\/p>\n<p>De acordo com a <a href=\"https:\/\/www.absolar.org.br\/noticia\/fernandopolis-instala-40-unidades-de-geracao-de-energia-solar-a-cada-mes\/\" rel=\"nofollow noopener\" target=\"_blank\"><strong>ABSOLAR<\/strong><\/a>, o novo marco legal e o aumento dos pre\u00e7os levar\u00e3o a energia solar ao seu segundo ano de recordes. Assim, a entidade prev\u00ea a ocorr\u00eancia de investimentos de R$ 50 bilh\u00f5es ainda este ano. Isso \u00e9 mais que o dobro dos R$ 22 bilh\u00f5es conseguidos em 2021.<\/p>\n<p>Verificamos que, al\u00e9m do aumento exorbitante dos pre\u00e7os da energia, a institui\u00e7\u00e3o da lei significou um marco relevante ap\u00f3s dois anos de discuss\u00f5es. Isso garante estabilidade para o consumidor e para investidores, que podem se organizar melhor. At\u00e9 agora, do total j\u00e1 instalado, dois ter\u00e7os s\u00e3o relativos a <a href=\"https:\/\/www.aldo.com.br\/blog\/primeira-empresa-do-mundo\/\"><strong>pain\u00e9is solares<\/strong><\/a>, ent\u00e3o, aproveitar essa oportunidade at\u00e9 2045 \u00e9 bom para todos.<\/p>\n<p>A corrida deve ser intensa j\u00e1 que, antes, os interessados optavam apenas por um volume de placas solares baseado no consumo. Agora, os adeptos preferem incluir o m\u00e1ximo permitido para a resid\u00eancia como forma de aproveitar a regulamenta\u00e7\u00e3o. Com isso, ades\u00e3o \u00e0 <strong>energia solar residencial deve dobrar <\/strong>at\u00e9 o final de 2022.<\/p>\n<h2><a href=\"https:\/\/www.aldo.com.br\/blog\/programa-brasileiro-de-energia-renovavel\/\"><strong>&gt; Leia mais: GD fotovoltaica \u00e9 inclu\u00edda no Programa Brasileiro de Energia Renov\u00e1vel<\/strong><\/a><\/h2>\n<h2><strong>Caminho definitivo<\/strong><\/h2>\n<p>Os investimentos est\u00e3o sendo ampliados em raz\u00e3o do novo marco regulat\u00f3rio do setor, possibilitando a capta\u00e7\u00e3o de recursos. Isso sem falar na maior preocupa\u00e7\u00e3o das empresas na busca por energia renov\u00e1vel mais barata, considerando o cen\u00e1rio atual de altos pre\u00e7os. Dessa forma, temos um caminho definitivamente estabelecido, ou seja, n\u00e3o h\u00e1 como voltar.<\/p>\n<p>Essa situa\u00e7\u00e3o leva, ainda, as empresas a se programarem antecipadamente em virtude dos problemas decorrentes da <a href=\"https:\/\/www.aldo.com.br\/blog\/exportacao-de-litio-verde\/\"><strong>cadeia global de transporte<\/strong><\/a>. Tais problemas s\u00e3o agravados pela guerra na Ucr\u00e2nia com seus lockdowns frequentes na China.<\/p>\n<p>Assim sendo, o cen\u00e1rio de alta demanda por pain\u00e9is, problemas com cont\u00eaineres, gargalos de transporte da China para c\u00e1, al\u00e9m da alta do d\u00f3lar. A guerra influenciou no pre\u00e7o do frete para os equipamentos fotovoltaicos, sendo a maioria importada. Mesmo assim, a ado\u00e7\u00e3o da <strong>energia solar residencial deve dobrar <\/strong>at\u00e9 o fim deste ano.<\/p>\n<p>Especialistas alertam que o hoje o consumidor disp\u00f5e de diversas linhas de cr\u00e9dito para financiar a compra de m\u00f3dulos fotovoltaicos. O setor estima, ent\u00e3o, que h\u00e1 mais de 70 op\u00e7\u00f5es entre bancos p\u00fablicos, privados e cooperativas dispon\u00edveis para financiamentos.<\/p>\n<h3><a href=\"https:\/\/www.aldo.com.br\/blog\/renovavel-com-mais-adeptos\/\"><strong>&gt; Leia mais: Energia solar foi a renov\u00e1vel com mais adeptos em 2021<\/strong><\/a><\/h3>\n<h2><strong>Retorno do investimento leva 5 anos em m\u00e9dia<\/strong><\/h2>\n<p>Em algumas situa\u00e7\u00f5es, \u00e9 poss\u00edvel aproveitar o desconto na <a href=\"https:\/\/www.aldo.com.br\/blog\/energia-solar-pode-reduzir-a-conta-de-luz\/\"><strong>conta de luz<\/strong><\/a> para quitar o financiamento de um sistema solar. Assim, a redu\u00e7\u00e3o na conta de luz varia, em m\u00e9dia, entre 80% e 85% e pode levar de em m\u00e9dia cinco anos para acontecer.<\/p>\n<p>Embora o d\u00f3lar tenha aumentado, o aumento na conta de luz foi ainda maior. E isso influenciou na tomada de decis\u00e3o do consumidor. Por exemplo, uma consumidora de Niter\u00f3i, no Rio de Janeiro, investiu R$ 20 mil em pain\u00e9is solares em mar\u00e7o de 2021.<\/p>\n<p>Na pr\u00e1tica, o consumo permaneceu mais ou menos o mesmo, por\u00e9m, o resultado observado na conta de luz \u00e9 impressionante. Por isso, estima-se que em menos de quatro anos, o sol pague pelo investimento no <a href=\"https:\/\/www.aldo.com.br\/blog\/ipi-e-icms-sobre-os-equipamentos-fotovoltaicos\/\"><strong>equipamento fotovoltaico<\/strong><\/a>.<\/p>\n<p>Esse relato, bem como todo o cen\u00e1rio apresentado, demonstra que a tend\u00eancia \u00e9 de que realmente a <strong>energia solar residencial deve dobrar <\/strong>at\u00e9 o fim de 2022. J\u00e1 n\u00e3o podemos mais adiar essa transforma\u00e7\u00e3o, que ser\u00e1 ben\u00e9fica para o bolso de todos e para a sustentabilidade.<\/p>\n<p>Por fim, conhe\u00e7a mais sobre energia solar e comece agora mesmo a tra\u00e7ar o seu plano de a\u00e7\u00e3o para aderir a essa fonte renov\u00e1vel. Por isso, acesse o\u00a0<a href=\"https:\/\/www.aldo.com.br\/\"><strong>site da Aldo Solar<\/strong><\/a><strong>\u00a0<\/strong>e confira os produtos.<\/p>\n<p>Aproveite para saber mais detalhes sobre os inversores <strong><a href=\"http:\/\/www.ginverter.pt\/\" target=\"_blank\" rel=\"nofollow noopener\">Growatt<\/a><\/strong>, marca reconhecida a <strong><a href=\"https:\/\/www.aldo.com.br\/blog\/growatt-ja-e-a-numero-1\/\">n\u00famero 1 entre os fornecedores de inversores residenciais ao redor do mundo<\/a><\/strong> e no Brasil.<\/p>\n<p><a href=\"https:\/\/www.aldo.com.br\/blog\/growatt-e-o-maior-fornecedor-de-inversores-residenciais-do-brasil\/\" target=\"_blank\" rel=\"noopener\"><img fetchpriority=\"high\" decoding=\"async\" class=\"alignnone wp-image-12365 size-full\" src=\"http:\/\/www.aldo.com.br\/blog\/wp-content\/uploads\/2022\/07\/blog_aldo_Growatt_numero_1.jpg\" alt=\"Energia solar residencial deve dobrar \" width=\"830\" height=\"500\" title=\"\" srcset=\"https:\/\/www.aldo.com.br\/blog\/wp-content\/uploads\/2022\/07\/blog_aldo_Growatt_numero_1.jpg 830w, https:\/\/www.aldo.com.br\/blog\/wp-content\/uploads\/2022\/07\/blog_aldo_Growatt_numero_1-300x181.jpg 300w, https:\/\/www.aldo.com.br\/blog\/wp-content\/uploads\/2022\/07\/blog_aldo_Growatt_numero_1-768x463.jpg 768w, https:\/\/www.aldo.com.br\/blog\/wp-content\/uploads\/2022\/07\/blog_aldo_Growatt_numero_1-585x352.jpg 585w\" sizes=\"(max-width: 830px) 100vw, 830px\" \/><\/a><\/p>\n<h3><strong><a href=\"https:\/\/www.aldo.com.br\/blog\/growatt-e-o-maior-fornecedor-de-inversores-residenciais-do-brasil\/\">&gt; Growatt \u00e9 o maior fornecedor de inversores residenciais do Brasil<\/a><\/strong><\/h3>\n","protected":false},"excerpt":{"rendered":"<p>Saiba como o Marco Legal para a gera\u00e7\u00e3o pr\u00f3pria aliado \u00e0s altas dos pre\u00e7os da energia el\u00e9trica, o aumento do d\u00f3lar e a guerra na Ucr\u00e2nia afetam a decis\u00e3o dos consumidores para aderirem mais r\u00e1pido \u00e0 energia solar.<\/p>\n","protected":false},"author":4,"featured_media":12369,"comment_status":"open","ping_status":"open","sticky":false,"template":"","format":"standard","meta":{"_glsr_average":0,"_glsr_ranking":0,"_glsr_reviews":0,"footnotes":""},"categories":[31],"tags":[202,2062,304,89,193,255,1034,81,2063],"class_list":["post-12362","post","type-post","status-publish","format-standard","has-post-thumbnail","hentry","category-energia-solar","tag-absolar","tag-alta-do-dolar","tag-conta-de-luz","tag-crescimento","tag-economia","tag-energia-solar-residencial","tag-gd","tag-geracao-distribuida","tag-guerra-na-ucrania"],"_links":{"self":[{"href":"https:\/\/www.aldo.com.br\/blog\/wp-json\/wp\/v2\/posts\/12362","targetHints":{"allow":["GET"]}}],"collection":[{"href":"https:\/\/www.aldo.com.br\/blog\/wp-json\/wp\/v2\/posts"}],"about":[{"href":"https:\/\/www.aldo.com.br\/blog\/wp-json\/wp\/v2\/types\/post"}],"author":[{"embeddable":true,"href":"https:\/\/www.aldo.com.br\/blog\/wp-json\/wp\/v2\/users\/4"}],"replies":[{"embeddable":true,"href":"https:\/\/www.aldo.com.br\/blog\/wp-json\/wp\/v2\/comments?post=12362"}],"version-history":[{"count":4,"href":"https:\/\/www.aldo.com.br\/blog\/wp-json\/wp\/v2\/posts\/12362\/revisions"}],"predecessor-version":[{"id":12367,"href":"https:\/\/www.aldo.com.br\/blog\/wp-json\/wp\/v2\/posts\/12362\/revisions\/12367"}],"wp:featuredmedia":[{"embeddable":true,"href":"https:\/\/www.aldo.com.br\/blog\/wp-json\/wp\/v2\/media\/12369"}],"wp:attachment":[{"href":"https:\/\/www.aldo.com.br\/blog\/wp-json\/wp\/v2\/media?parent=12362"}],"wp:term":[{"taxonomy":"category","embeddable":true,"href":"https:\/\/www.aldo.com.br\/blog\/wp-json\/wp\/v2\/categories?post=12362"},{"taxonomy":"post_tag","embeddable":true,"href":"https:\/\/www.aldo.com.br\/blog\/wp-json\/wp\/v2\/tags?post=12362"}],"curies":[{"name":"wp","href":"https:\/\/api.w.org\/{rel}","templated":true}]}}