{"id":12163,"date":"2022-06-17T10:43:44","date_gmt":"2022-06-17T13:43:44","guid":{"rendered":"https:\/\/www.aldo.com.br\/blog\/?p=12163"},"modified":"2022-06-17T11:02:43","modified_gmt":"2022-06-17T14:02:43","slug":"energia-solar-bateu-recorde-no-brasil","status":"publish","type":"post","link":"https:\/\/www.aldo.com.br\/blog\/energia-solar-bateu-recorde-no-brasil","title":{"rendered":"Gera\u00e7\u00e3o de energia solar bateu recorde no Brasil"},"content":{"rendered":"<p>Voc\u00ea sabia que a produ\u00e7\u00e3o de <strong>energia solar bateu recorde<\/strong> no Brasil, superando a pot\u00eancia instalada das termel\u00e9tricas f\u00f3sseis? Sim, e j\u00e1 est\u00e1 se aproximando rapidamente do valor gerado em pot\u00eancia instalada nas usinas de biomassa, como fonte principal.<\/p>\n<p>Assim, o Brasil acabou de ultrapassar uma nova marca hist\u00f3rica exatamente sessenta dias depois de ter batido 15 GW. Agora j\u00e1 s\u00e3o 16 GW de pot\u00eancia instalada da <a href=\"https:\/\/www.aldo.com.br\/blog\/instalacoes-de-sistemas-fotovoltaicos\/\"><strong>fonte solar fotovoltaica<\/strong><\/a> limpa e renov\u00e1vel. Isso somando-se os sistemas de gera\u00e7\u00e3o pr\u00f3pria em telhados, pequenos terrenos e fachadas com as usinas de grande porte.<\/p>\n<h3><a href=\"https:\/\/www.aldo.com.br\/blog\/adeptos-da-energia-solar-estao-satisfeitos\/\"><strong>&gt; Leia mais: 93% dos adeptos da energia solar est\u00e3o satisfeitos com seus geradores<\/strong><\/a><\/h3>\n<h2><strong>Energia solar bateu recorde<\/strong> <strong>no Brasil: mais de<\/strong> <strong>R$ 86,2 bilh\u00f5es em investimentos<\/strong><\/h2>\n<p>Segundo dados da <strong><a href=\"https:\/\/www.absolar.org.br\/\" rel=\"nofollow noopener\" target=\"_blank\">ABSOLAR<\/a><\/strong>, a <strong>energia solar bateu recorde<\/strong> no Brasil e j\u00e1 soma mais de R$ 86,2 bilh\u00f5es em novos investimentos no pa\u00eds. Esse valor foi distribu\u00eddo em R$ 22,8 bilh\u00f5es em arrecada\u00e7\u00e3o aos cofres p\u00fablicos, al\u00e9m de gerar mais de 478,8 mil empregos que se acumulam desde 2012.<\/p>\n<p>E, ainda, evitou a emiss\u00e3o de cerca de 23,6 milh\u00f5es de toneladas de CO2 durante a <a href=\"https:\/\/www.aldo.com.br\/blog\/programa-brasileiro-de-energia-renovavel\/\"><strong>produ\u00e7\u00e3o de energia el\u00e9trica<\/strong><\/a>.<\/p>\n<h2><strong>Fundamental para o desenvolvimento social: energia solar bateu recorde<\/strong> <strong>no Brasil<\/strong><\/h2>\n<p>De acordo com Rodrigo Sauaia, CEO da ABSOLAR, o avan\u00e7o da produ\u00e7\u00e3o de energia solar no pa\u00eds \u00e9 fundamental para o desenvolvimento econ\u00f4mico, social e ambiental do Brasil.<\/p>\n<p>Isso tem ocorrido principalmente por meio da <strong><a href=\"https:\/\/www.aldo.com.br\/blog\/geracao-propria-ja-chegou-a-1-milhao-de-usuarios\/\">gera\u00e7\u00e3o pr\u00f3pria<\/a><\/strong> em pequenos neg\u00f3cios, em resid\u00eancias, pr\u00e9dios p\u00fablicos e propriedades rurais. E, assim, a <strong>energia solar bateu recorde<\/strong> em nosso territ\u00f3rio.<\/p>\n<p>Trata-se, portanto, de uma fonte de energia el\u00e9trica que ajuda a diversificar o suprimento energ\u00e9tico do pa\u00eds. Com isso, reduzimos a press\u00e3o exercida sobre os recursos h\u00eddricos e o risco de mais aumentos na conta de luz de todos n\u00f3s.<\/p>\n<h3><a href=\"https:\/\/www.aldo.com.br\/blog\/melhor-ano-para-energia-solar\/\"><strong>&gt; Leia mais: Marco Legal e 2022: melhor ano para energia solar<\/strong><\/a><\/h3>\n<h2><strong>Eletricidade gerada a pre\u00e7os dez vezes menores<\/strong><\/h2>\n<p>De acordo com declara\u00e7\u00e3o de Sauaia, as usinas de grande porte s\u00e3o capazes de gerar energia a pre\u00e7os at\u00e9 dez vezes mais baixos que as termel\u00e9tricas f\u00f3sseis emergenciais. O mesmo ocorre em rela\u00e7\u00e3o \u00e0 energia el\u00e9trica importada de pa\u00edses vizinhos, que s\u00e3o duas das principais causas do aumento tarif\u00e1rio sobre os consumidores.<\/p>\n<p>Dessa forma, a <strong>energia solar bateu recorde<\/strong> no Brasil, o setor de energia espera ver um crescimento acelerado nos sistemas fotovoltaicos ainda em 2022. Situa\u00e7\u00e3o essa que decorre principalmente da entrada em vigor da Lei n\u00ba 14.300\/2022, que inaugurou o marco legal da <a href=\"https:\/\/www.aldo.com.br\/blog\/por-que-a-energia-solar-e-a-mais-democratica-fonte-renovavel\/\"><strong>gera\u00e7\u00e3o pr\u00f3pria<\/strong><\/a> de energia el\u00e9trica.<\/p>\n<h2><strong>Energia solar bateu recorde: <\/strong><strong>melhor momento para investir em um gerador solar<\/strong><\/h2>\n<p>Considerando o per\u00edodo de transi\u00e7\u00e3o previsto em lei, este \u00e9 o melhor momento para investir em um equipamento solar fotovoltaico. Segundo a legisla\u00e7\u00e3o, at\u00e9 2045, haver\u00e1 garantia da manuten\u00e7\u00e3o das regras atuais a todos os consumidores que optarem por um sistema solar no telhado at\u00e9 janeiro de 2023.<\/p>\n<h2><strong>Energia solar bateu recorde e o futuro \u00e9 promissor<\/strong><\/h2>\n<p>A <strong>energia solar bateu recorde<\/strong> no Brasil e j\u00e1 conta com aproximadamente 5,1 GW de pot\u00eancia instalada em <a href=\"https:\/\/www.aldo.com.br\/blog\/miniusinas-de-geracao-de-energia-solar\/\"><strong>usinas<\/strong><\/a> solares de grande porte. Isso equivale a 2,6% da matriz el\u00e9trica do pa\u00eds todo.<\/p>\n<p>Desde 2012, essas usinas j\u00e1 proporcionaram ao pa\u00eds a entrada de mais de R$ 27,0 bilh\u00f5es em investimentos novos. Al\u00e9m disso, foram acumulados mais de 152 mil empregos e uma arrecada\u00e7\u00e3o aos cofres p\u00fablicos em torno de R$ 8,4 bilh\u00f5es.<\/p>\n<p>Quanto ao segmento de gera\u00e7\u00e3o pr\u00f3pria, j\u00e1 s\u00e3o mais de 11 GW de pot\u00eancia instalada s\u00f3 da fonte solar. Esse valor significa mais de R$ 59,2 bilh\u00f5es em investimentos e R$ 14,4 bilh\u00f5es em arrecada\u00e7\u00e3o. Al\u00e9m disso, foram mais de 327,8 mil empregos acumulados desde 2012, nas cinco regi\u00f5es do pa\u00eds.<\/p>\n<h3><a href=\"https:\/\/www.aldo.com.br\/blog\/energia-solar-e-uma-das-melhores-apostas\/\"><strong>&gt; Leia mais: Investir em energia solar \u00e9 uma das melhores apostas<\/strong><\/a><\/h3>\n<h2><strong>Energia solar bateu recorde: soma das capacidades instaladas<\/strong><\/h2>\n<p>Atualmente a tecnologia solar \u00e9 usada em 98% das conex\u00f5es de gera\u00e7\u00e3o pr\u00f3pria no Brasil e lidera o segmento com folga. Quando as capacidades instaladas das grandes usinas s\u00e3o somadas \u00e0 da gera\u00e7\u00e3o pr\u00f3pria, a fonte solar j\u00e1 fica em quinta coloca\u00e7\u00e3o na <a href=\"https:\/\/www.aldo.com.br\/blog\/energia-solar-supera-itaipu\/\"><strong>matriz el\u00e9trica do Brasil<\/strong><\/a>.<\/p>\n<p>Sendo assim, a <strong>energia solar bateu recorde<\/strong> no Brasil e superou a pot\u00eancia instalada de termel\u00e9tricas movidas produtos de origem f\u00f3ssil na matriz brasileira. Assim, j\u00e1 est\u00e1 pr\u00f3xima do total instalado nas usinas de biomassa.<\/p>\n<h2><strong>Fonte competitiva e f\u00e1cil de instalar<\/strong><\/h2>\n<p>De acordo com Ronaldo Koloszuk, presidente do Conselho de Administrativo da ABSOLAR, a energia solar \u00e9 <a href=\"https:\/\/www.absolar.org.br\/noticia\/energia-solar-esta-cada-vez-mais-acessivel-e-competitiva-afirma-presidente-executivo-da-absolar\/\" rel=\"nofollow noopener\" target=\"_blank\"><strong>acess\u00edvel e competitiva<\/strong><\/a>. Al\u00e9m disso, o equipamento proporciona uma instala\u00e7\u00e3o r\u00e1pida e ajuda os consumidores a economizarem mais.<\/p>\n<p>A energia solar reduz at\u00e9 90% dos seus gastos com energia el\u00e9trica, \u00e9 limpa e fundamental para impulsionar a economia do pa\u00eds, permitindo que ele cres\u00e7a. Essa fonte \u00e9 parte essencial desta solu\u00e7\u00e3o e um importante motor para gerar oportunidades e novos empregos para toda a popula\u00e7\u00e3o brasileira.<\/p>\n<h3><a href=\"https:\/\/www.aldo.com.br\/blog\/o-que-e-metaverso\/\"><strong>&gt; Leia mais: O que \u00e9 Metaverso e o que pode ter a ver com energia renov\u00e1vel<\/strong><\/a><\/h3>\n<h2><strong>Energia positiva \u00e9 a que vem do sol<\/strong><\/h2>\n<p>Por fim, conhe\u00e7a mais sobre energia solar e comece agora mesmo a tra\u00e7ar o seu plano de a\u00e7\u00e3o para aderir a essa fonte renov\u00e1vel. Por isso, acesse o<strong>\u00a0<\/strong><a href=\"https:\/\/www.aldo.com.br\/\"><strong>site da Aldo Solar<\/strong><\/a><strong>\u00a0<\/strong>e confira os produtos.<\/p>\n<p>Caso prefira, entre em contato com\u00a0<a href=\"https:\/\/www.aldo.com.br\/institucional\/faleconosco\"><strong>nossa equipe de vendas<\/strong><\/a><strong>.<\/strong>\u00a0Se for consumidor final, acesse a\u00a0<a href=\"https:\/\/calculadorasolar.aldo.com.br\/\" rel=\"nofollow noopener\" target=\"_blank\"><strong>CALCULADORA ALDO SOLAR<\/strong><\/a>, fa\u00e7a uma simula\u00e7\u00e3o do produto,\u00a0<a href=\"https:\/\/www.aldo.com.br\/portais\/financiamento-energia-solar\/\"><strong>op\u00e7\u00f5es de financiamento<\/strong><\/a><strong>\u00a0<\/strong>e receba um or\u00e7amento gr\u00e1tis de um revendedor autorizado Aldo Solar.<\/p>\n<p><a href=\"https:\/\/calculadorasolar.aldo.com.br\/\" target=\"_blank\" rel=\"nofollow noopener\"><img fetchpriority=\"high\" decoding=\"async\" class=\"alignnone\" title=\"Em 2025 ser\u00e3o 21 milh\u00f5es de carros el\u00e9tricos vendidos no mundo 49\" src=\"https:\/\/www.aldo.com.br\/blog\/wp-content\/uploads\/2022\/05\/1170x281px_AldoSolar_Calculadora.jpg\" alt=\"energia solar bateu recorde \" width=\"1170\" height=\"281\" \/><\/a><\/p>\n<p>Al\u00e9m disso, conhe\u00e7a nossas a\u00e7\u00f5es voltadas \u00e0\u00a0<a href=\"https:\/\/www.aldo.com.br\/portais\/sustentabilidade\/\"><strong>sustentabilidade<\/strong><\/a><strong>.\u00a0<\/strong>\u00a0Acompanhe tamb\u00e9m todas as novidades da Aldo em outros canais como\u00a0<a href=\"https:\/\/twitter.com\/Aldo_Solar\" rel=\"nofollow noopener\" target=\"_blank\"><strong>Twitter,<\/strong><\/a> <a href=\"https:\/\/www.facebook.com\/AldoSolarDistribuidora\" rel=\"nofollow noopener\" target=\"_blank\"><strong>Facebook<\/strong><\/a><strong>,\u00a0<\/strong><a href=\"https:\/\/www.linkedin.com\/company\/aldosolar\/\" rel=\"nofollow noopener\" target=\"_blank\"><strong>LinkedIn\u00a0<\/strong><\/a>e\u00a0<a href=\"https:\/\/www.instagram.com\/aldo.solar\/\" rel=\"nofollow noopener\" target=\"_blank\"><strong>Instagram<\/strong><\/a>. Fique ligado tamb\u00e9m em nosso canal no\u00a0<a href=\"https:\/\/www.youtube.com\/aldosolar\" rel=\"nofollow noopener\" target=\"_blank\"><strong>Youtube<\/strong><\/a>!<\/p>\n<h3><a href=\"https:\/\/www.aldo.com.br\/blog\/saiba-os-detalhes-de-como-se-tornar-uma-revenda-aldo\/\"><strong>&gt; Saiba mais: Como se tornar uma revenda Aldo Solar!<\/strong><\/a><\/h3>\n","protected":false},"excerpt":{"rendered":"<p>Conhe\u00e7a o novo recorde da energia solar no Brasil em pot\u00eancia instalada, al\u00e9m dos efeitos positivos de sua ades\u00e3o pela popula\u00e7\u00e3o nos telhados, nas fachadas e nos pequenos terrenos.<\/p>\n","protected":false},"author":4,"featured_media":12164,"comment_status":"open","ping_status":"open","sticky":false,"template":"","format":"standard","meta":{"_glsr_average":0,"_glsr_ranking":0,"_glsr_reviews":0,"footnotes":""},"categories":[31],"tags":[202,1040,193,999,692,2004,2003,81,1499,160,155],"class_list":["post-12163","post","type-post","status-publish","format-standard","has-post-thumbnail","hentry","category-energia-solar","tag-absolar","tag-diversificacao-da-matriz-eletrica","tag-economia","tag-empregos","tag-energia-positiva","tag-energia-solar-bateu-recorde","tag-fonte-competitiva","tag-geracao-distribuida","tag-marco-legal","tag-matriz-energetica","tag-sustentabilidade"],"_links":{"self":[{"href":"https:\/\/www.aldo.com.br\/blog\/wp-json\/wp\/v2\/posts\/12163","targetHints":{"allow":["GET"]}}],"collection":[{"href":"https:\/\/www.aldo.com.br\/blog\/wp-json\/wp\/v2\/posts"}],"about":[{"href":"https:\/\/www.aldo.com.br\/blog\/wp-json\/wp\/v2\/types\/post"}],"author":[{"embeddable":true,"href":"https:\/\/www.aldo.com.br\/blog\/wp-json\/wp\/v2\/users\/4"}],"replies":[{"embeddable":true,"href":"https:\/\/www.aldo.com.br\/blog\/wp-json\/wp\/v2\/comments?post=12163"}],"version-history":[{"count":5,"href":"https:\/\/www.aldo.com.br\/blog\/wp-json\/wp\/v2\/posts\/12163\/revisions"}],"predecessor-version":[{"id":12170,"href":"https:\/\/www.aldo.com.br\/blog\/wp-json\/wp\/v2\/posts\/12163\/revisions\/12170"}],"wp:featuredmedia":[{"embeddable":true,"href":"https:\/\/www.aldo.com.br\/blog\/wp-json\/wp\/v2\/media\/12164"}],"wp:attachment":[{"href":"https:\/\/www.aldo.com.br\/blog\/wp-json\/wp\/v2\/media?parent=12163"}],"wp:term":[{"taxonomy":"category","embeddable":true,"href":"https:\/\/www.aldo.com.br\/blog\/wp-json\/wp\/v2\/categories?post=12163"},{"taxonomy":"post_tag","embeddable":true,"href":"https:\/\/www.aldo.com.br\/blog\/wp-json\/wp\/v2\/tags?post=12163"}],"curies":[{"name":"wp","href":"https:\/\/api.w.org\/{rel}","templated":true}]}}