{"id":11994,"date":"2022-05-20T15:18:34","date_gmt":"2022-05-20T18:18:34","guid":{"rendered":"https:\/\/www.aldo.com.br\/blog\/?p=11994"},"modified":"2022-05-20T15:18:34","modified_gmt":"2022-05-20T18:18:34","slug":"137-da-gd-solar-ja-se-concentra-no-campo","status":"publish","type":"post","link":"https:\/\/www.aldo.com.br\/blog\/137-da-gd-solar-ja-se-concentra-no-campo","title":{"rendered":"13,7% da GD solar j\u00e1 se concentra no campo"},"content":{"rendered":"<p>Voc\u00ea sabia que 13,7% da <strong>GD solar j\u00e1 se concentra no campo<\/strong>? Neste m\u00eas celebramos o Dia do Campo, uma data criada para conscientizar a sociedade sobre a relev\u00e2ncia do meio rural para a economia nacional. Al\u00e9m disso, \u00e9 uma oportunidade de homenagear todos os trabalhadores diretos e indiretos, envolvidos com atividades do setor.<\/p>\n<p>Em aten\u00e7\u00e3o a essa data, vale conferir um levantamento sobre como a <strong>GD solar j\u00e1 se concentra no campo<\/strong> <a href=\"https:\/\/www.aldo.com.br\/blog\/energia-solar-no-campo\/\"><strong>e nas propriedades rurais<\/strong><\/a> do pa\u00eds todo. A energia solar ocupa at\u00e9 mesmo o terceiro lugar no ranking de pot\u00eancia instalada em gera\u00e7\u00e3o distribu\u00edda de energia solar.<\/p>\n<h3><a href=\"https:\/\/www.aldo.com.br\/blog\/energias-renovaveis-em-alta\/\"><strong>&gt; Saiba mais: Energias Renov\u00e1veis em alta: saiba mais sobre esse setor<\/strong><\/a><\/h3>\n<h2><strong>GD solar j\u00e1 se concentra no campo: dados da ANEEL<\/strong><\/h2>\n<p>A <strong>GD solar j\u00e1 se <\/strong><strong>concentra no campo<\/strong> com um n\u00famero expressivo. Os dados trazidos pela ANEEL indicam que essa \u00e9 a classe de consumo respons\u00e1vel por cerca de 13,7% da pot\u00eancia instalada no Brasil. Assim, s\u00e3o mais de 75,8 mil <a href=\"https:\/\/www.aldo.com.br\/blog\/cresce-procura-das-classes-c-e-d-por-energia-solar\/\"><strong>sistemas fotovoltaicos<\/strong><\/a> instalados e aproximadamente 109,1 mil unidades consumidoras recebendo seus devidos cr\u00e9ditos.<\/p>\n<p>S\u00e3o <a href=\"https:\/\/www.absolar.org.br\/noticia\/seminario-em-assis-chateaubriand-fomenta-geracao-de-energias-renovaveis-no-campo\/\" target=\"_blank\" rel=\"noopener nofollow\"><strong>propriedades rurais<\/strong><\/a> que hoje respondem por um pouco mais de 1,44 GW. 13,7% da <strong>GD solar j\u00e1<\/strong> <strong>se concentra no campo<\/strong> e fica atr\u00e1s apenas da pot\u00eancia instalada nas resid\u00eancias e nos estabelecimentos comerciais. Esses sistemas contam, hoje, respectivamente, com 4,8 GW e 3,37 GW.<\/p>\n<h2><strong>GD solar j\u00e1 se concentra no campo: d<\/strong><strong>e janeiro a abril<\/strong><\/h2>\n<p>Segundo a ANEEL, apenas entre os meses de janeiro e abril de 2022, 12.837 sistemas fotovoltaicos foram instalados nas <a href=\"https:\/\/www.aldo.com.br\/blog\/energia-solar-na-zona-rural\/\"><strong>propriedades rurais<\/strong><\/a> do pa\u00eds. E isso foi um incremento de 208.221,67 kW de pot\u00eancia instalada. Em abril de 2021, o segmento rural apontava cerca de 819 MW de pot\u00eancia instalada. Ent\u00e3o, at\u00e9 abril de 2022, <strong>GD solar j\u00e1 se concentra no campo <\/strong>com um aumento de mais de 75%.<\/p>\n<h3><a href=\"https:\/\/www.aldo.com.br\/blog\/energia-solar-nas-granjas\/\"><strong>&gt; Saiba mais sobre energia solar nas granjas<\/strong><\/a><\/h3>\n<h2><strong>OFF GRID: Estrada livre para o desenvolvimento<\/strong><\/h2>\n<p>No universo da energia solar, quando se fala em criar oportunidades, um exemplo pr\u00e1tico \u00e9 garantir que essa tecnologia chegue em \u00e1reas remotas. Como \u00e9 o caso de algumas \u00e1reas rurais, j\u00e1 que3,7% da <strong>GD solar j\u00e1 se concentra no campo. <\/strong>As \u00e1reas rurais apresentam potencial de desenvolvimento e gera\u00e7\u00e3o de renda, no qual a rede de energia el\u00e9trica convencional n\u00e3o chega.<\/p>\n<p>Os sistemas de\u00a0<a href=\"https:\/\/www.aldo.com.br\/categoria\/energia-solar\/gerador-de-energia-solar-fotovoltaico\/off-grid\"><strong>gera\u00e7\u00e3o de energia solar OFF GRID<\/strong><\/a> s\u00e3o ideais para essas situa\u00e7\u00f5es, uma vez que n\u00e3o possuem conex\u00e3o com a rede p\u00fablica de energia, liberando o usu\u00e1rio da conta de luz. Um conjunto de baterias estacion\u00e1rias armazenam o excesso de energia gerado pelas placas fotovoltaicas. Os inversores fotovoltaicos em conjunto com os controladores de carga preparam essa energia para ser utilizada a qualquer momento, alimentando o que for necess\u00e1rio, mesmo nos momentos em que o sistema n\u00e3o esteja gerando energia.<\/p>\n<h2><strong>Sistemas OFF GRID para o campo suas utiliza\u00e7\u00f5es<\/strong><\/h2>\n<h3><strong>Geradores com bomba solar ou motobombas<\/strong><\/h3>\n<p><img fetchpriority=\"high\" decoding=\"async\" class=\"wp-image-11997 size-full alignright\" src=\"http:\/\/www.aldo.com.br\/blog\/wp-content\/uploads\/2022\/05\/gerador-motobomba.jpg\" alt=\"GD solar j\u00e1 se concentra no campo \" width=\"403\" height=\"403\" title=\"\" srcset=\"https:\/\/www.aldo.com.br\/blog\/wp-content\/uploads\/2022\/05\/gerador-motobomba.jpg 403w, https:\/\/www.aldo.com.br\/blog\/wp-content\/uploads\/2022\/05\/gerador-motobomba-300x300.jpg 300w, https:\/\/www.aldo.com.br\/blog\/wp-content\/uploads\/2022\/05\/gerador-motobomba-150x150.jpg 150w, https:\/\/www.aldo.com.br\/blog\/wp-content\/uploads\/2022\/05\/gerador-motobomba-80x80.jpg 80w\" sizes=\"(max-width: 403px) 100vw, 403px\" \/><\/p>\n<p>Voc\u00ea sabia que \u00e9 poss\u00edvel utilizar um gerador de energia solar para o bombeamento de \u00e1gua? Esse gerador permite a alimenta\u00e7\u00e3o por meio de corrente cont\u00ednua (energia solar) e alternada (energia padr\u00e3o). Al\u00e9m disso, proporciona maior efici\u00eancia com a possibilidade de funcionamento 24hs por dia.<\/p>\n<p>O bombeamento por\u00a0<a href=\"https:\/\/www.aldo.com.br\/loja\/categoria\/energia-solar\"><strong>energia solar<\/strong><\/a> dispensa o acesso \u00e0 rede el\u00e9trica, al\u00e9m de ter baixa manuten\u00e7\u00e3o e n\u00e3o necessitar de combust\u00edveis f\u00f3sseis para seu funcionamento. Sua instala\u00e7\u00e3o tamb\u00e9m \u00e9 simples e r\u00e1pida, sem falar nas qualidades da fonte de energia: limpa, inesgot\u00e1vel, silenciosa e renov\u00e1vel. Al\u00e9m dessas vantagens, apresenta baixo investimento inicial, excelente custo-benef\u00edcio\u00a0e menos tempo de retorno do investimento.<\/p>\n<h3><strong>Baterias: armazenamento de energia solar<\/strong><\/h3>\n<p>O armazenamento de energia por baterias ganhou espa\u00e7o enquanto os pre\u00e7os das baterias recuam. De acordo com dados da\u00a0<a href=\"https:\/\/about.newenergyfinance.com\/about\/\" rel=\"nofollow noopener\" target=\"_blank\"><strong>Bloomberg New Energy Finance<\/strong><\/a>, o pre\u00e7o de baterias de \u00edons de l\u00edtio despencou mais de 75% entre 2010 e 2018. E, \u00e9 a segunda tecnologia que mais barateou no setor el\u00e9trico mundial.<\/p>\n<p><img decoding=\"async\" class=\"alignnone wp-image-11998 size-full\" src=\"http:\/\/www.aldo.com.br\/blog\/wp-content\/uploads\/2022\/05\/Bateria-Energy-Source.jpg\" alt=\"GD solar j\u00e1 se concentra no campo \" width=\"737\" height=\"177\" title=\"\" srcset=\"https:\/\/www.aldo.com.br\/blog\/wp-content\/uploads\/2022\/05\/Bateria-Energy-Source.jpg 737w, https:\/\/www.aldo.com.br\/blog\/wp-content\/uploads\/2022\/05\/Bateria-Energy-Source-300x72.jpg 300w, https:\/\/www.aldo.com.br\/blog\/wp-content\/uploads\/2022\/05\/Bateria-Energy-Source-585x140.jpg 585w\" sizes=\"(max-width: 737px) 100vw, 737px\" \/><\/p>\n<p>As baterias s\u00e3o usadas como\u00a0<a href=\"https:\/\/canalsolar.com.br\/noticias\/item\/557-expansao-da-energia-solar-impulsiona-mercado-de-baterias\" rel=\"nofollow noopener\" target=\"_blank\"><strong>backup para viabilizar o consumo nos hor\u00e1rios de pico<\/strong><\/a>. Al\u00e9m disso, s\u00e3o \u00fateis para proteger as instala\u00e7\u00f5es fotovoltaicas contra surtos e falhas de fornecimento.<\/p>\n<p>Tamb\u00e9m s\u00e3o usadas para\u00a0<a href=\"https:\/\/www.aldo.com.br\/loja\/categoria\/energia-solar\/produtos\/bateria-solar\/bateria-solar-litio\"><strong>armazenar a energia<\/strong><\/a>\u00a0gerada, eliminando a necessidade de conectividade na rede el\u00e9trica, como \u00e9 o caso do meio rural. Portanto, isso significa dar aos consumidores maior liberdade e autonomia, al\u00e9m de contribuir para ampliar a participa\u00e7\u00e3o da\u00a0<a href=\"https:\/\/www.aldo.com.br\/categoria\/energia-solar\/gerador-de-energia-solar-fotovoltaico\"><strong>fonte solar fotovoltaica<\/strong><\/a>\u00a0na matriz el\u00e9trica brasileira.<\/p>\n<h2><strong>Dados do momento<\/strong><\/h2>\n<p>Agora, de acordo com dados da ANEEL, os estados em maior destaque s\u00e3o:<\/p>\n<ul>\n<li>Minas Gerais, com 393.571 kW;<\/li>\n<li>Rio Grande do Sul, com 211.446 kW e<\/li>\n<li>Mato Grosso, com 153.521 kW.<\/li>\n<\/ul>\n<p>A <strong>GD solar j\u00e1 se concentra no campo<\/strong> e o produtor do campo j\u00e1 compreendeu que a <a href=\"https:\/\/www.aldo.com.br\/blog\/revolucao-energetica-o-controle-da-energia-e-do-povo\/\"><strong>energia el\u00e9trica<\/strong><\/a> \u00e9 um elemento essencial para a lucratividade das propriedades rurais. Dessa forma, ao gerar sua pr\u00f3pria energia, todos podem economizar com eletricidade e aproveitar para investir em outras necessidades do neg\u00f3cio.<\/p>\n<h2><strong>Linhas de cr\u00e9dito<\/strong><\/h2>\n<p>Com as ades\u00f5es crescendo cada vez mais, a energia solar tem recebido novas linhas de financiamento junto a bancos e ao Governo Federal. Nesses contratos, as taxas de juros s\u00e3o bem atrativas e os prazos de pagamento, diferenciados.\u00a0 Al\u00e9m disso, 13,7% da <strong>GD solar j\u00e1 se concentra no campo, <\/strong>o que potencializa as oportunidades para os produtores rurais.<\/p>\n<h2><strong>Cooperativas<\/strong><\/h2>\n<p>Temos as atrativas <a href=\"https:\/\/www.aldo.com.br\/blog\/conheca-a-nova-linha-de-credito-do-banco-do-brasil-disponivel-na-aldo\/\"><strong>linhas de cr\u00e9dito<\/strong><\/a> rural juntamente com as cooperativas de alimentos, que incentivam novos produtores de peixes, aves e su\u00ednos. Isso tudo faz da energia solar no campo um dos melhores neg\u00f3cios desse mercado. Se destaca, portanto, como um dos maiores potenciais do setor.<\/p>\n<h2><strong>Alternativa para redu\u00e7\u00e3o da conta de luz<\/strong><\/h2>\n<p>Tivemos aumentos constantes das tarifas de energia el\u00e9trica nos \u00faltimos meses. Dessa forma, muitos produtores continuam procurando, cada vez mais, a energia solar fotovoltaica como alternativa para reduzir a conta de luz. Com isso, melhoram os resultados financeiros e contribuem com a quest\u00e3o <a href=\"https:\/\/www.aldo.com.br\/blog\/brasil-deve-zerar-o-desmatamento\/\"><strong>ambiental<\/strong><\/a>, gerando a pr\u00f3pria energia com impactos m\u00ednimos \u00e0 natureza. N\u00e3o \u00e0 toa, 13,7% da <strong>GD solar j\u00e1 se concentra no campo.<\/strong><\/p>\n<h2><strong>Confira, a seguir, os n\u00fameros relativos \u00e0 GD solar rural e \u00e0 GD total:<\/strong><\/h2>\n<h3><strong>Rural GD solar:<\/strong><\/h3>\n<ul>\n<li>N\u00famero de sistemas: 75.881<\/li>\n<li>Sistemas recebendo cr\u00e9ditos: 109.114<\/li>\n<li>Pot\u00eancia instalada: 1,44 GW<\/li>\n<\/ul>\n<h3><strong>Total GD solar:<\/strong><\/h3>\n<ul>\n<li>N\u00famero de sistemas: 984.852<\/li>\n<li>Sistemas recebendo cr\u00e9ditos: 1.243.709<\/li>\n<li>Pot\u00eancia instalada: 10,51 GW<\/li>\n<\/ul>\n<h2><strong>Marco regulat\u00f3rio \u00e9 favor\u00e1vel a energia solar no campo<\/strong><\/h2>\n<p>A <strong>GD solar j\u00e1 se concentra no campo.<\/strong> Assim, conforme temos acompanhado, a gera\u00e7\u00e3o de energia solar por meio da\u00a0<strong>GD<\/strong> \u00e9 objeto da lei 14.300\/2022 que disciplina seu\u00a0<a href=\"https:\/\/www.aldo.com.br\/blog\/marco-legal-da-gd-e-aprovado\/\"><strong>marco regulat\u00f3rio<\/strong><\/a>. Com isso, ser\u00e1 poss\u00edvel definir regras que facilitem a vida de pequenos produtores rurais, proporcionado seguran\u00e7a jur\u00eddica para esse setor.<\/p>\n<p>As interrup\u00e7\u00f5es do fornecimento de\u00a0energia solar no campo acarretam preju\u00edzos incont\u00e1veis para os produtores rurais, principalmente os de aves, leite e su\u00ednos. Por isso, os micros e minigeradores dever\u00e3o custear apenas a tarifa sobre o consumo excedente.<\/p>\n<h3><a href=\"https:\/\/www.aldo.com.br\/blog\/avicultura-movida-a-energia-solar\/\"><strong>&gt; Leia mais: Avicultura movida \u00e0 energia solar avan\u00e7a no Paran\u00e1<\/strong><\/a><\/h3>\n<h2><strong>Energia solar como melhor alternativa<\/strong><\/h2>\n<p>A matriz energ\u00e9tica do pa\u00eds tende a se transformar cada vez mais, em raz\u00e3o da\u00a0<a href=\"https:\/\/www.absolar.org.br\/noticia\/crise-hidrica-ameaca-competitividade-de-produtos-brasileiros-diz-especialista\/\" rel=\"nofollow noopener\" target=\"_blank\"><strong>crise h\u00eddrica<\/strong><\/a>. J\u00e1 chegamos a um patamar em que n\u00e3o podemos mais contar apenas com as usinas hidrel\u00e9tricas, que nem sempre chega at\u00e9 a\u00a0zona rural.<\/p>\n<p>Nesse cen\u00e1rio, a energia solar \u00e9 a melhor alternativa dispon\u00edvel e j\u00e1 \u00e9 uma realidade em mais de 37 mil estabelecimentos rurais no territ\u00f3rio nacional.\u00a0 Assi, 13,7% da <strong>GD solar j\u00e1 se concentra no campo<\/strong> e \u00e9 uma fonte que reduz significativamente os custos, ajuda na produtividade e melhora a qualidade de vida do agricultor.<\/p>\n<h2>A for\u00e7a que vem do sol<\/h2>\n<p>Agora que voc\u00ea j\u00e1 sabe que\u00a0 13,7% da <strong>GD solar j\u00e1 se concentra no campo<\/strong>, conhe\u00e7a mais sobre energia solar. Comece agora mesmo a tra\u00e7ar o seu plano de a\u00e7\u00e3o para aderir a essa fonte renov\u00e1vel. Por isso, acesse o<strong>\u00a0<a href=\"https:\/\/www.aldo.com.br\/\">site da Aldo Solar<\/a>\u00a0<\/strong>e confira os produtos.<\/p>\n<div class=\"wp-block-image\">\n<figure class=\"aligncenter\"><img decoding=\"async\" class=\"alignnone\" title=\"PL prop\u00f5e que ve\u00edculos h\u00edbridos e el\u00e9tricos sejam isentos de imposto de importa\u00e7\u00e3o 45\" src=\"https:\/\/www.aldo.com.br\/blog\/wp-content\/uploads\/2022\/05\/1170x281px_AldoSolar_Calculadora.jpg\" alt=\"GD solar j\u00e1 se concentra no campo \" width=\"1170\" height=\"281\" \/><\/figure>\n<\/div>\n<p>Caso prefira, entre em contato com\u00a0<strong><a href=\"https:\/\/www.aldo.com.br\/institucional\/faleconosco\">nossa equipe de vendas<\/a><\/strong>. Se for consumidor final, acesse a\u00a0<a href=\"https:\/\/calculadorasolar.aldo.com.br\/\" target=\"_blank\" rel=\"noreferrer noopener nofollow\"><strong>CALCULADORA ALDO<\/strong>\u00a0SOLAR<\/a>, fa\u00e7a uma simula\u00e7\u00e3o do produto e\u00a0<strong><a href=\"https:\/\/www.aldo.com.br\/blog\/agenda-visitas-tecnicas-e-simula-financiamento\/\">agende uma visita t\u00e9cnica<\/a>\u00a0<\/strong>que um revendedor da Aldo ir\u00e1 atend\u00ea-lo. Confira tamb\u00e9m as op\u00e7\u00f5es de<strong>\u00a0<a href=\"https:\/\/www.aldo.com.br\/portais\/financiamento-energia-solar\/\" target=\"_blank\" rel=\"noreferrer noopener\">financiamento da Aldo Solar com a Caixa Econ\u00f4mica Federal!<\/a><\/strong><\/p>\n<h2><a href=\"https:\/\/www.aldo.com.br\/portais\/financiamento-energia-solar\/caixa.html\">&gt; Leia tamb\u00e9m: Como se tornar uma revenda Aldo Solar!<\/a><\/h2>\n","protected":false},"excerpt":{"rendered":"<p>Neste m\u00eas foi celebrado o Dia do Campo, portanto entenda porque \u00e9 importante fomentar a ado\u00e7\u00e3o da energia solar na \u00e1rea rural e como isso beneficia os neg\u00f3cios nesse segmento.<\/p>\n","protected":false},"author":4,"featured_media":12001,"comment_status":"open","ping_status":"open","sticky":false,"template":"","format":"standard","meta":{"_glsr_average":0,"_glsr_ranking":0,"_glsr_reviews":0,"footnotes":""},"categories":[31],"tags":[881,1484,1958,1083,1957,615,149,1959,1956,1457],"class_list":["post-11994","post","type-post","status-publish","format-standard","has-post-thumbnail","hentry","category-energia-solar","tag-baterias-de-armazenamento","tag-bomba-solar","tag-dia-do-campo","tag-energia-solar-no-campo","tag-gd-solar-no-campo","tag-motobomba","tag-off-grid","tag-produtores-rurais","tag-proutor-rural","tag-zona-rural"],"_links":{"self":[{"href":"https:\/\/www.aldo.com.br\/blog\/wp-json\/wp\/v2\/posts\/11994","targetHints":{"allow":["GET"]}}],"collection":[{"href":"https:\/\/www.aldo.com.br\/blog\/wp-json\/wp\/v2\/posts"}],"about":[{"href":"https:\/\/www.aldo.com.br\/blog\/wp-json\/wp\/v2\/types\/post"}],"author":[{"embeddable":true,"href":"https:\/\/www.aldo.com.br\/blog\/wp-json\/wp\/v2\/users\/4"}],"replies":[{"embeddable":true,"href":"https:\/\/www.aldo.com.br\/blog\/wp-json\/wp\/v2\/comments?post=11994"}],"version-history":[{"count":4,"href":"https:\/\/www.aldo.com.br\/blog\/wp-json\/wp\/v2\/posts\/11994\/revisions"}],"predecessor-version":[{"id":12000,"href":"https:\/\/www.aldo.com.br\/blog\/wp-json\/wp\/v2\/posts\/11994\/revisions\/12000"}],"wp:featuredmedia":[{"embeddable":true,"href":"https:\/\/www.aldo.com.br\/blog\/wp-json\/wp\/v2\/media\/12001"}],"wp:attachment":[{"href":"https:\/\/www.aldo.com.br\/blog\/wp-json\/wp\/v2\/media?parent=11994"}],"wp:term":[{"taxonomy":"category","embeddable":true,"href":"https:\/\/www.aldo.com.br\/blog\/wp-json\/wp\/v2\/categories?post=11994"},{"taxonomy":"post_tag","embeddable":true,"href":"https:\/\/www.aldo.com.br\/blog\/wp-json\/wp\/v2\/tags?post=11994"}],"curies":[{"name":"wp","href":"https:\/\/api.w.org\/{rel}","templated":true}]}}