{"id":11703,"date":"2025-07-23T08:45:25","date_gmt":"2025-07-23T11:45:25","guid":{"rendered":"https:\/\/www.aldo.com.br\/blog\/?p=11703"},"modified":"2025-07-23T08:45:51","modified_gmt":"2025-07-23T11:45:51","slug":"reajustes-nas-bandeiras-tarifarias","status":"publish","type":"post","link":"https:\/\/www.aldo.com.br\/blog\/reajustes-nas-bandeiras-tarifarias","title":{"rendered":"Bandeiras tarif\u00e1rias: saiba o que s\u00e3o, como funcionam e impactos"},"content":{"rendered":"<p><span style=\"font-weight: 400;\">As <\/span><b>bandeiras tarif\u00e1rias<\/b><span style=\"font-weight: 400;\"> s\u00e3o um sistema criado pela ANEEL (Ag\u00eancia Nacional de Energia El\u00e9trica) para indicar mensalmente se haver\u00e1 ou n\u00e3o acr\u00e9scimos na conta de luz, dependendo das condi\u00e7\u00f5es de gera\u00e7\u00e3o de energia no Brasil.\u00a0<\/span><\/p>\n<p><span style=\"font-weight: 400;\">O objetivo \u00e9 sinalizar para o consumidor, de forma transparente, os custos reais da produ\u00e7\u00e3o de eletricidade, incentivando o uso consciente e a economia de energia.<\/span><\/p>\n<p><span style=\"font-weight: 400;\">Esse modelo funciona como um \u201csem\u00e1foro\u201d que informa, por meio de cores (verde, amarela e vermelha), o custo da energia no per\u00edodo. Quanto pior as condi\u00e7\u00f5es de gera\u00e7\u00e3o, mais cara a energia \u2014 e, consequentemente, mais aten\u00e7\u00e3o o consumidor precisa ter com o consumo.<\/span><\/p>\n<p><span style=\"font-weight: 400;\">Neste conte\u00fado, voc\u00ea entender\u00e1 como essas bandeiras funcionam, quais s\u00e3o seus impactos financeiros, como calcular o valor na sua fatura e de que forma \u00e9 poss\u00edvel economizar ou at\u00e9 se proteger dessas varia\u00e7\u00f5es.<\/span><\/p>\n<h2><strong>Como funcionam as bandeiras tarif\u00e1rias?<\/strong><\/h2>\n<p><span style=\"font-weight: 400;\">O <\/span><b>sistema de bandeiras tarif\u00e1rias da ANEEL<\/b><span style=\"font-weight: 400;\"> funcionam como um indicador mensal que informa se o custo da gera\u00e7\u00e3o de energia el\u00e9trica ser\u00e1 maior ou menor, dependendo das condi\u00e7\u00f5es de oferta no sistema.\u00a0<\/span><\/p>\n<p><span style=\"font-weight: 400;\">Elas <\/span><b>n\u00e3o alteram a tarifa-base da energia<\/b><span style=\"font-weight: 400;\">, mas, sim, adicionam um valor extra ao consumo de energia em kWh quando necess\u00e1rio.<\/span><\/p>\n<p><span style=\"font-weight: 400;\">Assim sendo, a cor da bandeira sinaliza o seguinte:<\/span><\/p>\n<ul>\n<li style=\"font-weight: 400;\" aria-level=\"1\"><span style=\"font-weight: 400;\">verde \u2014 condi\u00e7\u00f5es favor\u00e1veis de gera\u00e7\u00e3o, sem cobran\u00e7a adicional;<\/span><\/li>\n<li style=\"font-weight: 400;\" aria-level=\"1\"><span style=\"font-weight: 400;\">amarela e vermelha \u2014 acionadas quando as condi\u00e7\u00f5es ficam mais caras, como em per\u00edodos de seca, quando o uso das<\/span><b> usinas t\u00e9rmicas<\/b><span style=\"font-weight: 400;\"> se intensifica para compensar a baixa produ\u00e7\u00e3o das hidrel\u00e9tricas.<\/span><\/li>\n<\/ul>\n<p><span style=\"font-weight: 400;\">Dessa forma, o consumidor \u00e9 alertado com anteced\u00eancia sobre poss\u00edveis aumentos, podendo ajustar o consumo e evitar surpresas no final do m\u00eas.<\/span><\/p>\n<h2><strong>Quais s\u00e3o as cores das bandeiras tarif\u00e1rias e seus valores atuais?<\/strong><\/h2>\n<p><span style=\"font-weight: 400;\">As bandeiras tarif\u00e1rias foram criadas para tornar mais clara a rela\u00e7\u00e3o entre o custo da gera\u00e7\u00e3o de energia el\u00e9trica e o valor pago pelo consumidor final.\u00a0<\/span><\/p>\n<p><span style=\"font-weight: 400;\">Em vez de reajustar as tarifas constantemente, a <\/span><a href=\"https:\/\/www.gov.br\/aneel\/pt-br\" target=\"_blank\" rel=\"noopener nofollow\"><span style=\"font-weight: 400;\">ANEEL<\/span><\/a><span style=\"font-weight: 400;\"> adotou esse sistema como uma forma de comunicar ao usu\u00e1rio, de <\/span><b>maneira visual e simples<\/b><span style=\"font-weight: 400;\">, quando a energia est\u00e1 mais barata ou mais cara de ser produzida \u2014 e, portanto, consumida.<\/span><\/p>\n<p><span style=\"font-weight: 400;\">Esse modelo \u00e9 baseado em tr\u00eas cores principais: <\/span><b>verde, amarela e vermelha<\/b><span style=\"font-weight: 400;\"> (com dois patamares na vermelha). Cada cor indica o n\u00edvel de custo da gera\u00e7\u00e3o de energia el\u00e9trica no pa\u00eds naquele m\u00eas.<\/span><\/p>\n<p><span style=\"font-weight: 400;\">Se o n\u00edvel dos reservat\u00f3rios das hidrel\u00e9tricas estiver elevado e n\u00e3o for necess\u00e1rio acionar usinas t\u00e9rmicas, <\/span><b>a bandeira \u00e9 verde<\/b><span style=\"font-weight: 400;\">.\u00a0<\/span><\/p>\n<p><span style=\"font-weight: 400;\">Por\u00e9m, se houver necessidade de fontes mais caras e poluentes, como as termel\u00e9tricas, a cor muda \u2014 sinalizando aumento no custo que ser\u00e1 repassado para a conta de luz.<\/span><\/p>\n<p><span style=\"font-weight: 400;\">A seguir, explicamos o que representa cada cor e quanto custa para o consumidor final, com base nos <\/span><b>valores das bandeiras tarif\u00e1rias<\/b><span style=\"font-weight: 400;\"> mais recentes divulgados pela ANEEL em 2025.<\/span><\/p>\n<h3><strong>Bandeira tarif\u00e1ria verde<\/strong><\/h3>\n<p><span style=\"font-weight: 400;\">A bandeira verde representa o cen\u00e1rio ideal para o consumidor. Significa que as condi\u00e7\u00f5es de gera\u00e7\u00e3o de energia no pa\u00eds est\u00e3o boas:<\/span><\/p>\n<ul>\n<li style=\"font-weight: 400;\" aria-level=\"1\"><span style=\"font-weight: 400;\">volume de \u00e1gua satisfat\u00f3rio nos reservat\u00f3rios das hidrel\u00e9tricas;<\/span><\/li>\n<li style=\"font-weight: 400;\" aria-level=\"1\"><span style=\"font-weight: 400;\">boa previs\u00e3o clim\u00e1tica;<\/span><\/li>\n<li style=\"font-weight: 400;\" aria-level=\"1\"><span style=\"font-weight: 400;\">baixa necessidade de acionar termel\u00e9tricas, que t\u00eam custos elevados e maior impacto ambiental.<\/span><\/li>\n<\/ul>\n<p><span style=\"font-weight: 400;\">Quando a bandeira est\u00e1 verde, n\u00e3o h\u00e1 cobran\u00e7a adicional na conta de luz.\u00a0<\/span><\/p>\n<p><span style=\"font-weight: 400;\">Isso<\/span><b> n\u00e3o significa que a energia \u00e9 gratuita<\/b><span style=\"font-weight: 400;\">, mas que o valor pago ser\u00e1 somente o da tarifa-base definida pela distribuidora da sua regi\u00e3o, sem qualquer acr\u00e9scimo por dificuldade de gera\u00e7\u00e3o.<\/span><\/p>\n<h3><strong>Bandeira tarif\u00e1ria amarela<\/strong><\/h3>\n<p><span style=\"font-weight: 400;\">A bandeira amarela \u00e9 acionada quando as condi\u00e7\u00f5es de gera\u00e7\u00e3o come\u00e7am a se tornar <\/span><b>menos favor\u00e1veis<\/b><span style=\"font-weight: 400;\">.\u00a0<\/span><\/p>\n<p><span style=\"font-weight: 400;\">\u00c9 um sinal de alerta: os reservat\u00f3rios est\u00e3o em n\u00edveis intermedi\u00e1rios ou h\u00e1 previs\u00e3o de redu\u00e7\u00e3o das chuvas, exigindo o <\/span><b>uso parcial de usinas t\u00e9rmicas<\/b><span style=\"font-weight: 400;\"> ou outras fontes mais caras de energia.<\/span><\/p>\n<p><span style=\"font-weight: 400;\">Quando est\u00e1 em vigor, a bandeira amarela <\/span><b>adiciona R$ 1,885 a cada 100 kWh<\/b><span style=\"font-weight: 400;\"> consumido ao valor da conta, conforme os dados atualizados da ANEEL para 2025.<\/span><\/p>\n<p><span style=\"font-weight: 400;\">Portanto, a bandeira amarela serve tamb\u00e9m como um lembrete para o consumidor come\u00e7ar a <\/span><b>rever h\u00e1bitos de consumo e evitar desperd\u00edcios<\/b><span style=\"font-weight: 400;\">.<\/span><\/p>\n<h3><strong>Bandeira tarif\u00e1ria vermelha<\/strong><\/h3>\n<p><span style=\"font-weight: 400;\">A bandeira vermelha \u00e9 dividida em dois patamares e indica que a gera\u00e7\u00e3o de energia el\u00e9trica est\u00e1 em um cen\u00e1rio cr\u00edtico, com custos operacionais muito elevados.\u00a0<\/span><\/p>\n<p><span style=\"font-weight: 400;\">Isso geralmente acontece em per\u00edodos de <\/span><b>estiagem prolongada<\/b><span style=\"font-weight: 400;\">, quando os n\u00edveis dos reservat\u00f3rios est\u00e3o baixos e h\u00e1 necessidade urgente de acionar em grande escala usinas t\u00e9rmicas, que al\u00e9m de mais caras, tamb\u00e9m s\u00e3o mais poluentes.<\/span><\/p>\n<p><span style=\"font-weight: 400;\">Nesses casos, o consumidor paga um valor extra mais alto por cada kWh consumido, e o <\/span><b>impacto da bandeira tarif\u00e1ria<\/b><span style=\"font-weight: 400;\"> na conta de luz pode ser bastante significativo.<\/span><\/p>\n<h4><strong>Patamar 1<\/strong><\/h4>\n<p><span style=\"font-weight: 400;\">\u00c9 adotado quando os custos de gera\u00e7\u00e3o aumentam significativamente, mas ainda \u00e9 poss\u00edvel manter o fornecimento com certo equil\u00edbrio.<\/span><\/p>\n<p><span style=\"font-weight: 400;\">Valor adicional: <\/span><b>R$ 4,46 a cada 100 kWh<\/b><span style=\"font-weight: 400;\">.<\/span><\/p>\n<h4><strong>Patamar 2<\/strong><\/h4>\n<p><span style=\"font-weight: 400;\">Essa \u00e9 a condi\u00e7\u00e3o <\/span><b>mais cr\u00edtica<\/b><span style=\"font-weight: 400;\"> do sistema el\u00e9trico nacional. \u00c9 adotada quando h\u00e1 necessidade de acionar praticamente todas as fontes t\u00e9rmicas dispon\u00edveis, e o custo de gera\u00e7\u00e3o atinge patamares muito altos.<\/span><\/p>\n<p><span style=\"font-weight: 400;\">Valor adicional: <\/span><b>R$ 7,87 a cada 100 kWh<\/b><span style=\"font-weight: 400;\">.<\/span><\/p>\n<p><span style=\"font-weight: 400;\">A bandeira vermelha \u00e9 um sinal de urg\u00eancia. Ela mostra que \u00e9 hora de adotar todas as medidas poss\u00edveis para reduzir o consumo e buscar alternativas, como a <\/span><a href=\"https:\/\/www.aldo.com.br\/blog\/nova-tendencia-na-construcao-civil\/\" target=\"_blank\" rel=\"noopener\"><span style=\"font-weight: 400;\">energia solar<\/span><\/a><span style=\"font-weight: 400;\">, que permite escapar dessas cobran\u00e7as extras<\/span><\/p>\n<h2><strong>Como \u00e9 feito o c\u00e1lculo de energia conforme a bandeira tarif\u00e1ria?<\/strong><\/h2>\n<p><span style=\"font-weight: 400;\">O c\u00e1lculo do custo extra na conta de luz com base nas bandeiras tarif\u00e1rias \u00e9 o seguinte: o valor adicional por kWh (conforme a cor da bandeira) \u00e9 multiplicado pelo total de kWh consumido no m\u00eas.<\/span><\/p>\n<p><span style=\"font-weight: 400;\">Esse custo adicional aparece discriminado na fatura como um item separado, geralmente chamado de \u201cbandeira tarif\u00e1ria\u201d.<\/span><\/p>\n<p><span style=\"font-weight: 400;\">Por exemplo, se o consumo foi de 200 kWh no m\u00eas e a bandeira vigente \u00e9 a amarela (R$ 0,01885\/kWh), o valor adicional ser\u00e1:<\/span><\/p>\n<ul>\n<li style=\"font-weight: 400;\" aria-level=\"1\"><span style=\"font-weight: 400;\">200 \u00d7 0,01885 = <\/span><b>R$ 3,77<\/b><\/li>\n<\/ul>\n<h3><strong>Entenda como calcular a conta de luz conforme a bandeira tarif\u00e1ria<\/strong><\/h3>\n<p><span style=\"font-weight: 400;\">Saber calcular o impacto da <\/span><b>bandeira tarif\u00e1ria de energia<\/b><span style=\"font-weight: 400;\"> na conta de luz \u00e9 fundamental para entender de onde vem cada cobran\u00e7a e tomar decis\u00f5es mais conscientes sobre o consumo.\u00a0<\/span><\/p>\n<p><span style=\"font-weight: 400;\">Embora as bandeiras <\/span><b>n\u00e3o alterem a tarifa-base da energia<\/b><span style=\"font-weight: 400;\">, elas adicionam um valor extra por kWh consumido, dependendo da cor vigente no m\u00eas.\u00a0<\/span><\/p>\n<p><span style=\"font-weight: 400;\">Esse valor \u00e9 somado ao final da fatura e pode representar uma diferen\u00e7a consider\u00e1vel, especialmente em per\u00edodos de bandeira vermelha.<\/span><\/p>\n<p><span style=\"font-weight: 400;\">A seguir, veja um passo a passo simples de como calcular esse acr\u00e9scimo com base na bandeira vigente. Os exemplos abaixo consideram um <\/span><b>consumo m\u00e9dio de 300 kWh<\/b><span style=\"font-weight: 400;\"> mensais, mas voc\u00ea pode adaptar os c\u00e1lculos conforme sua realidade.<\/span><\/p>\n<h4><strong>Bandeira verde<\/strong><\/h4>\n<p><span style=\"font-weight: 400;\">Como a bandeira \u00e9 verde, <\/span><b>n\u00e3o h\u00e1 custo adicional por kWh<\/b><span style=\"font-weight: 400;\">. O valor total ser\u00e1 somente o da tarifa-base multiplicada pelos kWh consumidos, ou seja, n\u00e3o h\u00e1 acr\u00e9scimo relacionado \u00e0 bandeira tarif\u00e1ria.<\/span><\/p>\n<h4><strong>Bandeira amarela<\/strong><\/h4>\n<p><span style=\"font-weight: 400;\">Verifique o consumo do m\u00eas (ex: 300 kWh).<\/span><\/p>\n<p><span style=\"font-weight: 400;\">Multiplique o total de kWh consumidos pelo valor da bandeira amarela (R$ 0,01885\/kWh).<\/span><\/p>\n<ul>\n<li style=\"font-weight: 400;\" aria-level=\"1\"><span style=\"font-weight: 400;\">300 \u00d7 0,01885 = <\/span><b>R$ 5,655<\/b><span style=\"font-weight: 400;\">.<\/span><\/li>\n<\/ul>\n<p><span style=\"font-weight: 400;\">Some esse valor \u00e0 tarifa-base para obter o total da conta. Assim, o resultado ser\u00e1 a tarifa-base + R$ 5,655 referentes \u00e0 bandeira amarela.<\/span><\/p>\n<h4><strong>Bandeira vermelha \u2014 patamar 1<\/strong><\/h4>\n<p><span style=\"font-weight: 400;\">Consumo do m\u00eas: 300 kWh.<\/span><\/p>\n<p><span style=\"font-weight: 400;\">Multiplique por R$ 0,0446\/kWh.<\/span><\/p>\n<ul>\n<li style=\"font-weight: 400;\" aria-level=\"1\"><span style=\"font-weight: 400;\">300 \u00d7 0,0446 = <\/span><b>R$ 13,38<\/b><span style=\"font-weight: 400;\">.<\/span><\/li>\n<\/ul>\n<p><span style=\"font-weight: 400;\">Adicione o valor ao total da conta conforme a tarifa-base. Dessa maneira, o resultado ser\u00e1 a tarifa-base + R$ 13,38 referentes \u00e0 bandeira vermelha de patamar 1.<\/span><\/p>\n<h4><strong>Bandeira vermelha \u2014 patamar 2<\/strong><\/h4>\n<p><span style=\"font-weight: 400;\">Consumo do m\u00eas: 300 kWh.<\/span><\/p>\n<p><span style=\"font-weight: 400;\">Multiplique por R$ 0,0787\/kWh.<\/span><\/p>\n<ul>\n<li style=\"font-weight: 400;\" aria-level=\"1\"><span style=\"font-weight: 400;\">300 \u00d7 0,0787 = <\/span><b>R$ 23,61<\/b><span style=\"font-weight: 400;\">.<\/span><\/li>\n<\/ul>\n<p><span style=\"font-weight: 400;\">Adicione esse valor \u00e0 conta final, conforme a tarifa-base da distribuidora, resultando em tarifa-base + R$ 23,61 referentes \u00e0 bandeira vermelha de patamar 2.<\/span><\/p>\n<h2><strong>Como saber minha bandeira tarif\u00e1ria?<\/strong><\/h2>\n<p><span style=\"font-weight: 400;\">A bandeira tarif\u00e1ria vigente pode ser consultada de diferentes formas. Na pr\u00f3pria conta de luz, verifique o campo \u201cBandeira Tarif\u00e1ria\u201d ou \u201cEncargo de bandeira\u201d.\u00a0<\/span><\/p>\n<p><span style=\"font-weight: 400;\">No site da ANEEL tamb\u00e9m \u00e9 poss\u00edvel verificar o valor atualizado mensalmente.<\/span><\/p>\n<p><span style=\"font-weight: 400;\">A concession\u00e1ria de energia da sua regi\u00e3o normalmente divulga em seus sites e aplicativos. Sendo assim, consulte conforme sua localidade:<\/span><\/p>\n<ul>\n<li style=\"font-weight: 400;\" aria-level=\"1\"><span style=\"font-weight: 400;\">Cemig (MG);<\/span><\/li>\n<li style=\"font-weight: 400;\" aria-level=\"1\"><span style=\"font-weight: 400;\">Enel (SP, RJ, CE e GO);<\/span><\/li>\n<li style=\"font-weight: 400;\" aria-level=\"1\"><span style=\"font-weight: 400;\">Light (RJ);<\/span><\/li>\n<li style=\"font-weight: 400;\" aria-level=\"1\"><span style=\"font-weight: 400;\">CPFL (SP, PR, RS, MG);<\/span><\/li>\n<li style=\"font-weight: 400;\" aria-level=\"1\"><span style=\"font-weight: 400;\">Coelba (BA), entre outras.<\/span><\/li>\n<\/ul>\n<h2><strong>8 dicas para reduzir o consumo de energia durante bandeiras vermelhas<\/strong><\/h2>\n<p><span style=\"font-weight: 400;\">Durante os per\u00edodos de bandeira vermelha, o custo da energia el\u00e9trica aumenta significativamente, impactando diretamente o or\u00e7amento dom\u00e9stico e empresarial.\u00a0<\/span><\/p>\n<p><span style=\"font-weight: 400;\">Como vimos, o valor por kWh pode subir consideravelmente \u2014 especialmente no patamar 2 \u2014 e isso torna ainda mais importante adotar h\u00e1bitos conscientes de consumo.<\/span><\/p>\n<p><span style=\"font-weight: 400;\">No entanto, \u00e9 poss\u00edvel adotar pequenas mudan\u00e7as no dia a dia que podem gerar grande economia ao final do m\u00eas. Al\u00e9m de reduzir o valor da conta, essas atitudes ajudam a aliviar a press\u00e3o sobre o sistema el\u00e9trico e contribuem para a sustentabilidade do planeta.\u00a0<\/span><\/p>\n<p><span style=\"font-weight: 400;\">Confira abaixo 8 dicas pr\u00e1ticas e eficazes para reduzir o uso de energia em tempos de tarifa mais cara:<\/span><\/p>\n<ol>\n<li style=\"font-weight: 400;\" aria-level=\"1\"><b>troque l\u00e2mpadas incandescentes por LED<\/b><span style=\"font-weight: 400;\"> \u2014 elas consomem <\/span><a href=\"https:\/\/extra.globo.com\/economia-e-financas\/lampadas-led-geram-economia-de-ate-85-em-relacao-as-incadescentes-entenda-25551472.html\" target=\"_blank\" rel=\"noopener nofollow\"><span style=\"font-weight: 400;\">at\u00e9 85%<\/span><\/a><span style=\"font-weight: 400;\"> menos energia e t\u00eam durabilidade muito maior;<\/span><\/li>\n<li style=\"font-weight: 400;\" aria-level=\"1\"><b>desligue aparelhos da tomada quando n\u00e3o estiverem em uso<\/b><span style=\"font-weight: 400;\"> \u2014 equipamentos em standby continuam gastando energia, mesmo desligados;<\/span><\/li>\n<li style=\"font-weight: 400;\" aria-level=\"1\"><b>evite<\/b> <b>abrir a geladeira com frequ\u00eancia<\/b><span style=\"font-weight: 400;\"> ou por tempo prolongado \u2014 isso for\u00e7a o motor a trabalhar mais e aumenta o consumo desnecess\u00e1rio;<\/span><\/li>\n<li style=\"font-weight: 400;\" aria-level=\"1\"><b>use o chuveiro el\u00e9trico no modo ver\u00e3o sempre que poss\u00edvel <\/b><span style=\"font-weight: 400;\">\u2014 a resist\u00eancia gasta muita energia, al\u00e9m disso, reduza o tempo de banho e evite hor\u00e1rios de pico;<\/span><\/li>\n<li style=\"font-weight: 400;\" aria-level=\"1\"><b>junte roupas para usar a m\u00e1quina de lavar e ferro de passar de uma vez s\u00f3<\/b><span style=\"font-weight: 400;\"> \u2014 evite ligar esses aparelhos v\u00e1rias vezes ao dia para otimizar o gasto;<\/span><\/li>\n<li style=\"font-weight: 400;\" aria-level=\"1\"><b>invista em eletrodom\u00e9sticos com selo Procel de efici\u00eancia energ\u00e9tica<\/b><span style=\"font-weight: 400;\"> \u2014 eles s\u00e3o projetados para consumir menos e render mais ao longo do tempo;<\/span><\/li>\n<li style=\"font-weight: 400;\" aria-level=\"1\"><b>desligue luzes ao sair dos ambientes e aproveite a luz natural <\/b><span style=\"font-weight: 400;\">\u2014 um simples h\u00e1bito que pode fazer muita diferen\u00e7a na sua conta mensal;<\/span><\/li>\n<li style=\"font-weight: 400;\" aria-level=\"1\"><b>considere instalar um sistema de energia solar<\/b><span style=\"font-weight: 400;\"> \u2014 com isso, voc\u00ea escapa dos aumentos das bandeiras e ganha autonomia energ\u00e9tica.<\/span><\/li>\n<\/ol>\n<h2><strong>Quem tem energia solar paga bandeira tarif\u00e1ria?<\/strong><\/h2>\n<p><span style=\"font-weight: 400;\">Quem tem um <\/span><a href=\"https:\/\/www.aldo.com.br\/blog\/economia-e-sustentabilidade\/\" target=\"_blank\" rel=\"noopener\"><span style=\"font-weight: 400;\">sistema de energia solar<\/span><\/a><span style=\"font-weight: 400;\"> conectado \u00e0 rede (sistema on-grid) pode, sim, ter a incid\u00eancia de bandeiras tarif\u00e1rias. Mas isso <\/span><b>apenas sobre a parcela de energia consumida da distribuidora<\/b><span style=\"font-weight: 400;\">, e n\u00e3o sobre a energia compensada com cr\u00e9ditos solares.<\/span><\/p>\n<p><span style=\"font-weight: 400;\">Assim sendo, quanto mais energia sua casa ou empresa gera e consome diretamente da fonte solar, menos voc\u00ea paga de tarifas extras.<\/span><\/p>\n<p><span style=\"font-weight: 400;\">Al\u00e9m disso, h\u00e1 uma proposta de lei (<\/span><a href=\"https:\/\/www.camara.leg.br\/proposicoesWeb\/fichadetramitacao?idProposicao=2319801\" target=\"_blank\" rel=\"noopener nofollow\"><span style=\"font-weight: 400;\">PL 918\/2022<\/span><\/a><span style=\"font-weight: 400;\">) que visa <\/span><b>isentar quem gera sua pr\u00f3pria energia das bandeiras tarif\u00e1rias<\/b><span style=\"font-weight: 400;\">. O projeto refor\u00e7a o incentivo \u00e0 micro e minigera\u00e7\u00e3o distribu\u00edda no Brasil e pode beneficiar ainda mais quem j\u00e1 investe em solu\u00e7\u00f5es sustent\u00e1veis.<\/span><\/p>\n<h2><strong>Redu\u00e7\u00e3o da conta de luz \u00e9 com Aldo Solar<\/strong><\/h2>\n<p><span style=\"font-weight: 400;\">Se voc\u00ea quer ajudar seus clientes a se protegerem das varia\u00e7\u00f5es das bandeiras tarif\u00e1rias e ainda economizar significativamente na conta de luz, a dica para eles deve ser <\/span><a href=\"https:\/\/www.aldo.com.br\/blog\/saiba-quanto-custa-a-energia-solar-e-suas-vantagens\/\" target=\"_blank\" rel=\"noopener\"><span style=\"font-weight: 400;\">instalar um sistema de energia solar<\/span><\/a><span style=\"font-weight: 400;\">.<\/span><\/p>\n<p><span style=\"font-weight: 400;\">A Aldo oferece solu\u00e7\u00f5es completas para gera\u00e7\u00e3o fotovoltaica residencial, comercial e rural \u2014 com kits solares sob medida, alta tecnologia, suporte especializado e as melhores marcas do mercado para voc\u00ea prestar um servi\u00e7o inquestion\u00e1vel.<\/span><\/p>\n<p><span style=\"font-weight: 400;\">Com a energia solar, \u00e9 poss\u00edvel <\/span><a href=\"https:\/\/www.uol.com.br\/tilt\/faq\/vale-a-pena-colocar-energia-solar-na-sua-casa-entenda-e-tire-suas-duvidas.htm\" target=\"_blank\" rel=\"noopener nofollow\"><span style=\"font-weight: 400;\">reduzir at\u00e9 95% da conta de luz<\/span><\/a><span style=\"font-weight: 400;\">, ganhar previsibilidade nos gastos, valorizar o im\u00f3vel, contribuir com o meio ambiente e escapar das oscila\u00e7\u00f5es das bandeiras tarif\u00e1rias.<\/span><\/p>\n<p><span style=\"font-weight: 400;\">Fa\u00e7a parte dessa revolu\u00e7\u00e3o energ\u00e9tica! Conhe\u00e7a as solu\u00e7\u00f5es em energia solar da <\/span><a href=\"https:\/\/www.aldo.com.br\/\" target=\"_blank\" rel=\"noopener\"><span style=\"font-weight: 400;\">Aldo Solar<\/span><\/a><span style=\"font-weight: 400;\">.<\/span><\/p>\n","protected":false},"excerpt":{"rendered":"<p>Apesar do fim da bandeira escassez h\u00eddrica, os reajustes nas bandeiras tarif\u00e1rias para 2022 j\u00e1 est\u00e3o chegando! Entenda os reajustes  e prepare-se para o aumento de at\u00e9 57%.<\/p>\n","protected":false},"author":5,"featured_media":11706,"comment_status":"open","ping_status":"open","sticky":false,"template":"","format":"standard","meta":{"_glsr_average":0,"_glsr_ranking":0,"_glsr_reviews":0,"footnotes":""},"categories":[31],"tags":[71,1875,1877,1876,1327,1785,304,1878,1874],"class_list":["post-11703","post","type-post","status-publish","format-standard","has-post-thumbnail","hentry","category-energia-solar","tag-aneel","tag-bandeira-amarela","tag-bandeira-escassez-hidrica","tag-bandeira-verde","tag-bandeira-vermelha","tag-chuvas","tag-conta-de-luz","tag-reajuste","tag-reajustes-nas-bandeiras-tarifarias"],"_links":{"self":[{"href":"https:\/\/www.aldo.com.br\/blog\/wp-json\/wp\/v2\/posts\/11703","targetHints":{"allow":["GET"]}}],"collection":[{"href":"https:\/\/www.aldo.com.br\/blog\/wp-json\/wp\/v2\/posts"}],"about":[{"href":"https:\/\/www.aldo.com.br\/blog\/wp-json\/wp\/v2\/types\/post"}],"author":[{"embeddable":true,"href":"https:\/\/www.aldo.com.br\/blog\/wp-json\/wp\/v2\/users\/5"}],"replies":[{"embeddable":true,"href":"https:\/\/www.aldo.com.br\/blog\/wp-json\/wp\/v2\/comments?post=11703"}],"version-history":[{"count":6,"href":"https:\/\/www.aldo.com.br\/blog\/wp-json\/wp\/v2\/posts\/11703\/revisions"}],"predecessor-version":[{"id":15082,"href":"https:\/\/www.aldo.com.br\/blog\/wp-json\/wp\/v2\/posts\/11703\/revisions\/15082"}],"wp:featuredmedia":[{"embeddable":true,"href":"https:\/\/www.aldo.com.br\/blog\/wp-json\/wp\/v2\/media\/11706"}],"wp:attachment":[{"href":"https:\/\/www.aldo.com.br\/blog\/wp-json\/wp\/v2\/media?parent=11703"}],"wp:term":[{"taxonomy":"category","embeddable":true,"href":"https:\/\/www.aldo.com.br\/blog\/wp-json\/wp\/v2\/categories?post=11703"},{"taxonomy":"post_tag","embeddable":true,"href":"https:\/\/www.aldo.com.br\/blog\/wp-json\/wp\/v2\/tags?post=11703"}],"curies":[{"name":"wp","href":"https:\/\/api.w.org\/{rel}","templated":true}]}}