{"id":11147,"date":"2022-01-05T08:36:44","date_gmt":"2022-01-05T11:36:44","guid":{"rendered":"https:\/\/www.aldo.com.br\/blog\/?p=11147"},"modified":"2022-01-05T08:36:44","modified_gmt":"2022-01-05T11:36:44","slug":"solar-e-eolica-em-expansao","status":"publish","type":"post","link":"https:\/\/www.aldo.com.br\/blog\/solar-e-eolica-em-expansao","title":{"rendered":"Fontes solar e e\u00f3lica em expans\u00e3o em 2022"},"content":{"rendered":"<p>As <a href=\"https:\/\/www.absolar.org.br\/noticia\/no-brasil-30-da-capacidade-instalada-operacional-das-fontes-renovaveis-solar-e-eolica-e-representada-por-mercado-livre\/\" rel=\"nofollow noopener\" target=\"_blank\"><strong>fontes renov\u00e1veis<\/strong><\/a>, como a solar e e\u00f3lica em expans\u00e3o desde j\u00e1, prometem responder por mais da metade da carga de energia esperada para a opera\u00e7\u00e3o do sistema el\u00e9trico brasileiro no pr\u00f3ximo ano. Isso coloca as fontes <strong>solar e e\u00f3lica em expans\u00e3o<\/strong> em 2022.<\/p>\n<p>E, com o aumento dessas matrizes, h\u00e1 uma expectativa de mais seguran\u00e7a e que os riscos de apag\u00f5es e racionamentos se distanciem do nosso cen\u00e1rio.<\/p>\n<p>Al\u00e9m disso, essas fontes limpas tendem a contribuir com a redu\u00e7\u00e3o do custo da energia, somando-se os projetos ESG que beneficiam os neg\u00f3cios do setor.<\/p>\n<h3><a href=\"https:\/\/www.aldo.com.br\/blog\/esg-na-energia-solar\/\" target=\"_blank\" rel=\"noopener\">&gt; Saiba tamb\u00e9m: Saiba mais sobre o conceito ESG na energia solar<\/a><\/h3>\n<h2><strong>Proje\u00e7\u00f5es da ANEEL para a energia solar e e\u00f3lica em expans\u00e3o<\/strong><\/h2>\n<p>A <a href=\"https:\/\/www.aneel.gov.br\/a-aneel\" target=\"_blank\" rel=\"noopener nofollow\"><strong>ANEEL<\/strong> <\/a>fez uma proje\u00e7\u00e3o que demonstra o ritmo de expans\u00e3o das <a href=\"https:\/\/www.aldo.com.br\/blog\/saiba-tudo-sobre-as-fontes-de-energia-renovaveis\/\"><strong>usinas e\u00f3licas<\/strong><\/a> no Brasil. Segundo a entidade, esse ritmo deve aumentar do atual patamar de 20,5 GW para 26,4 GW de capacidade instalada, em 2022. Por isso, pelo menos US$ 35,8 bilh\u00f5es j\u00e1 foram investidos com o intuito de melhorar a capacidade da matriz no pa\u00eds, na \u00faltima d\u00e9cada.<\/p>\n<h2><strong>Bilh\u00f5es para amplia\u00e7\u00e3o<\/strong><\/h2>\n<p>Agora pensando em 2022, a energia solar dever\u00e1 expandir de 3,1 GW para 15,6 GW. E, de acordo com dados da ANEEL, atualmente, esse setor responde por 12,5 GW. Ent\u00e3o, para que essa <a href=\"https:\/\/www.aldo.com.br\/blog\/transicao-energetica\/\"><strong>matriz energ\u00e9tica<\/strong><\/a> amplie, a ag\u00eancia avalia que aproximadamente R$ 62 bilh\u00f5es j\u00e1 foram injetados nos \u00faltimos nove anos.<\/p>\n<p>Ainda, segundo a ANEEL, ambas as fontes solar e e\u00f3lica em expans\u00e3o devem continuar crescendo e liderando os neg\u00f3cios de gera\u00e7\u00e3o de energia, especialmente no mercado livre. E, aqui, as empresas produtoras, comercializadoras e consumidoras s\u00e3o livres para negociar o fornecimento de eletricidade.<\/p>\n<h3><strong>&gt; Leia tamb\u00e9m: <\/strong><a href=\"https:\/\/www.aldo.com.br\/blog\/expectativas-para-o-mercado-de-energia-solar\/\"><strong>Expectativas para o mercado de energia solar em 2022 segundo a Aldo Solar<\/strong><\/a><\/h3>\n<h2><strong>Solar e e\u00f3lica em expans\u00e3o durante a crise h\u00eddrica<\/strong><\/h2>\n<p>Durante a pior crise de energia j\u00e1 registrada em 91 anos no Brasil, as fontes solar e e\u00f3lica em expans\u00e3o se destacaram pela sua relev\u00e2ncia. Enquanto isso, a atua\u00e7\u00e3o das hidrel\u00e9tricas foi enormemente afetada pela diminui\u00e7\u00e3o dr\u00e1stica das chuvas no pa\u00eds.<\/p>\n<p>Atualmente, s\u00f3 no m\u00eas de setembro, houve um registro de apenas 16% do volume total das usinas do Sudeste\/Centro-Oeste. Em compensa\u00e7\u00e3o, no mesmo m\u00eas, foi constatado o melhor \u00edndice de gera\u00e7\u00e3o e\u00f3lica para o setor no pa\u00eds em 2021: 10 MW.<\/p>\n<h2><strong>O consumo tende a aumentar<\/strong><\/h2>\n<p>Para os pr\u00f3ximos anos, \u00e9 previsto um aumento no consumo de energia. E isso se deve ao crescimento da popula\u00e7\u00e3o e do incremento tecnol\u00f3gico, principalmente em se tratando de demanda de ve\u00edculos el\u00e9tricos. Ent\u00e3o, a ideia de ampliar as fontes de energia dispon\u00edveis no pa\u00eds \u00e9 fundamental, sendo a energia solar uma alternativa ideal.<\/p>\n<h3><strong>&gt; Leia tamb\u00e9m: <\/strong><a href=\"https:\/\/www.aldo.com.br\/blog\/24-da-matriz-energetica-do-pais\/\"><strong>Energia solar corresponde a 2,4% da matriz energ\u00e9tica do pa\u00eds<\/strong><\/a><\/h3>\n<h3><strong>Representatividade das fontes de energia solar e e\u00f3lica em expans\u00e3o<\/strong><\/h3>\n<p>Hoje, a fonte solar e e\u00f3lica, juntas, representam somente 13,6% da matriz energ\u00e9tica do Brasil. Enquanto isso, as usinas hidrel\u00e9tricas produzem 57,1% da energia do pa\u00eds todo, mas dependem das chuvas para dar conta desse abastecimento.<\/p>\n<p>A princ\u00edpio, no Brasil existe uma capacidade de gera\u00e7\u00e3o de energia total de 180,6 GW. Quando pensamos em valores absolutos as <a href=\"https:\/\/www.aldo.com.br\/blog\/em-dez-anos-hidreletricas-perderao-espaco-na-geracao-de-energia-para-solar-e-eolica\/\"><strong>hidrel\u00e9tricas<\/strong><\/a> apresentam 103 GW e as e\u00f3licas 20,1 GW. Na sequ\u00eancia, temos o G\u00e1s Natural e a biomassa com 16,3 GW e 15,5 GW.<\/p>\n<p>Ent\u00e3o, mesmo que as hidrel\u00e9tricas se mantenham na lideran\u00e7a, j\u00e1 \u00e9 not\u00e1vel que n\u00e3o \u00e9 a op\u00e7\u00e3o mais sustent\u00e1vel ao longo prazo. Com essa capacidade de produ\u00e7\u00e3o, podemos contar com a energia solar e e\u00f3lica em expans\u00e3o para 2022 em diante. Vamos falar das expectativas para esse crescimento logo abaixo.<\/p>\n<h2><strong>Crescimento da energia e\u00f3lica<\/strong><\/h2>\n<p>Em 2018, com o crescimento do mercado livre, come\u00e7amos a contratar cerca de 4 GW de energia e\u00f3lica por ano, segundo Elbia Gannoum, presidente executiva da ABee\u00f3lica. De acordo com a executiva, em dez anos foram adicionados 20 GW e, agora, a curva de crescimento ser\u00e1 mais alta. Portanto, ser\u00e3o mais 10 GW em mais tr\u00eas anos.<\/p>\n<p>Al\u00e9m disso, a relev\u00e2ncia da fonte e\u00f3lica ficou demonstrada pela ajuda prestada no momento de garantir o funcionamento do sistema el\u00e9trico brasileiro em decorr\u00eancia da <a href=\"https:\/\/www.aldo.com.br\/blog\/crise-energetica-energia-solar\/\"><strong>crise h\u00eddrica<\/strong><\/a>.<\/p>\n<h2><strong>Recordes batidos <\/strong><\/h2>\n<p>A safra dos ventos bateu recordes de gera\u00e7\u00e3o e\u00f3lica e ultrapassou os 11 mil MW m\u00e9dio ou instant\u00e2neo. Conv\u00e9m esclarecer, ainda, que \u201csafra dos ventos\u201d \u00e9 o nome atribu\u00eddo ao per\u00edodo do ano em que os ventos sopram mais forte no Nordeste.<\/p>\n<p>Em 2021, o recorde batido pela fonte e\u00f3lica foi relativo \u00e0 instala\u00e7\u00e3o, que ultrapassou 3 GW, sendo a m\u00e9dia de 2,5 GW. Trata-se de um desempenho associado \u00e0 mudan\u00e7a de patamar m\u00e9dio de contrata\u00e7\u00e3o que a fonte e\u00f3lica apresentava at\u00e9 2017.<\/p>\n<h2><strong>Setor solar cresce 50% em um ano<\/strong><\/h2>\n<p>Os n\u00fameros do setor fecharam em aproximadamente 12,5 GW de capacidade instalada. Trata-se de um crescimento de 50% relativo a todo o hist\u00f3rico de segmento no pa\u00eds em um \u00fanico ano. Essa pot\u00eancia apresenta cerca de 62% em <a href=\"https:\/\/www.aldo.com.br\/blog\/entenda-os-beneficios-da-geracao-distribuida-solar-no-brasil\/\"><strong>gera\u00e7\u00e3o distribu\u00edda<\/strong><\/a> e 38% em usinas de grande porte, segundo o presidente a<a href=\"https:\/\/www.absolar.org.br\/quem-somos\/\" target=\"_blank\" rel=\"noopener nofollow\"><strong> ABSOLAR,<\/strong><\/a> Rodrigo Sauaia.<\/p>\n<p>Sauaia declara que esse \u00e9 o segundo ano em que sistemas de pequeno e m\u00e9dio porte superam usinas de grande porte em mercado. O Brasil, ent\u00e3o, avan\u00e7a mais rapidamente nos investimentos feitos pela popula\u00e7\u00e3o que o governo federal em contrata\u00e7\u00f5es.<\/p>\n<h3><strong>&gt; Leia tamb\u00e9m: <\/strong><a href=\"https:\/\/www.aldo.com.br\/blog\/entenda-os-beneficios-da-geracao-distribuida-solar-no-brasil\/\"><strong>Entenda os benef\u00edcios da gera\u00e7\u00e3o distribu\u00edda solar no Brasil<\/strong><\/a><\/h3>\n<h2><strong>Aprova\u00e7\u00e3o do PL 5829\/2019<\/strong><\/h2>\n<p>A aprova\u00e7\u00e3o do <a href=\"https:\/\/www.aldo.com.br\/blog\/pl-5829-foi-aprovado-na-camara\/\"><strong>PL 5829\/2019<\/strong><\/a> criou o Marco Legal para a gera\u00e7\u00e3o pr\u00f3pria de energia. Agora, o ritmo de crescimento tende a aumentar em raz\u00e3o da seguran\u00e7a jur\u00eddica estabelecida pela lei.<\/p>\n<p>Hoje, a gera\u00e7\u00e3o distribu\u00edda apresenta 8,1 GW de capacidade. Assim, a meta da Associa\u00e7\u00e3o Brasileira de Gera\u00e7\u00e3o Distribu\u00edda \u00e9 chegar a mais 7 GW em 2022. Vale lembrar que o Brasil conta com 678 mil sistemas de gera\u00e7\u00e3o pr\u00f3pria conectados \u00e0 rede, com expectativa de chegar a 1 milh\u00e3o de consumidores em 2022.<\/p>\n<p>Assim, a chance de continuar a observar a energia solar e e\u00f3lica em expans\u00e3o \u00e9 alta. Tudo indica um aumento do interesse por essas energias renov\u00e1veis, e mais facilidade de acesso a elas.<\/p>\n<h2><strong>Poss\u00edveis entraves para a energia solar e e\u00f3lica em expans\u00e3o<\/strong><\/h2>\n<p>Apesar de tantas previs\u00f5es otimistas, alguns entraves ainda amea\u00e7am os dois segmentos de energias renov\u00e1veis: <strong>solar e e\u00f3lica em expans\u00e3o<\/strong>. Estamos falando da desarticula\u00e7\u00e3o das cadeias produtivas, da incerteza econ\u00f4mica e da desvaloriza\u00e7\u00e3o cambial.<\/p>\n<h3><strong>&gt; Leia tamb\u00e9m: <\/strong><a href=\"https:\/\/www.aldo.com.br\/blog\/expansao-da-jinko-solar\/\"><strong>Desafios da energia solar e planos de expans\u00e3o da Jinko Solar<\/strong><\/a><\/h3>\n<p>S\u00f3 o setor e\u00f3lico apresenta cerca de 80% de sua produ\u00e7\u00e3o nacionalizada e, com isso, sente menor impacto. Contudo, o setor solar merece aten\u00e7\u00e3o especial. Isso porque enquanto a demanda por equipamentos aumenta, lidamos com a crise de cont\u00eaineres, a alta do d\u00f3lar e a infla\u00e7\u00e3o mundial.<\/p>\n<p>Tudo isso cria um caos nas redes de suprimentos. Mas, apesar disso, h\u00e1 uma esperan\u00e7a de que, com a escalada da tarifa de energia, continue aumentando a procura pela energia solar descentralizada no pa\u00eds.<\/p>\n<p>Rodrigo Sauiaia, da ABSOLAR, diz que \u201co setor est\u00e1 atento a estes pontos. C\u00e2mbio, log\u00edstica e demanda global crescente por energia solar s\u00e3o fatores de press\u00e3o presentes em nosso radar. No entanto, eles ser\u00e3o compensados pela tarifa dos consumidores, com previs\u00e3o de aumento de 21% em 2022. Isso ajudar\u00e1 a equilibrar os pratos da balan\u00e7a\u201d. E, assim poderemos contar com a continuidade das fontes <strong>solar e e\u00f3lica em expans\u00e3o<\/strong>.<\/p>\n<h2><strong>A for\u00e7a que vem do sol<\/strong><\/h2>\n<p>Por fim, conhe\u00e7a mais sobre energia solar e comece agora mesmo a tra\u00e7ar o seu plano de a\u00e7\u00e3o para aderir a essa fonte renov\u00e1vel. Por isso, acesse o\u00a0<a href=\"https:\/\/www.aldo.com.br\/\"><strong>site da Aldo Solar<\/strong><\/a>\u00a0e confira os produtos.<\/p>\n<p>Caso prefira, entre em contato com\u00a0<a href=\"https:\/\/www.aldo.com.br\/institucional\/faleconosco\"><strong>nossa equipe de vendas<\/strong><\/a>. Se for consumidor final, acesse a\u00a0<a href=\"https:\/\/calculadorasolar.aldo.com.br\/\" rel=\"nofollow noopener\" target=\"_blank\"><strong>CALCULADORA ALDO SOLAR<\/strong><\/a>, fa\u00e7a uma simula\u00e7\u00e3o do produto e\u00a0<a href=\"https:\/\/www.aldo.com.br\/blog\/agenda-visitas-tecnicas-e-simula-financiamento\/\"><strong>agende uma visita t\u00e9cnica<\/strong><\/a>\u00a0que um revendedor da Aldo ir\u00e1 atend\u00ea-lo.<\/p>\n<p><a href=\"https:\/\/calculadorasolar.aldo.com.br\/\" rel=\"nofollow noopener\" target=\"_blank\"><img fetchpriority=\"high\" decoding=\"async\" class=\"alignnone wp-image-10827 size-full\" src=\"http:\/\/www.aldo.com.br\/blog\/wp-content\/uploads\/2021\/11\/Guga-Calculadora-Solar.jpg\" alt=\"solar e e\u00f3lica em expans\u00e3o\" width=\"1170\" height=\"281\" title=\"\" srcset=\"https:\/\/www.aldo.com.br\/blog\/wp-content\/uploads\/2021\/11\/Guga-Calculadora-Solar.jpg 1170w, https:\/\/www.aldo.com.br\/blog\/wp-content\/uploads\/2021\/11\/Guga-Calculadora-Solar-300x72.jpg 300w, https:\/\/www.aldo.com.br\/blog\/wp-content\/uploads\/2021\/11\/Guga-Calculadora-Solar-1024x246.jpg 1024w, https:\/\/www.aldo.com.br\/blog\/wp-content\/uploads\/2021\/11\/Guga-Calculadora-Solar-768x184.jpg 768w, https:\/\/www.aldo.com.br\/blog\/wp-content\/uploads\/2021\/11\/Guga-Calculadora-Solar-585x141.jpg 585w\" sizes=\"(max-width: 1170px) 100vw, 1170px\" \/><\/a><\/p>\n<h2><a href=\"https:\/\/www.aldo.com.br\/blog\/saiba-os-detalhes-de-como-se-tornar-uma-revenda-aldo\/\"><strong>&gt; Leia tamb\u00e9m: Como se tornar uma revenda Aldo Solar!<\/strong><\/a><\/h2>\n","protected":false},"excerpt":{"rendered":"<p>Saiba por que as fontes renov\u00e1veis de energia solar e e\u00f3lica est\u00e3o em expans\u00e3o e tendem a responder por mais da metade da carga de energia estimada para operar o sistema el\u00e9trico brasileiro em 2022.<\/p>\n","protected":false},"author":4,"featured_media":11150,"comment_status":"open","ping_status":"open","sticky":false,"template":"","format":"standard","meta":{"_glsr_average":0,"_glsr_ranking":0,"_glsr_reviews":0,"footnotes":""},"categories":[31],"tags":[1327,304,89,1417,281,37,1347,1499,1618,207],"class_list":["post-11147","post","type-post","status-publish","format-standard","has-post-thumbnail","hentry","category-energia-solar","tag-bandeira-vermelha","tag-conta-de-luz","tag-crescimento","tag-crise-hidrica","tag-energia-eolica","tag-energia-solar","tag-expansao","tag-marco-legal","tag-pl-5829","tag-setor-solar"],"_links":{"self":[{"href":"https:\/\/www.aldo.com.br\/blog\/wp-json\/wp\/v2\/posts\/11147","targetHints":{"allow":["GET"]}}],"collection":[{"href":"https:\/\/www.aldo.com.br\/blog\/wp-json\/wp\/v2\/posts"}],"about":[{"href":"https:\/\/www.aldo.com.br\/blog\/wp-json\/wp\/v2\/types\/post"}],"author":[{"embeddable":true,"href":"https:\/\/www.aldo.com.br\/blog\/wp-json\/wp\/v2\/users\/4"}],"replies":[{"embeddable":true,"href":"https:\/\/www.aldo.com.br\/blog\/wp-json\/wp\/v2\/comments?post=11147"}],"version-history":[{"count":3,"href":"https:\/\/www.aldo.com.br\/blog\/wp-json\/wp\/v2\/posts\/11147\/revisions"}],"predecessor-version":[{"id":11151,"href":"https:\/\/www.aldo.com.br\/blog\/wp-json\/wp\/v2\/posts\/11147\/revisions\/11151"}],"wp:featuredmedia":[{"embeddable":true,"href":"https:\/\/www.aldo.com.br\/blog\/wp-json\/wp\/v2\/media\/11150"}],"wp:attachment":[{"href":"https:\/\/www.aldo.com.br\/blog\/wp-json\/wp\/v2\/media?parent=11147"}],"wp:term":[{"taxonomy":"category","embeddable":true,"href":"https:\/\/www.aldo.com.br\/blog\/wp-json\/wp\/v2\/categories?post=11147"},{"taxonomy":"post_tag","embeddable":true,"href":"https:\/\/www.aldo.com.br\/blog\/wp-json\/wp\/v2\/tags?post=11147"}],"curies":[{"name":"wp","href":"https:\/\/api.w.org\/{rel}","templated":true}]}}