{"id":10952,"date":"2021-11-22T13:22:44","date_gmt":"2021-11-22T16:22:44","guid":{"rendered":"https:\/\/www.aldo.com.br\/blog\/?p=10952"},"modified":"2023-01-12T11:45:18","modified_gmt":"2023-01-12T14:45:18","slug":"intel-ultratop-nuc","status":"publish","type":"post","link":"https:\/\/www.aldo.com.br\/blog\/intel-ultratop-nuc","title":{"rendered":"Intel Ultratop NUC em troca do computador antigo \u2013 saiba como!"},"content":{"rendered":"<p>J\u00e1 pensou em ter um <strong>Intel Ultratop NUC<\/strong> em troca do seu computador antigo? Neste ano, a nossa campanha Go Green PC est\u00e1 com um especial de Natal. A ideia \u00e9 que voc\u00ea possa trocar seu computador por uma m\u00e1quina de melhor desempenho sem deixar de lado a sustentabilidade.<\/p>\n<p>Agora, entenda aqui como funciona a campanha e at\u00e9 quando voc\u00ea pode fazer a troca com mais vantagens. Fique atento \u00e0s datas para ter <strong>vantagem em dobro<\/strong>!<\/p>\n<h2><strong>Sobre o Intel Ultratop NUC<\/strong><\/h2>\n<p>Acima de tudo, o Intel Ultratop NUC \u00e9 um computador de desempenho excelente para quem est\u00e1 pensando em trocar de m\u00e1quina. A linha NUC da <a href=\"https:\/\/www.intel.com.br\/content\/www\/br\/pt\/homepage.html\" rel=\"nofollow noopener\" target=\"_blank\"><strong>Intel<\/strong><\/a> \u00e9 conhecida por seu tamanho mini que entrega uma qualidade digna de gigantes!<\/p>\n<p>Os NUCs s\u00e3o equipamentos altamente tecnol\u00f3gicos, compactos e sustent\u00e1veis, em linha com os novos anseios dos consumidores no \u201cnovo normal\u201d. \u00c0 primeira vista j\u00e1 \u00e9 poss\u00edvel notar que \u00e9 um \u00f3timo equipamento para trabalho e entretenimento.<\/p>\n<h2>Parceria Aldo e Intel<\/h2>\n<p>\u201cA Aldo \u00e9 um dos maiores distribuidores de produtos de TI do Brasil. A chegada dos Mini PCs Intel\u00ae NUC vem para firmar ainda mais o comprometimento da Intel em atender o p\u00fablico local. O objetivo \u00e9 oferecer o que h\u00e1 de mais recente no mundo da tecnologia para os consumidores, parceiros e todo o mercado brasileiro\u201d. S\u00e3o esses as palavras do Diretor de Canais, Distribui\u00e7\u00e3o e Alian\u00e7as da Intel Brasil, Am\u00e9rico Tom\u00e9.<\/p>\n<h2><strong>Configura\u00e7\u00f5es do Mini PC Intel NUC<\/strong><\/h2>\n<p>Os modelos v\u00eam equipados com os processadores Intel\u00ae Celeron Dual-Core e processadores da Intel\u00ae Core\u2122 i3, Intel\u00ae Core\u2122 i5 e Intel\u00ae Core\u2122 i7 da 10\u00aa gera\u00e7\u00e3o. Al\u00e9m disso, saem da caixa j\u00e1 com o sistema operacional instalado. Dessa forma, as op\u00e7\u00f5es s\u00e3o: Windows Professional, Windows Home e Linux sendo uma op\u00e7\u00e3o confi\u00e1vel e acess\u00edvel para uso de software legal.<\/p>\n<p>Tamb\u00e9m s\u00e3o equipados com Wi-Fi 6, que \u00e9 a sexta gera\u00e7\u00e3o da tecnologia de redes wireless. Essa tecnologia sem fio promove ganhos de performance e efici\u00eancia al\u00e9m de garantir a transmiss\u00e3o e recep\u00e7\u00e3o de dados em alta velocidade. Os receptores tamb\u00e9m contam com a tecnologia MU-MIMO que proporciona maiores taxas de transmiss\u00e3o da rede sem fio.<\/p>\n<h2>Intel Ultratop NUC: mais performance e produtividade<\/h2>\n<p>Vale a pena ressaltar que os Mini PCs Intel\u00ae NUC v\u00eam com portas HDMI, USB de carregamento r\u00e1pido. Tamb\u00e9m contam com conex\u00e3o de rede e Bluetooth integrado, para conectar perif\u00e9ricos sem fio.<\/p>\n<p>Por fim, mas n\u00e3o menos importante,\u00a0<strong>o<\/strong>s\u00a0Mini PCs Intel\u00ae NUC possuem garantia de tr\u00eas anos\u00a0e o suporte ao cliente de classe mundial da Intel.<\/p>\n<p>Em conclus\u00e3o, temos no Intel Ultratop NUC uma op\u00e7\u00e3o excelente para quem busca mais performance e produtividade. A m\u00e1quina \u00e9 econ\u00f4mica, e seu design port\u00e1til \u00e9 \u00f3timo para compor mesmo as mesas de trabalho mais enxutas.<\/p>\n<p>Os modelos do Intel Ultratop NUC vem configurados com processador potente, acompanham mem\u00f3ria r\u00e1pida e armazenamento sem igual.<\/p>\n<h3>&gt; <a href=\"https:\/\/www.aldo.com.br\/categoria\/informatica\/produtos\/computador-e-nuc\"><strong>Confira em nosso site as vers\u00f5es core i3, i5 e i7 e n\u00e3o deixe de aproveitar essa oportunidade!<\/strong><\/a><\/h3>\n<h3><strong>Como adquirir seu Intel Ultratop NUC com vantagens<\/strong><\/h3>\n<p>Depois que conferimos a qualidade dos modelos NUC, voc\u00ea deve estar se perguntando <strong>qual o melhor caminho para adquirir o seu<\/strong>. A Aldo \u00e9 parceira da Intel h\u00e1 quase 20 anos, e temos boas not\u00edcias para voc\u00ea que decidiu pelo Intel Ultratop NUC. Com a campanha Go Green PC, voc\u00ea d\u00e1 o destino mais sustent\u00e1vel para seu computador antigo e ganha desconto para seu Intel.<\/p>\n<p>Agora que voc\u00ea conhece todos os detalhes da m\u00e1quina, confira abaixo como funciona a campanha Go Green PC. Atente-se \u00e0s vantagens exclusivas para o per\u00edodo de Natal, que traz ainda <strong>mais economia para adquirir seu NUC!<\/strong><\/p>\n<h2><strong>A campanha Go Green PC<\/strong><\/h2>\n<p>Desde 2013, com a aprova\u00e7\u00e3o da PNRS \u2013 Pol\u00edtica\u00a0Nacional de Res\u00edduos S\u00f3lidos, fabricantes e distribuidores passaram\u00a0a ter grande compromisso com a destina\u00e7\u00e3o correta do res\u00edduo oriundo de sua opera\u00e7\u00e3o, no nosso caso, o <strong>lixo eletr\u00f4nico.<\/strong><\/p>\n<p>Conforme o compromisso da Aldo com a sustentabilidade, j\u00e1 em 2012 lan\u00e7amos o projeto <a href=\"https:\/\/www.aldo.com.br\/portais\/aldo-crazy-recicla\"><strong>Aldo Crazy Recicla<\/strong><\/a> Trata-se de uma iniciativa para organizar e promover o descarte correto do lixo eletr\u00f4nico proveniente das opera\u00e7\u00f5es que realiza. Assim, qualquer cliente da ALDO, pode, a qualquer tempo, fazer uso da pol\u00edtica reversa. E a campanha Go Green PC est\u00e1 acontecendo na Aldo numa parceria Aldo, Intel e Microsoft.<\/p>\n<p>Assim, foi realizada uma parceria com a empresa Recicla Eletr\u00f4nicos, de Curitiba \u2013 PR, que \u00e9 respons\u00e1vel pelo recebimento, segrega\u00e7\u00e3o e devolu\u00e7\u00e3o de todos os res\u00edduos \u00e0s ind\u00fastrias de base. Dessa forma, HDDs tamb\u00e9m recebem <strong>descarte correto<\/strong> deixando consumidores mais seguros com rela\u00e7\u00e3o \u00e0s suas informa\u00e7\u00f5es. Os fabricantes que s\u00e3o parceiros da Aldo podem se beneficiar deste projeto realizando campanhas para recolhimento de lixo eletr\u00f4nico oriundo do descarte de seus produtos.<\/p>\n<h3>&gt; Para saber mais do projeto assista o\u00a0<a href=\"https:\/\/www.youtube.com\/watch?v=grS1_ucY-78\" rel=\"nofollow noopener\" target=\"_blank\"><strong>v\u00eddeo<\/strong>.<\/a><\/h3>\n<p>Enfim, a Go Green PC \u00e9 um convite da Aldo e Intel para que o canal de distribui\u00e7\u00e3o de TI seja comunicado de um TRADE IN que realizaremos: substituindo componentes ultrapassados e usados por outros que sejam mais eficientes, tenham mais desempenho, ofere\u00e7am melhor rela\u00e7\u00e3o custo x benef\u00edcio e tenham mais efici\u00eancia energ\u00e9tica.<\/p>\n<h2><strong>Natal em dobro \u2013 aproveite o voucher duplo!<\/strong><\/h2>\n<p>At\u00e9 o dia <strong>23 de dezembro<\/strong>, participar da campanha Go Green \u00e9 garantia de receber <strong>dois vouchers de R$ 100,00<\/strong> para a compra do seu Intel Ultratop NUC!<\/p>\n<p>Ou seja, voc\u00ea faz o descarte correto do lixo eletr\u00f4nico e ainda pode substituir seu computador antigo com <strong>desconto de R$ 200,00<\/strong>. \u00c9 o melhor jeito de dar um upgrade nos seus neg\u00f3cios de um modo sustent\u00e1vel.<\/p>\n<p>Assim, se voc\u00ea gostou do Intel Ultratop NUC, essa \u00e9 a hora de ter o seu. Tudo com a vantagem de deixar de sofrer com o computador antigo, e ainda saber que deu o destino ideal para ele. <strong>\u00c9 um Natal com menos lixo eletr\u00f4nico e mais performance! <\/strong>Ent\u00e3o, que tal participar da Go Green com Natal em Dobro? \u00c9 muito simples!\u00a0<a href=\"https:\/\/www.aldo.com.br\/campanhas\/natal-em-dobro-go-green-pc\"><strong>Conhe\u00e7a todos os detalhes da campanha<\/strong><\/a>!<\/p>\n<p>E j\u00e1 que voc\u00ea vai trocar de computador, comece 2022 com tudo novo. Por isso, confira <a href=\"https:\/\/www.aldo.com.br\/categoria\/informatica\/produtos\/computador-e-nuc\"><strong>todos os produtos de inform\u00e1tica no<\/strong><\/a><strong> site da Aldo<\/strong> e renove todo o seu equipamento com a certeza de uma decis\u00e3o sustent\u00e1vel.<\/p>\n","protected":false},"excerpt":{"rendered":"<p>Troque seu computador antigo na campanha Natal em Dobro e receba 2 vouchers de R$ 100,00 para um Intel Ultratop NUC. saiba mais detalhes sobre a iniciativa.<\/p>\n","protected":false},"author":4,"featured_media":10955,"comment_status":"open","ping_status":"open","sticky":false,"template":"","format":"standard","meta":{"_glsr_average":0,"_glsr_ranking":0,"_glsr_reviews":0,"footnotes":""},"categories":[154],"tags":[217,98,1524,607,218,1525,993,1521,1293,155,1015,1523,1522],"class_list":["post-10952","post","type-post","status-publish","format-standard","has-post-thumbnail","hentry","category-tecnologia","tag-aldo-crazy-recicla","tag-campanha","tag-go-green","tag-informatica","tag-intel","tag-lixo-eletronico","tag-natal","tag-nuc","tag-processadores","tag-sustentabilidade","tag-tecnologia","tag-trade-in","tag-ultratop"],"_links":{"self":[{"href":"https:\/\/www.aldo.com.br\/blog\/wp-json\/wp\/v2\/posts\/10952","targetHints":{"allow":["GET"]}}],"collection":[{"href":"https:\/\/www.aldo.com.br\/blog\/wp-json\/wp\/v2\/posts"}],"about":[{"href":"https:\/\/www.aldo.com.br\/blog\/wp-json\/wp\/v2\/types\/post"}],"author":[{"embeddable":true,"href":"https:\/\/www.aldo.com.br\/blog\/wp-json\/wp\/v2\/users\/4"}],"replies":[{"embeddable":true,"href":"https:\/\/www.aldo.com.br\/blog\/wp-json\/wp\/v2\/comments?post=10952"}],"version-history":[{"count":5,"href":"https:\/\/www.aldo.com.br\/blog\/wp-json\/wp\/v2\/posts\/10952\/revisions"}],"predecessor-version":[{"id":13217,"href":"https:\/\/www.aldo.com.br\/blog\/wp-json\/wp\/v2\/posts\/10952\/revisions\/13217"}],"wp:featuredmedia":[{"embeddable":true,"href":"https:\/\/www.aldo.com.br\/blog\/wp-json\/wp\/v2\/media\/10955"}],"wp:attachment":[{"href":"https:\/\/www.aldo.com.br\/blog\/wp-json\/wp\/v2\/media?parent=10952"}],"wp:term":[{"taxonomy":"category","embeddable":true,"href":"https:\/\/www.aldo.com.br\/blog\/wp-json\/wp\/v2\/categories?post=10952"},{"taxonomy":"post_tag","embeddable":true,"href":"https:\/\/www.aldo.com.br\/blog\/wp-json\/wp\/v2\/tags?post=10952"}],"curies":[{"name":"wp","href":"https:\/\/api.w.org\/{rel}","templated":true}]}}